{"id":27729,"date":"2021-09-01T15:22:25","date_gmt":"2021-09-01T18:22:25","guid":{"rendered":"https:\/\/blogopara.com.br\/?p=27729"},"modified":"2021-09-01T15:22:29","modified_gmt":"2021-09-01T18:22:29","slug":"seduc-promovera-7-de-setembro-na-tela-com-concurso-virtual-entre-linhas-de-frente-de-fanfarras-escolares","status":"publish","type":"post","link":"https:\/\/blogopara.com.br\/index.php\/2021\/09\/01\/seduc-promovera-7-de-setembro-na-tela-com-concurso-virtual-entre-linhas-de-frente-de-fanfarras-escolares","title":{"rendered":"SEDUC promover\u00e1 \u201c7 de Setembro na Tela\u201d com concurso virtual entre linhas de frente de fanfarras escolares"},"content":{"rendered":"<p dir=\"ltr\" style=\"text-align: justify;\">Com o intuito de manter a tradi\u00e7\u00e3o das apresenta\u00e7\u00f5es c\u00edvicas escolares realizadas no dia 7 de setembro, data que em se comemora a Independ\u00eancia do Brasil, a Prefeitura de Juazeiro, atrav\u00e9s da Secretaria de Educa\u00e7\u00e3o e Juventude (Seduc), ir\u00e1 realizar o evento virtual\u00a0 \u201c7 de Setembro na Tela\u201d. O evento corresponde a um concurso entre as categorias que comp\u00f5em a linha de frente das fanfarras escolares e poder\u00e1 ser acompanhado atrav\u00e9s do canal Seduc Juazeiro-BA, no YouTube.<\/p>\n<p dir=\"ltr\" style=\"text-align: justify;\">A participa\u00e7\u00e3o das fanfarras se deu de forma volunt\u00e1ria e quatro fanfarras escolares da Rede Municipal se apresentar\u00e3o e concorrer\u00e3o nas categorias: mor, balizadores, cartel, pelot\u00f5es c\u00edvico e coreogr\u00e1fico, e regente.\u00a0 A programa\u00e7\u00e3o poder\u00e1 ser acompanhada no dia 7 de setembro, atrav\u00e9s do canal Seduc Juazeiro-BA (<a id=\"LPlnk559713\" href=\"https:\/\/www.youtube.com\/seducjuazeiroba\" target=\"_blank\" rel=\"noopener noreferrer\" data-auth=\"NotApplicable\" data-linkindex=\"0\">https:\/\/www.youtube.com\/seducjuazeiroba<\/a><\/p>\n<div id=\"LPBorder_GTaHR0cHM6Ly93d3cueW91dHViZS5jb20vc2VkdWNqdWF6ZWlyb2Jh\" class=\"LPBorder745444\" style=\"text-align: justify;\">\n<table id=\"LPContainer745444\" role=\"presentation\">\n<tbody>\n<tr valign=\"top\">\n<td>\n<div id=\"LPImageContainer745444\"><a id=\"LPImageAnchor745444\" href=\"https:\/\/www.youtube.com\/seducjuazeiroba\" target=\"_blank\" rel=\"noopener\"><img loading=\"lazy\" decoding=\"async\" id=\"LPThumbnailImageId745444\" src=\"https:\/\/yt3.ggpht.com\/ytc\/AKedOLSMzxF_G1nQ9K1559wAll_QLipUdGzl2ur-j9ga=s900-c-k-c0x00ffffff-no-rj\" alt=\"\" width=\"160\" height=\"160\" \/><\/a><\/div>\n<\/td>\n<td>\n<div id=\"LPTitle745444\"><a id=\"LPUrlAnchor745444\" href=\"https:\/\/www.youtube.com\/seducjuazeiroba\" target=\"_blank\" rel=\"noopener\">SEDUC Juazeiro-BA &#8211; YouTube<\/a><\/div>\n<div id=\"LPDescription745444\">Share your videos with friends, family, and the world<\/div>\n<div id=\"LPMetadata745444\">www.youtube.com<\/div>\n<\/td>\n<\/tr>\n<\/tbody>\n<\/table>\n<\/div>\n<p dir=\"ltr\" style=\"text-align: justify;\">), a partir das 9h. As vota\u00e7\u00f5es poder\u00e3o ser realizadas das 10h do dia 07 de setembro \u00e0s 10h do dia 09, por meio de um formul\u00e1rio online com link dispon\u00edvel no chat do canal Seduc Juazeiro-BA e nas redes sociais da Prefeitura de Juazeiro (@prefeituradejuazeiro).<\/p>\n<p dir=\"ltr\" style=\"text-align: justify;\">Participam do concurso as Escolas Municipais Professora Terezinha Ferreira de Oliveira, Professora Iracy Nunes da Silva, 2 de Julho e Paulo VI. O evento tamb\u00e9m ter\u00e1\u00a0 participa\u00e7\u00f5es especiais das fanfarras convidadas da Escola Municipal Promenor, Funda\u00e7\u00e3o Lar Feliz e Escola Professor Sim\u00e3o Amorim Durando, de Petrolina (PE).<\/p>\n<p dir=\"ltr\" style=\"text-align: justify;\">\u201cEssa \u00e9 uma forma simb\u00f3lica de mantermos a tradi\u00e7\u00e3o dos desfiles escolares, mesmo em tempos de pandemia, e de resgate da tradi\u00e7\u00e3o do movimento de fanfarras no munic\u00edpio. Convidamos todos a prestigiarem esse evento virtual que est\u00e1 sendo preparado com muito carinho\u201d, destacou a secret\u00e1ria de Educa\u00e7\u00e3o e Juventude, Normeide Almeida.<\/p>\n<p dir=\"ltr\" style=\"text-align: justify;\">A entrega dos trof\u00e9us aos vencedores de cada categoria ser\u00e1 realizada em\u00a0 uma cerim\u00f4nia de premia\u00e7\u00e3o, que ser\u00e1 divulgada ap\u00f3s a contabiliza\u00e7\u00e3o dos votos.<\/p>\n","protected":false},"excerpt":{"rendered":"<p>Com o intuito de manter a tradi\u00e7\u00e3o das apresenta\u00e7\u00f5es c\u00edvicas escolares realizadas no dia 7 de setembro, data que em se comemora a Independ\u00eancia do Brasil, a Prefeitura de Juazeiro, atrav\u00e9s da Secretaria de Educa\u00e7\u00e3o e Juventude (Seduc), ir\u00e1 realizar o evento virtual\u00a0 \u201c7 de Setembro na Tela\u201d. O evento corresponde a um concurso entre [&hellip;]<\/p>\n","protected":false},"author":1,"featured_media":27730,"comment_status":"closed","ping_status":"open","sticky":false,"template":"","format":"standard","meta":{"_uag_custom_page_level_css":"","_monsterinsights_skip_tracking":false,"_monsterinsights_sitenote_active":false,"_monsterinsights_sitenote_note":"","_monsterinsights_sitenote_category":0,"jetpack_post_was_ever_published":false,"_jetpack_newsletter_access":"","_jetpack_dont_email_post_to_subs":false,"_jetpack_newsletter_tier_id":0,"_jetpack_memberships_contains_paywalled_content":false,"_jetpack_memberships_contains_paid_content":false,"footnotes":"","jetpack_publicize_message":"","jetpack_publicize_feature_enabled":true,"jetpack_social_post_already_shared":true,"jetpack_social_options":{"image_generator_settings":{"template":"highway","default_image_id":0,"font":"","enabled":false},"version":2}},"categories":[209],"tags":[],"class_list":["post-27729","post","type-post","status-publish","format-standard","has-post-thumbnail","hentry","category-educacao"],"jetpack_publicize_connections":[],"jetpack_featured_media_url":"https:\/\/blogopara.com.br\/wp-content\/uploads\/2021\/09\/thumbnail_Card-7-de-Setembro-na-Tela.jpg","uagb_featured_image_src":{"full":["https:\/\/blogopara.com.br\/wp-content\/uploads\/2021\/09\/thumbnail_Card-7-de-Setembro-na-Tela.jpg",500,500,false],"thumbnail":["https:\/\/blogopara.com.br\/wp-content\/uploads\/2021\/09\/thumbnail_Card-7-de-Setembro-na-Tela-150x150.jpg",150,150,true],"medium":["https:\/\/blogopara.com.br\/wp-content\/uploads\/2021\/09\/thumbnail_Card-7-de-Setembro-na-Tela-300x300.jpg",300,300,true],"medium_large":["https:\/\/blogopara.com.br\/wp-content\/uploads\/2021\/09\/thumbnail_Card-7-de-Setembro-na-Tela.jpg",500,500,false],"large":["https:\/\/blogopara.com.br\/wp-content\/uploads\/2021\/09\/thumbnail_Card-7-de-Setembro-na-Tela.jpg",500,500,false],"1536x1536":["https:\/\/blogopara.com.br\/wp-content\/uploads\/2021\/09\/thumbnail_Card-7-de-Setembro-na-Tela.jpg",500,500,false],"2048x2048":["https:\/\/blogopara.com.br\/wp-content\/uploads\/2021\/09\/thumbnail_Card-7-de-Setembro-na-Tela.jpg",500,500,false],"mantranews-slider-large":["https:\/\/blogopara.com.br\/wp-content\/uploads\/2021\/09\/thumbnail_Card-7-de-Setembro-na-Tela.jpg",500,500,false],"mantranews-featured-medium":["https:\/\/blogopara.com.br\/wp-content\/uploads\/2021\/09\/thumbnail_Card-7-de-Setembro-na-Tela-420x307.jpg",420,307,true],"mantranews-featured-long":["https:\/\/blogopara.com.br\/wp-content\/uploads\/2021\/09\/thumbnail_Card-7-de-Setembro-na-Tela-300x443.jpg",300,443,true],"mantranews-block-medium":["https:\/\/blogopara.com.br\/wp-content\/uploads\/2021\/09\/thumbnail_Card-7-de-Setembro-na-Tela-464x290.jpg",464,290,true],"mantranews-carousel-image":["https:\/\/blogopara.com.br\/wp-content\/uploads\/2021\/09\/thumbnail_Card-7-de-Setembro-na-Tela.jpg",500,500,false],"mantranews-block-thumb":["https:\/\/blogopara.com.br\/wp-content\/uploads\/2021\/09\/thumbnail_Card-7-de-Setembro-na-Tela-322x230.jpg",322,230,true],"mantranews-single-large":["https:\/\/blogopara.com.br\/wp-content\/uploads\/2021\/09\/thumbnail_Card-7-de-Setembro-na-Tela.jpg",500,500,false]},"uagb_author_info":{"display_name":"Reda\u00e7\u00e3o geral","author_link":"https:\/\/blogopara.com.br\/index.php\/author\/blogopara"},"uagb_comment_info":0,"uagb_excerpt":"Com o intuito de manter a tradi\u00e7\u00e3o das apresenta\u00e7\u00f5es c\u00edvicas escolares realizadas no dia 7 de setembro, data que em se comemora a Independ\u00eancia do Brasil, a Prefeitura de Juazeiro, atrav\u00e9s da Secretaria de Educa\u00e7\u00e3o e Juventude (Seduc), ir\u00e1 realizar o evento virtual\u00a0 \u201c7 de Setembro na Tela\u201d. O evento corresponde a um concurso entre&hellip;","jetpack_sharing_enabled":true,"jetpack_likes_enabled":true,"_links":{"self":[{"href":"https:\/\/blogopara.com.br\/index.php\/wp-json\/wp\/v2\/posts\/27729","targetHints":{"allow":["GET"]}}],"collection":[{"href":"https:\/\/blogopara.com.br\/index.php\/wp-json\/wp\/v2\/posts"}],"about":[{"href":"https:\/\/blogopara.com.br\/index.php\/wp-json\/wp\/v2\/types\/post"}],"author":[{"embeddable":true,"href":"https:\/\/blogopara.com.br\/index.php\/wp-json\/wp\/v2\/users\/1"}],"replies":[{"embeddable":true,"href":"https:\/\/blogopara.com.br\/index.php\/wp-json\/wp\/v2\/comments?post=27729"}],"version-history":[{"count":1,"href":"https:\/\/blogopara.com.br\/index.php\/wp-json\/wp\/v2\/posts\/27729\/revisions"}],"predecessor-version":[{"id":27731,"href":"https:\/\/blogopara.com.br\/index.php\/wp-json\/wp\/v2\/posts\/27729\/revisions\/27731"}],"wp:featuredmedia":[{"embeddable":true,"href":"https:\/\/blogopara.com.br\/index.php\/wp-json\/wp\/v2\/media\/27730"}],"wp:attachment":[{"href":"https:\/\/blogopara.com.br\/index.php\/wp-json\/wp\/v2\/media?parent=27729"}],"wp:term":[{"taxonomy":"category","embeddable":true,"href":"https:\/\/blogopara.com.br\/index.php\/wp-json\/wp\/v2\/categories?post=27729"},{"taxonomy":"post_tag","embeddable":true,"href":"https:\/\/blogopara.com.br\/index.php\/wp-json\/wp\/v2\/tags?post=27729"}],"curies":[{"name":"wp","href":"https:\/\/api.w.org\/{rel}","templated":true}]}}