{"id":27890,"date":"2021-09-06T10:23:00","date_gmt":"2021-09-06T13:23:00","guid":{"rendered":"https:\/\/blogopara.com.br\/?p=27890"},"modified":"2021-09-06T09:01:33","modified_gmt":"2021-09-06T12:01:33","slug":"duas-pessoas-ficam-feridas-e-uma-morrevitimas-de-arma-de-fogo-no-bairro-dom-avelar-em-petrolina","status":"publish","type":"post","link":"https:\/\/blogopara.com.br\/index.php\/2021\/09\/06\/duas-pessoas-ficam-feridas-e-uma-morrevitimas-de-arma-de-fogo-no-bairro-dom-avelar-em-petrolina","title":{"rendered":"Duas pessoas ficam feridas e uma morre,v\u00edtimas de arma de fogo, no bairro Dom Avelar em Petrolina"},"content":{"rendered":"<p style=\"text-align: justify;\">Na noite desse domingo (05), um homem foi morto e outros dois foram baleados , na rua castiria no bairro Dom Avelar, em Petrolina-Pe.<\/p>\n<p style=\"text-align: justify;\">De acordo com informa\u00e7\u00f5es, dois rapazes\u00a0 estavam em frente a um espetinho, no bairro,\u00a0 e homens armados chegaram atirando, um deles morreu no local o outro irm\u00e3o foi socorrido para o Hospital de Traumas com vida. A tecera v\u00edtima estava saindo de sua resid\u00eancia com o seu ve\u00edculo e foi atingido por um disparo na regi\u00e3o da cabe\u00e7a, o mesmo tamb\u00e9m foi socorrido para o Hospital Universit\u00e1rio.<\/p>\n<p style=\"text-align: justify;\">At\u00e9 o momento n\u00e3o h\u00e1 informa\u00e7\u00f5es sobre o estado de sa\u00fade das duas v\u00edtimas, o homem que evoluiu a \u00f3bito \u00e9 conhecido como Diogo. A pol\u00edcia foi at\u00e9 o local e isolou a \u00e1rea at\u00e9 a chegada da equipe do IML, para remo\u00e7\u00e3o do corpo e realiza\u00e7\u00e3o de procedimentos necess\u00e1rios pelo Instituto. O\u00a0 caso segue em investiga\u00e7\u00e3o.<\/p>\n\n\n<p><\/p>\n","protected":false},"excerpt":{"rendered":"<p>Na noite desse domingo (05), um homem foi morto e outros dois foram baleados , na rua castiria no bairro Dom Avelar, em Petrolina-Pe. De acordo com informa\u00e7\u00f5es, dois rapazes\u00a0 estavam em frente a um espetinho, no bairro,\u00a0 e homens armados chegaram atirando, um deles morreu no local o outro irm\u00e3o foi socorrido para o [&hellip;]<\/p>\n","protected":false},"author":1,"featured_media":24959,"comment_status":"closed","ping_status":"open","sticky":false,"template":"","format":"standard","meta":{"_uag_custom_page_level_css":"","_monsterinsights_skip_tracking":false,"_monsterinsights_sitenote_active":false,"_monsterinsights_sitenote_note":"","_monsterinsights_sitenote_category":0,"jetpack_post_was_ever_published":false,"_jetpack_newsletter_access":"","_jetpack_dont_email_post_to_subs":false,"_jetpack_newsletter_tier_id":0,"_jetpack_memberships_contains_paywalled_content":false,"_jetpack_memberships_contains_paid_content":false,"footnotes":"","jetpack_publicize_message":"","jetpack_publicize_feature_enabled":true,"jetpack_social_post_already_shared":true,"jetpack_social_options":{"image_generator_settings":{"template":"highway","default_image_id":0,"font":"","enabled":false},"version":2}},"categories":[851,202],"tags":[261,1290,5131,2478],"class_list":["post-27890","post","type-post","status-publish","format-standard","has-post-thumbnail","hentry","category-petrolina","category-policia","tag-arma-de-fogo","tag-morte","tag-pessoas-feridas","tag-petrolina-pe"],"jetpack_publicize_connections":[],"jetpack_featured_media_url":"https:\/\/blogopara.com.br\/wp-content\/uploads\/2021\/06\/tiro-arma-pistola-1-e1586405588501-696x385-1.jpg","uagb_featured_image_src":{"full":["https:\/\/blogopara.com.br\/wp-content\/uploads\/2021\/06\/tiro-arma-pistola-1-e1586405588501-696x385-1.jpg",500,276,false],"thumbnail":["https:\/\/blogopara.com.br\/wp-content\/uploads\/2021\/06\/tiro-arma-pistola-1-e1586405588501-696x385-1-150x150.jpg",150,150,true],"medium":["https:\/\/blogopara.com.br\/wp-content\/uploads\/2021\/06\/tiro-arma-pistola-1-e1586405588501-696x385-1-300x166.jpg",300,166,true],"medium_large":["https:\/\/blogopara.com.br\/wp-content\/uploads\/2021\/06\/tiro-arma-pistola-1-e1586405588501-696x385-1.jpg",500,276,false],"large":["https:\/\/blogopara.com.br\/wp-content\/uploads\/2021\/06\/tiro-arma-pistola-1-e1586405588501-696x385-1.jpg",500,276,false],"1536x1536":["https:\/\/blogopara.com.br\/wp-content\/uploads\/2021\/06\/tiro-arma-pistola-1-e1586405588501-696x385-1.jpg",500,276,false],"2048x2048":["https:\/\/blogopara.com.br\/wp-content\/uploads\/2021\/06\/tiro-arma-pistola-1-e1586405588501-696x385-1.jpg",500,276,false],"mantranews-slider-large":["https:\/\/blogopara.com.br\/wp-content\/uploads\/2021\/06\/tiro-arma-pistola-1-e1586405588501-696x385-1.jpg",500,276,false],"mantranews-featured-medium":["https:\/\/blogopara.com.br\/wp-content\/uploads\/2021\/06\/tiro-arma-pistola-1-e1586405588501-696x385-1-420x276.jpg",420,276,true],"mantranews-featured-long":["https:\/\/blogopara.com.br\/wp-content\/uploads\/2021\/06\/tiro-arma-pistola-1-e1586405588501-696x385-1-300x276.jpg",300,276,true],"mantranews-block-medium":["https:\/\/blogopara.com.br\/wp-content\/uploads\/2021\/06\/tiro-arma-pistola-1-e1586405588501-696x385-1-464x276.jpg",464,276,true],"mantranews-carousel-image":["https:\/\/blogopara.com.br\/wp-content\/uploads\/2021\/06\/tiro-arma-pistola-1-e1586405588501-696x385-1.jpg",500,276,false],"mantranews-block-thumb":["https:\/\/blogopara.com.br\/wp-content\/uploads\/2021\/06\/tiro-arma-pistola-1-e1586405588501-696x385-1-322x230.jpg",322,230,true],"mantranews-single-large":["https:\/\/blogopara.com.br\/wp-content\/uploads\/2021\/06\/tiro-arma-pistola-1-e1586405588501-696x385-1.jpg",500,276,false]},"uagb_author_info":{"display_name":"Reda\u00e7\u00e3o geral","author_link":"https:\/\/blogopara.com.br\/index.php\/author\/blogopara"},"uagb_comment_info":0,"uagb_excerpt":"Na noite desse domingo (05), um homem foi morto e outros dois foram baleados , na rua castiria no bairro Dom Avelar, em Petrolina-Pe. De acordo com informa\u00e7\u00f5es, dois rapazes\u00a0 estavam em frente a um espetinho, no bairro,\u00a0 e homens armados chegaram atirando, um deles morreu no local o outro irm\u00e3o foi socorrido para o&hellip;","jetpack_sharing_enabled":true,"jetpack_likes_enabled":true,"_links":{"self":[{"href":"https:\/\/blogopara.com.br\/index.php\/wp-json\/wp\/v2\/posts\/27890","targetHints":{"allow":["GET"]}}],"collection":[{"href":"https:\/\/blogopara.com.br\/index.php\/wp-json\/wp\/v2\/posts"}],"about":[{"href":"https:\/\/blogopara.com.br\/index.php\/wp-json\/wp\/v2\/types\/post"}],"author":[{"embeddable":true,"href":"https:\/\/blogopara.com.br\/index.php\/wp-json\/wp\/v2\/users\/1"}],"replies":[{"embeddable":true,"href":"https:\/\/blogopara.com.br\/index.php\/wp-json\/wp\/v2\/comments?post=27890"}],"version-history":[{"count":1,"href":"https:\/\/blogopara.com.br\/index.php\/wp-json\/wp\/v2\/posts\/27890\/revisions"}],"predecessor-version":[{"id":27891,"href":"https:\/\/blogopara.com.br\/index.php\/wp-json\/wp\/v2\/posts\/27890\/revisions\/27891"}],"wp:featuredmedia":[{"embeddable":true,"href":"https:\/\/blogopara.com.br\/index.php\/wp-json\/wp\/v2\/media\/24959"}],"wp:attachment":[{"href":"https:\/\/blogopara.com.br\/index.php\/wp-json\/wp\/v2\/media?parent=27890"}],"wp:term":[{"taxonomy":"category","embeddable":true,"href":"https:\/\/blogopara.com.br\/index.php\/wp-json\/wp\/v2\/categories?post=27890"},{"taxonomy":"post_tag","embeddable":true,"href":"https:\/\/blogopara.com.br\/index.php\/wp-json\/wp\/v2\/tags?post=27890"}],"curies":[{"name":"wp","href":"https:\/\/api.w.org\/{rel}","templated":true}]}}