{"id":28198,"date":"2021-09-15T11:49:00","date_gmt":"2021-09-15T14:49:00","guid":{"rendered":"https:\/\/blogopara.com.br\/?p=28198"},"modified":"2021-09-15T08:59:20","modified_gmt":"2021-09-15T11:59:20","slug":"prefeitura-de-juazeiro-empossa-novos-membros-do-conselho-de-alimentacao-escolar","status":"publish","type":"post","link":"https:\/\/blogopara.com.br\/index.php\/2021\/09\/15\/prefeitura-de-juazeiro-empossa-novos-membros-do-conselho-de-alimentacao-escolar","title":{"rendered":"Prefeitura de Juazeiro empossa novos membros do Conselho de Alimenta\u00e7\u00e3o Escolar"},"content":{"rendered":"<p style=\"text-align: justify;\">Em reuni\u00e3o, nesta ter\u00e7a-feira (14), a Prefeitura de Juazeiro empossou os novos membros do Conselho de Alimenta\u00e7\u00e3o Escolar (CAE). A reuni\u00e3o contou com a participa\u00e7\u00e3o da assessora Interinstitucional da Casa dos Conselhos, Clarice Ferrari, e da secret\u00e1ria de Educa\u00e7\u00e3o e Juventude do munic\u00edpio, Normeide Almeida, al\u00e9m de conselheiros e suplentes.<\/p>\n<p>Com representa\u00e7\u00e3o da sociedade civil e do poder p\u00fablico, o CAE tem como objetivo zelar por uma alimenta\u00e7\u00e3o escolar adequada e saud\u00e1vel para os estudantes do munic\u00edpio. \u201cEstou aqui, em nome da prefeita Suzana Ramos, para empossar esse Conselho que \u00e9 extremamente importante, porque zela pela qualidade de vida dos nossos estudantes. \u00c9 tamb\u00e9m uma felicidade estar diante de um Conselho majoritariamente formado por membros da sociedade civil, pois n\u00f3s s\u00f3 caminhamos quando ouvimos a popula\u00e7\u00e3o\u201d, disse a assessora da Casa dos Conselhos, Clarice Ferrari.<\/p>\n<p>Durante a solenidade, a secret\u00e1ria de Educa\u00e7\u00e3o e Juventude, Normeide Almeida, tamb\u00e9m falou sobre a import\u00e2ncia do colegiado e da coopera\u00e7\u00e3o entre poder p\u00fablico e sociedade civil. \u201cN\u00f3s estamos trabalhando para oferecer um atendimento cada vez melhor aos nossos estudantes e sabemos que, muitas vezes, a alimenta\u00e7\u00e3o escolar \u00e9 a \u00fanica refei\u00e7\u00e3o que eles ter\u00e3o no dia. Ent\u00e3o, pe\u00e7o a voc\u00eas que possamos trabalhar juntos na constru\u00e7\u00e3o de um card\u00e1pio que atenda \u00e0s necessidades desses estudantes, incluindo uma variedade de frutas, legumes, carnes, iogurtes e frutas que j\u00e1 inclu\u00edmos em nosso or\u00e7amento\u201d, destacou Normeide.<\/p>\n<p><b>Mesa Diretora<\/b><\/p>\n<p>Durante a posse, tamb\u00e9m foi eleita a nova mesa diretora do Conselho para o quadri\u00eanio 2021-2025. A nova presidente do CAE, Maria Auxiliadora Concei\u00e7\u00e3o Fernandes, destacou que retornar ao Conselho \u00e9 desafiador, inclusive devido \u00e0 pandemia, mas pontuou boas expectativas \u00a0para o quadri\u00eanio.<\/p>\n<p>&#8220;A minha expectativa \u00e9 que a gente possa contribuir com a melhoria da alimenta\u00e7\u00e3o escolar das nossas crian\u00e7as. Estamos vendo muitos desafios e expectativas, \u00e9 um governo novo e um momento novo. A gente quer entender como vai ficar e como poderemos contribuir com melhorias para um novo card\u00e1pio&#8221;, finalizou a nova presidente do CAE.<\/p>\n<p>Al\u00e9m da presidente, tamb\u00e9m foram eleitos, entre os titulares, a vice-presidente, Islane Alves Hip\u00f3lito Marcelino (representantes dos pais de alunos), e o secret\u00e1rio-executivo Halisson Almeida Ferreira (representante do Sindicato dos Servidores P\u00fablicos Municipais de Juazeiro &#8211; Sinserp).<\/p>\n<div style=\"text-align: justify;\"><\/div>\n<div style=\"text-align: justify;\">Seduc\/PMJ<\/div>\n<div style=\"text-align: justify;\">Sedes\/PMJ<\/div>\n<div style=\"text-align: justify;\"><\/div>\n<div><br clear=\"all\" \/><\/p>\n<div>\n<div dir=\"ltr\" data-smartmail=\"gmail_signature\">\n<div dir=\"ltr\">\n<div style=\"text-align: justify;\"><\/div>\n<\/div>\n<\/div>\n<\/div>\n<\/div>\n","protected":false},"excerpt":{"rendered":"<p>Em reuni\u00e3o, nesta ter\u00e7a-feira (14), a Prefeitura de Juazeiro empossou os novos membros do Conselho de Alimenta\u00e7\u00e3o Escolar (CAE). A reuni\u00e3o contou com a participa\u00e7\u00e3o da assessora Interinstitucional da Casa dos Conselhos, Clarice Ferrari, e da secret\u00e1ria de Educa\u00e7\u00e3o e Juventude do munic\u00edpio, Normeide Almeida, al\u00e9m de conselheiros e suplentes. Com representa\u00e7\u00e3o da sociedade civil [&hellip;]<\/p>\n","protected":false},"author":1,"featured_media":28199,"comment_status":"closed","ping_status":"open","sticky":false,"template":"","format":"standard","meta":{"_uag_custom_page_level_css":"","_monsterinsights_skip_tracking":false,"_monsterinsights_sitenote_active":false,"_monsterinsights_sitenote_note":"","_monsterinsights_sitenote_category":0,"jetpack_post_was_ever_published":false,"_jetpack_newsletter_access":"","_jetpack_dont_email_post_to_subs":false,"_jetpack_newsletter_tier_id":0,"_jetpack_memberships_contains_paywalled_content":false,"_jetpack_memberships_contains_paid_content":false,"footnotes":"","jetpack_publicize_message":"","jetpack_publicize_feature_enabled":true,"jetpack_social_post_already_shared":true,"jetpack_social_options":{"image_generator_settings":{"template":"highway","default_image_id":0,"font":"","enabled":false},"version":2}},"categories":[203],"tags":[5282,5281,4302,340],"class_list":["post-28198","post","type-post","status-publish","format-standard","has-post-thumbnail","hentry","category-juazeiro","tag-conselho-de-alimentacao-escolar","tag-empossa","tag-novos-membros","tag-prefeitura-de-juazeiro"],"jetpack_publicize_connections":[],"jetpack_featured_media_url":"https:\/\/blogopara.com.br\/wp-content\/uploads\/2021\/09\/CAE1-1.jpeg","uagb_featured_image_src":{"full":["https:\/\/blogopara.com.br\/wp-content\/uploads\/2021\/09\/CAE1-1.jpeg",500,375,false],"thumbnail":["https:\/\/blogopara.com.br\/wp-content\/uploads\/2021\/09\/CAE1-1-150x150.jpeg",150,150,true],"medium":["https:\/\/blogopara.com.br\/wp-content\/uploads\/2021\/09\/CAE1-1-300x225.jpeg",300,225,true],"medium_large":["https:\/\/blogopara.com.br\/wp-content\/uploads\/2021\/09\/CAE1-1.jpeg",500,375,false],"large":["https:\/\/blogopara.com.br\/wp-content\/uploads\/2021\/09\/CAE1-1.jpeg",500,375,false],"1536x1536":["https:\/\/blogopara.com.br\/wp-content\/uploads\/2021\/09\/CAE1-1.jpeg",500,375,false],"2048x2048":["https:\/\/blogopara.com.br\/wp-content\/uploads\/2021\/09\/CAE1-1.jpeg",500,375,false],"mantranews-slider-large":["https:\/\/blogopara.com.br\/wp-content\/uploads\/2021\/09\/CAE1-1.jpeg",500,375,false],"mantranews-featured-medium":["https:\/\/blogopara.com.br\/wp-content\/uploads\/2021\/09\/CAE1-1-420x307.jpeg",420,307,true],"mantranews-featured-long":["https:\/\/blogopara.com.br\/wp-content\/uploads\/2021\/09\/CAE1-1-300x375.jpeg",300,375,true],"mantranews-block-medium":["https:\/\/blogopara.com.br\/wp-content\/uploads\/2021\/09\/CAE1-1-464x290.jpeg",464,290,true],"mantranews-carousel-image":["https:\/\/blogopara.com.br\/wp-content\/uploads\/2021\/09\/CAE1-1.jpeg",500,375,false],"mantranews-block-thumb":["https:\/\/blogopara.com.br\/wp-content\/uploads\/2021\/09\/CAE1-1-322x230.jpeg",322,230,true],"mantranews-single-large":["https:\/\/blogopara.com.br\/wp-content\/uploads\/2021\/09\/CAE1-1.jpeg",500,375,false]},"uagb_author_info":{"display_name":"Reda\u00e7\u00e3o geral","author_link":"https:\/\/blogopara.com.br\/index.php\/author\/blogopara"},"uagb_comment_info":0,"uagb_excerpt":"Em reuni\u00e3o, nesta ter\u00e7a-feira (14), a Prefeitura de Juazeiro empossou os novos membros do Conselho de Alimenta\u00e7\u00e3o Escolar (CAE). A reuni\u00e3o contou com a participa\u00e7\u00e3o da assessora Interinstitucional da Casa dos Conselhos, Clarice Ferrari, e da secret\u00e1ria de Educa\u00e7\u00e3o e Juventude do munic\u00edpio, Normeide Almeida, al\u00e9m de conselheiros e suplentes. Com representa\u00e7\u00e3o da sociedade civil&hellip;","jetpack_sharing_enabled":true,"jetpack_likes_enabled":true,"_links":{"self":[{"href":"https:\/\/blogopara.com.br\/index.php\/wp-json\/wp\/v2\/posts\/28198","targetHints":{"allow":["GET"]}}],"collection":[{"href":"https:\/\/blogopara.com.br\/index.php\/wp-json\/wp\/v2\/posts"}],"about":[{"href":"https:\/\/blogopara.com.br\/index.php\/wp-json\/wp\/v2\/types\/post"}],"author":[{"embeddable":true,"href":"https:\/\/blogopara.com.br\/index.php\/wp-json\/wp\/v2\/users\/1"}],"replies":[{"embeddable":true,"href":"https:\/\/blogopara.com.br\/index.php\/wp-json\/wp\/v2\/comments?post=28198"}],"version-history":[{"count":1,"href":"https:\/\/blogopara.com.br\/index.php\/wp-json\/wp\/v2\/posts\/28198\/revisions"}],"predecessor-version":[{"id":28200,"href":"https:\/\/blogopara.com.br\/index.php\/wp-json\/wp\/v2\/posts\/28198\/revisions\/28200"}],"wp:featuredmedia":[{"embeddable":true,"href":"https:\/\/blogopara.com.br\/index.php\/wp-json\/wp\/v2\/media\/28199"}],"wp:attachment":[{"href":"https:\/\/blogopara.com.br\/index.php\/wp-json\/wp\/v2\/media?parent=28198"}],"wp:term":[{"taxonomy":"category","embeddable":true,"href":"https:\/\/blogopara.com.br\/index.php\/wp-json\/wp\/v2\/categories?post=28198"},{"taxonomy":"post_tag","embeddable":true,"href":"https:\/\/blogopara.com.br\/index.php\/wp-json\/wp\/v2\/tags?post=28198"}],"curies":[{"name":"wp","href":"https:\/\/api.w.org\/{rel}","templated":true}]}}