{"id":2826,"date":"2019-08-30T07:49:59","date_gmt":"2019-08-30T10:49:59","guid":{"rendered":"http:\/\/blogopara.com.br\/?p=2826"},"modified":"2019-08-30T07:50:01","modified_gmt":"2019-08-30T10:50:01","slug":"bahia-registra-mais-de-31-mil-focos-de-incendio-no-ano-oeste-e-regiao-com-mais-casos","status":"publish","type":"post","link":"https:\/\/blogopara.com.br\/index.php\/2019\/08\/30\/bahia-registra-mais-de-31-mil-focos-de-incendio-no-ano-oeste-e-regiao-com-mais-casos","title":{"rendered":"Bahia registra mais de 31 mil focos de inc\u00eandio no ano; Oeste \u00e9 regi\u00e3o com mais casos"},"content":{"rendered":"<p style=\"text-align: justify;\">Um total de 31.877 focos de inc\u00eandio foi registrado na Bahia entre 1\u00b0 de janeiro e esta segunda-feira (26). O n\u00famero \u00e9 41,7% do registrado em 2018, que finalizou com 76.264 focos. A maioria dos registros vem do Oeste do estado. Segundo o Correio, os dados s\u00e3o do Programa Queimadas, do Instituto Nacional de Pesquisas Espaciais (Inpe), ligado ao Minist\u00e9rio da Ci\u00eancia e Tecnologia. Focos de inc\u00eandio n\u00e3o s\u00e3o exatamente queimadas. Estas t\u00eam efeitos maiores.<\/p>\n<p style=\"text-align: justify;\">Al\u00e9m do Oeste, as queimadas tamb\u00e9m s\u00e3o presentes na Chapada Diamantina, onde os registros ocorrem mais no ver\u00e3o. No dia 21 de agosto, os sat\u00e9lites do Inpe detectaram 392 focos na Bahia de um total de 1.181 focos em outros biomas do territ\u00f3rio nacional. Na Bahia, os focos ocorreram em Formosa do Rio Preto (14 focos), Riach\u00e3o das Neves (5), S\u00e3o Desid\u00e9rio (3), Coribe (3), Buritirama (2), Cocos (2), Sebasti\u00e3o Laranjeiras (2) e Catol\u00e2ndia (1).<\/p>\n<pre>Fonte: Bahia Not\u00edcias<\/pre>\n","protected":false},"excerpt":{"rendered":"<p>Um total de 31.877 focos de inc\u00eandio foi registrado na Bahia entre 1\u00b0 de janeiro e esta segunda-feira (26). O n\u00famero \u00e9 41,7% do registrado em 2018, que finalizou com 76.264 focos. A maioria dos registros vem do Oeste do estado. Segundo o Correio, os dados s\u00e3o do Programa Queimadas, do Instituto Nacional de Pesquisas [&hellip;]<\/p>\n","protected":false},"author":1,"featured_media":2763,"comment_status":"open","ping_status":"open","sticky":false,"template":"","format":"standard","meta":{"_uag_custom_page_level_css":"","_monsterinsights_skip_tracking":false,"_monsterinsights_sitenote_active":false,"_monsterinsights_sitenote_note":"","_monsterinsights_sitenote_category":0,"jetpack_post_was_ever_published":false,"_jetpack_newsletter_access":"","_jetpack_dont_email_post_to_subs":false,"_jetpack_newsletter_tier_id":0,"_jetpack_memberships_contains_paywalled_content":false,"_jetpack_memberships_contains_paid_content":false,"footnotes":"","jetpack_publicize_message":"","jetpack_publicize_feature_enabled":true,"jetpack_social_post_already_shared":false,"jetpack_social_options":{"image_generator_settings":{"template":"highway","default_image_id":0,"font":"","enabled":false},"version":2}},"categories":[201],"tags":[11,136,685],"class_list":["post-2826","post","type-post","status-publish","format-standard","has-post-thumbnail","hentry","category-bombeiro","tag-bahia","tag-corpo-de-bombeiros","tag-incendio-florestal"],"jetpack_publicize_connections":[],"jetpack_featured_media_url":"https:\/\/blogopara.com.br\/wp-content\/uploads\/2019\/08\/flores.jpg","uagb_featured_image_src":{"full":["https:\/\/blogopara.com.br\/wp-content\/uploads\/2019\/08\/flores.jpg",400,525,false],"thumbnail":["https:\/\/blogopara.com.br\/wp-content\/uploads\/2019\/08\/flores-150x150.jpg",150,150,true],"medium":["https:\/\/blogopara.com.br\/wp-content\/uploads\/2019\/08\/flores-229x300.jpg",229,300,true],"medium_large":["https:\/\/blogopara.com.br\/wp-content\/uploads\/2019\/08\/flores.jpg",400,525,false],"large":["https:\/\/blogopara.com.br\/wp-content\/uploads\/2019\/08\/flores.jpg",400,525,false],"1536x1536":["https:\/\/blogopara.com.br\/wp-content\/uploads\/2019\/08\/flores.jpg",400,525,false],"2048x2048":["https:\/\/blogopara.com.br\/wp-content\/uploads\/2019\/08\/flores.jpg",400,525,false],"mantranews-slider-large":["https:\/\/blogopara.com.br\/wp-content\/uploads\/2019\/08\/flores.jpg",400,525,false],"mantranews-featured-medium":["https:\/\/blogopara.com.br\/wp-content\/uploads\/2019\/08\/flores.jpg",234,307,false],"mantranews-featured-long":["https:\/\/blogopara.com.br\/wp-content\/uploads\/2019\/08\/flores.jpg",300,394,false],"mantranews-block-medium":["https:\/\/blogopara.com.br\/wp-content\/uploads\/2019\/08\/flores.jpg",221,290,false],"mantranews-carousel-image":["https:\/\/blogopara.com.br\/wp-content\/uploads\/2019\/08\/flores.jpg",381,500,false],"mantranews-block-thumb":["https:\/\/blogopara.com.br\/wp-content\/uploads\/2019\/08\/flores.jpg",175,230,false],"mantranews-single-large":["https:\/\/blogopara.com.br\/wp-content\/uploads\/2019\/08\/flores.jpg",400,525,false]},"uagb_author_info":{"display_name":"Reda\u00e7\u00e3o geral","author_link":"https:\/\/blogopara.com.br\/index.php\/author\/blogopara"},"uagb_comment_info":0,"uagb_excerpt":"Um total de 31.877 focos de inc\u00eandio foi registrado na Bahia entre 1\u00b0 de janeiro e esta segunda-feira (26). O n\u00famero \u00e9 41,7% do registrado em 2018, que finalizou com 76.264 focos. A maioria dos registros vem do Oeste do estado. Segundo o Correio, os dados s\u00e3o do Programa Queimadas, do Instituto Nacional de Pesquisas&hellip;","jetpack_sharing_enabled":true,"jetpack_likes_enabled":true,"_links":{"self":[{"href":"https:\/\/blogopara.com.br\/index.php\/wp-json\/wp\/v2\/posts\/2826","targetHints":{"allow":["GET"]}}],"collection":[{"href":"https:\/\/blogopara.com.br\/index.php\/wp-json\/wp\/v2\/posts"}],"about":[{"href":"https:\/\/blogopara.com.br\/index.php\/wp-json\/wp\/v2\/types\/post"}],"author":[{"embeddable":true,"href":"https:\/\/blogopara.com.br\/index.php\/wp-json\/wp\/v2\/users\/1"}],"replies":[{"embeddable":true,"href":"https:\/\/blogopara.com.br\/index.php\/wp-json\/wp\/v2\/comments?post=2826"}],"version-history":[{"count":1,"href":"https:\/\/blogopara.com.br\/index.php\/wp-json\/wp\/v2\/posts\/2826\/revisions"}],"predecessor-version":[{"id":2828,"href":"https:\/\/blogopara.com.br\/index.php\/wp-json\/wp\/v2\/posts\/2826\/revisions\/2828"}],"wp:featuredmedia":[{"embeddable":true,"href":"https:\/\/blogopara.com.br\/index.php\/wp-json\/wp\/v2\/media\/2763"}],"wp:attachment":[{"href":"https:\/\/blogopara.com.br\/index.php\/wp-json\/wp\/v2\/media?parent=2826"}],"wp:term":[{"taxonomy":"category","embeddable":true,"href":"https:\/\/blogopara.com.br\/index.php\/wp-json\/wp\/v2\/categories?post=2826"},{"taxonomy":"post_tag","embeddable":true,"href":"https:\/\/blogopara.com.br\/index.php\/wp-json\/wp\/v2\/tags?post=2826"}],"curies":[{"name":"wp","href":"https:\/\/api.w.org\/{rel}","templated":true}]}}