{"id":28280,"date":"2021-09-17T12:30:39","date_gmt":"2021-09-17T15:30:39","guid":{"rendered":"https:\/\/blogopara.com.br\/?p=28280"},"modified":"2021-09-17T12:30:44","modified_gmt":"2021-09-17T15:30:44","slug":"oportunidade-concurso-publico-na-area-de-educacao-em-juazeiro","status":"publish","type":"post","link":"https:\/\/blogopara.com.br\/index.php\/2021\/09\/17\/oportunidade-concurso-publico-na-area-de-educacao-em-juazeiro","title":{"rendered":"Oportunidade: Concurso P\u00fablico na \u00e1rea de educa\u00e7\u00e3o em Juazeiro"},"content":{"rendered":"<p style=\"text-align: justify;\">A Prefeitura de Juazeiro abre nesta sexta-feira (17), a partir das 14h, as inscri\u00e7\u00f5es para o concurso p\u00fablico destinado ao provimento de cargos efetivos no Quadro Pessoal da Prefeitura, e forma\u00e7\u00e3o de cadastro reserva. No total, s\u00e3o disponibilizadas 254 vagas imediatas e 269 para forma\u00e7\u00e3o de cadastro reserva, com atua\u00e7\u00e3o na Educa\u00e7\u00e3o Municipal, na sede e interior do munic\u00edpio. A execu\u00e7\u00e3o do concurso ser\u00e1 realizada pelo Instituto de Desenvolvimento Institucional Brasileiro (Idib) e as inscri\u00e7\u00f5es poder\u00e3o ser realizadas at\u00e9 o dia 18 de outubro, atrav\u00e9s do site\u00a0<a href=\"http:\/\/www.idib.org.br\/\" target=\"_blank\" rel=\"noopener noreferrer\" data-auth=\"NotApplicable\" data-linkindex=\"0\">www.idib.org.br<\/a>.<\/p>\n<p>S\u00e3o ofertadas vagas para n\u00edvel superior, para atua\u00e7\u00e3o como professor na Educa\u00e7\u00e3o Infantil, Anos Iniciais e Finais, nas \u00e1reas de conhecimento L\u00edngua Portuguesa, Matem\u00e1tica, Hist\u00f3ria, Geografia, Ci\u00eancias, L\u00edngua Estrangeira, Artes Visuais, Educa\u00e7\u00e3o F\u00edsica, Filosofia, Ensino Religioso, Atendimento Educacional Especializado, M\u00fasica, Dan\u00e7a, Teatro e Rob\u00f3tica.<\/p>\n<p>A taxa de inscri\u00e7\u00e3o para participa\u00e7\u00e3o no certame \u00e9 de R$120,00. Os candidatos que cumprirem os requisitos necess\u00e1rios para solicitar a isen\u00e7\u00e3o do pagamento e tiverem interesse, dever\u00e3o realizar a inscri\u00e7\u00e3o at\u00e9 o dia 20 de setembro, e requerer a isen\u00e7\u00e3o, exclusivamente, nesse per\u00edodo, atrav\u00e9s do site\u00a0<a href=\"http:\/\/www.idib.org.br\/\" target=\"_blank\" rel=\"noopener noreferrer\" data-auth=\"NotApplicable\" data-linkindex=\"1\">www.idib.org.br<\/a>.<\/p>\n<p>O concurso \u00e9 composto por prova objetiva com conte\u00fados sobre L\u00edngua Portuguesa, Conhecimentos de Juazeiro, Racioc\u00ednio L\u00f3gico, Conhecimentos Pedag\u00f3gicos e Conhecimentos Espec\u00edficos. As provas ser\u00e3o aplicadas no dia 28 de novembro, no turno da manh\u00e3, \u00e0s 9h. Os candidatos aprovados na prova objetiva participar\u00e3o da avalia\u00e7\u00e3o de Provas de T\u00edtulos, de car\u00e1ter classificat\u00f3rio, e o resultado final do certame ser\u00e1 divulgado no dia 21 de janeiro de 2022.<\/p>\n<p>Os vencimentos variam entre R$ 1.519,93 e R$3.039,86 e os profissionais atuar\u00e3o em regime de 40h e 20h semanais. Mais informa\u00e7\u00f5es podem ser obtidas atrav\u00e9s do Edital n\u00ba01\/2021, dispon\u00edvel em anexo e tamb\u00e9m no Di\u00e1rio Oficial do Munic\u00edpio, publica\u00e7\u00e3o desta quinta-feira (16):\u00a0<a href=\"https:\/\/doem.org.br\/ba\/juazeiro\/diarios\/previsualizar\/ZVYnGGNQ\" target=\"_blank\" rel=\"noopener noreferrer\" data-auth=\"NotApplicable\" data-linkindex=\"2\">https:\/\/doem.org.br\/ba\/juazeiro\/diarios\/previsualizar\/ZVYnGGNQ<\/a>.<\/p>\n","protected":false},"excerpt":{"rendered":"<p>A Prefeitura de Juazeiro abre nesta sexta-feira (17), a partir das 14h, as inscri\u00e7\u00f5es para o concurso p\u00fablico destinado ao provimento de cargos efetivos no Quadro Pessoal da Prefeitura, e forma\u00e7\u00e3o de cadastro reserva. No total, s\u00e3o disponibilizadas 254 vagas imediatas e 269 para forma\u00e7\u00e3o de cadastro reserva, com atua\u00e7\u00e3o na Educa\u00e7\u00e3o Municipal, na sede [&hellip;]<\/p>\n","protected":false},"author":1,"featured_media":19231,"comment_status":"closed","ping_status":"open","sticky":false,"template":"","format":"standard","meta":{"_uag_custom_page_level_css":"","_monsterinsights_skip_tracking":false,"_monsterinsights_sitenote_active":false,"_monsterinsights_sitenote_note":"","_monsterinsights_sitenote_category":0,"jetpack_post_was_ever_published":false,"_jetpack_newsletter_access":"","_jetpack_dont_email_post_to_subs":false,"_jetpack_newsletter_tier_id":0,"_jetpack_memberships_contains_paywalled_content":false,"_jetpack_memberships_contains_paid_content":false,"footnotes":"","jetpack_publicize_message":"","jetpack_publicize_feature_enabled":true,"jetpack_social_post_already_shared":true,"jetpack_social_options":{"image_generator_settings":{"template":"highway","default_image_id":0,"font":"","enabled":false},"version":2}},"categories":[209],"tags":[],"class_list":["post-28280","post","type-post","status-publish","format-standard","has-post-thumbnail","hentry","category-educacao"],"jetpack_publicize_connections":[],"jetpack_featured_media_url":"https:\/\/blogopara.com.br\/wp-content\/uploads\/2021\/02\/seduc-juazeiro.jpg","uagb_featured_image_src":{"full":["https:\/\/blogopara.com.br\/wp-content\/uploads\/2021\/02\/seduc-juazeiro.jpg",500,323,false],"thumbnail":["https:\/\/blogopara.com.br\/wp-content\/uploads\/2021\/02\/seduc-juazeiro-150x150.jpg",150,150,true],"medium":["https:\/\/blogopara.com.br\/wp-content\/uploads\/2021\/02\/seduc-juazeiro-300x194.jpg",300,194,true],"medium_large":["https:\/\/blogopara.com.br\/wp-content\/uploads\/2021\/02\/seduc-juazeiro.jpg",500,323,false],"large":["https:\/\/blogopara.com.br\/wp-content\/uploads\/2021\/02\/seduc-juazeiro.jpg",500,323,false],"1536x1536":["https:\/\/blogopara.com.br\/wp-content\/uploads\/2021\/02\/seduc-juazeiro.jpg",500,323,false],"2048x2048":["https:\/\/blogopara.com.br\/wp-content\/uploads\/2021\/02\/seduc-juazeiro.jpg",500,323,false],"mantranews-slider-large":["https:\/\/blogopara.com.br\/wp-content\/uploads\/2021\/02\/seduc-juazeiro.jpg",500,323,false],"mantranews-featured-medium":["https:\/\/blogopara.com.br\/wp-content\/uploads\/2021\/02\/seduc-juazeiro-420x307.jpg",420,307,true],"mantranews-featured-long":["https:\/\/blogopara.com.br\/wp-content\/uploads\/2021\/02\/seduc-juazeiro-300x323.jpg",300,323,true],"mantranews-block-medium":["https:\/\/blogopara.com.br\/wp-content\/uploads\/2021\/02\/seduc-juazeiro-464x290.jpg",464,290,true],"mantranews-carousel-image":["https:\/\/blogopara.com.br\/wp-content\/uploads\/2021\/02\/seduc-juazeiro.jpg",500,323,false],"mantranews-block-thumb":["https:\/\/blogopara.com.br\/wp-content\/uploads\/2021\/02\/seduc-juazeiro-322x230.jpg",322,230,true],"mantranews-single-large":["https:\/\/blogopara.com.br\/wp-content\/uploads\/2021\/02\/seduc-juazeiro.jpg",500,323,false]},"uagb_author_info":{"display_name":"Reda\u00e7\u00e3o geral","author_link":"https:\/\/blogopara.com.br\/index.php\/author\/blogopara"},"uagb_comment_info":0,"uagb_excerpt":"A Prefeitura de Juazeiro abre nesta sexta-feira (17), a partir das 14h, as inscri\u00e7\u00f5es para o concurso p\u00fablico destinado ao provimento de cargos efetivos no Quadro Pessoal da Prefeitura, e forma\u00e7\u00e3o de cadastro reserva. No total, s\u00e3o disponibilizadas 254 vagas imediatas e 269 para forma\u00e7\u00e3o de cadastro reserva, com atua\u00e7\u00e3o na Educa\u00e7\u00e3o Municipal, na sede&hellip;","jetpack_sharing_enabled":true,"jetpack_likes_enabled":true,"_links":{"self":[{"href":"https:\/\/blogopara.com.br\/index.php\/wp-json\/wp\/v2\/posts\/28280","targetHints":{"allow":["GET"]}}],"collection":[{"href":"https:\/\/blogopara.com.br\/index.php\/wp-json\/wp\/v2\/posts"}],"about":[{"href":"https:\/\/blogopara.com.br\/index.php\/wp-json\/wp\/v2\/types\/post"}],"author":[{"embeddable":true,"href":"https:\/\/blogopara.com.br\/index.php\/wp-json\/wp\/v2\/users\/1"}],"replies":[{"embeddable":true,"href":"https:\/\/blogopara.com.br\/index.php\/wp-json\/wp\/v2\/comments?post=28280"}],"version-history":[{"count":1,"href":"https:\/\/blogopara.com.br\/index.php\/wp-json\/wp\/v2\/posts\/28280\/revisions"}],"predecessor-version":[{"id":28281,"href":"https:\/\/blogopara.com.br\/index.php\/wp-json\/wp\/v2\/posts\/28280\/revisions\/28281"}],"wp:featuredmedia":[{"embeddable":true,"href":"https:\/\/blogopara.com.br\/index.php\/wp-json\/wp\/v2\/media\/19231"}],"wp:attachment":[{"href":"https:\/\/blogopara.com.br\/index.php\/wp-json\/wp\/v2\/media?parent=28280"}],"wp:term":[{"taxonomy":"category","embeddable":true,"href":"https:\/\/blogopara.com.br\/index.php\/wp-json\/wp\/v2\/categories?post=28280"},{"taxonomy":"post_tag","embeddable":true,"href":"https:\/\/blogopara.com.br\/index.php\/wp-json\/wp\/v2\/tags?post=28280"}],"curies":[{"name":"wp","href":"https:\/\/api.w.org\/{rel}","templated":true}]}}