{"id":28308,"date":"2021-09-18T13:15:00","date_gmt":"2021-09-18T16:15:00","guid":{"rendered":"https:\/\/blogopara.com.br\/?p=28308"},"modified":"2021-09-18T09:37:59","modified_gmt":"2021-09-18T12:37:59","slug":"suspeito-de-roubos-a-banco-e-de-participar-da-morte-de-pm-em-pernambuco-morre-apos-confronto-na-bahia","status":"publish","type":"post","link":"https:\/\/blogopara.com.br\/index.php\/2021\/09\/18\/suspeito-de-roubos-a-banco-e-de-participar-da-morte-de-pm-em-pernambuco-morre-apos-confronto-na-bahia","title":{"rendered":"Suspeito de roubos a banco e de participar da morte de PM em Pernambuco morre ap\u00f3s confronto na Bahia"},"content":{"rendered":"<p style=\"text-align: justify;\">Um homem suspeito de roubos a banco e de participar da\u00a0<a href=\"https:\/\/g1.globo.com\/pe\/caruaru-regiao\/noticia\/2021\/08\/04\/policial-militar-e-baleado-na-br-232-em-arcoverde.ghtml\"><strong>morte do policial militar Wandemberg Lu\u00eds, em agosto deste ano, na BR-232<\/strong><\/a>, em Arcoverde, no Sert\u00e3o de Pernambuco, morreu nesta sexta-feira (17) ap\u00f3s um confronto com policiais, no bairro de Monte Gordo, em Cama\u00e7ari, regi\u00e3o metropolitana de Salvador.<\/p>\n<p style=\"text-align: justify;\">Segundo informa\u00e7\u00f5es da Pol\u00edcia Civil da Bahia, o homem, que era considerado chefe de um grupo criminoso, era um dos alvos priorit\u00e1rios da Pol\u00edcia Judici\u00e1ria de Pernambuco. Ele tamb\u00e9m \u00e9 apontado por outros homic\u00eddios, tr\u00e1fico de drogas, al\u00e9m de crimes contra o patrim\u00f4nio.<\/p>\n<p style=\"text-align: justify;\">De acordo com a pol\u00edcia, o suspeito estava em uma casa, onde houve o confronto. O homem foi baleado, socorrido por policiais do Departamento de Repress\u00e3o e Combate ao Crime Organizado (Draco) e levado para uma unidade de sa\u00fade, mas n\u00e3o resistiu.<\/p>\n<p style=\"text-align: justify;\">O diretor do Draco, delegado Jos\u00e9 Bezerra J\u00fanior, informou que existe uma poss\u00edvel participa\u00e7\u00e3o do suspeito em ataques na Bahia.<\/p>\n<p style=\"text-align: justify;\">\u201cForam mais de tr\u00eas semanas de investiga\u00e7\u00e3o. N\u00f3s j\u00e1 est\u00e1vamos acompanhando e apurando a poss\u00edvel vincula\u00e7\u00e3o dele e de seus comparsas em ataques a institui\u00e7\u00f5es financeiras no nosso estado\u201d, afirmou.<\/p>\n<p style=\"text-align: justify;\">A Pol\u00edcia Civil de Pernambuco oferecia uma recompensa de R$ 2 mil por informa\u00e7\u00f5es que pudessem levar ao paradeiro do homem.<\/p>\n<p style=\"text-align: justify;\">O suspeito estava com tr\u00eas documentos de identifica\u00e7\u00e3o e um de CPF falsificados. Com ele, foram apreendidos um rev\u00f3lver calibre 38 municiado, por\u00e7\u00f5es de maconha, drogas sint\u00e9ticas e uma balan\u00e7a de precis\u00e3o.<\/p>\n<p style=\"text-align: justify;\">Equipes do Draco e da Coordena\u00e7\u00e3o de Opera\u00e7\u00f5es Especiais (COE), realizaram a a\u00e7\u00e3o, com o aux\u00edlio da Pol\u00edcia Civil de Sergipe, por meio do Centro de Opera\u00e7\u00f5es Policiais Especiais (COPE) e da Divis\u00e3o de Intelig\u00eancia e Planejamento Policial (DIPOL) nas investiga\u00e7\u00f5es.<\/p>\n<p style=\"text-align: justify;\">\u00a0<\/p>\n<p style=\"text-align: justify;\"><strong>Morte do PM<\/strong><\/p>\n<p style=\"text-align: justify;\">PM morre ap\u00f3s ser baleado em Arcoverde<\/p>\n<p style=\"text-align: justify;\">O\u00a0<a href=\"https:\/\/g1.globo.com\/pe\/caruaru-regiao\/noticia\/2021\/08\/04\/policial-militar-e-baleado-na-br-232-em-arcoverde.ghtml\"><strong>p<\/strong><\/a><a href=\"https:\/\/g1.globo.com\/pe\/caruaru-regiao\/noticia\/2021\/08\/04\/policial-militar-e-baleado-na-br-232-em-arcoverde.ghtml\"><strong>olicial militar, identificado como Wandemberg Lu\u00eds, morreu ap\u00f3s ter sido baleado<\/strong><\/a>\u00a0por um grupo criminoso no dia 4 de agosto, na BR-232, em Arcoverde, no Sert\u00e3o de Pernambuco.<\/p>\n<p style=\"text-align: justify;\">Segundo informa\u00e7\u00f5es da Pol\u00edcia Civil de Pernambuco, um homem foi ferido no local e chegou a ser socorrido, mas n\u00e3o resistiu aos ferimentos. Outros dois foram mortos em uma troca de tiros com a pol\u00edcia na zona rural de Pedra, no Agreste. Um quarto criminoso conseguiu fugir.<\/p>\n<p style=\"text-align: justify;\">O grupo estava em um carro na rodovia e come\u00e7ou a atirar quando percebeu a presen\u00e7a da pol\u00edcia no local. Lu\u00eds foi atingido na cabe\u00e7a e, em seguida, foi levado para o Hospital Regional de Arcoverde.<\/p>\n<p style=\"text-align: justify;\">Em seguida, uma ambul\u00e2ncia fez a transfer\u00eancia do policial para o Hospital Regional do Agreste (HRA), em Caruaru, mas ele j\u00e1 estava morto quando deu entrada na unidade.<\/p>\n<p style=\"text-align: justify;\">No dia 20 de agosto, a Pol\u00edcia Civil de Pernambuco afirmou que<a href=\"https:\/\/g1.globo.com\/pe\/caruaru-regiao\/noticia\/2021\/08\/20\/outro-suspeito-envolvido-na-morte-do-policial-militar-morre-em-arcoverde.ghtml\"><strong>\u00a0outro suspeito envolvido na morte do policial militar morreu<\/strong><\/a>. C\u00edcero Bezerra de 35 anos estava internado no hospital da regi\u00e3o ap\u00f3s ter sido atingido por tiros durante a a\u00e7\u00e3o policial.<\/p>\n<p>\u00a0<\/p>\n<p>Por: G1 BA<\/p>\n","protected":false},"excerpt":{"rendered":"<p>Um homem suspeito de roubos a banco e de participar da\u00a0morte do policial militar Wandemberg Lu\u00eds, em agosto deste ano, na BR-232, em Arcoverde, no Sert\u00e3o de Pernambuco, morreu nesta sexta-feira (17) ap\u00f3s um confronto com policiais, no bairro de Monte Gordo, em Cama\u00e7ari, regi\u00e3o metropolitana de Salvador. Segundo informa\u00e7\u00f5es da Pol\u00edcia Civil da Bahia, [&hellip;]<\/p>\n","protected":false},"author":1,"featured_media":28309,"comment_status":"closed","ping_status":"open","sticky":false,"template":"","format":"standard","meta":{"_uag_custom_page_level_css":"","_monsterinsights_skip_tracking":false,"_monsterinsights_sitenote_active":false,"_monsterinsights_sitenote_note":"","_monsterinsights_sitenote_category":0,"jetpack_post_was_ever_published":false,"_jetpack_newsletter_access":"","_jetpack_dont_email_post_to_subs":false,"_jetpack_newsletter_tier_id":0,"_jetpack_memberships_contains_paywalled_content":false,"_jetpack_memberships_contains_paid_content":false,"footnotes":"","jetpack_publicize_message":"","jetpack_publicize_feature_enabled":true,"jetpack_social_post_already_shared":true,"jetpack_social_options":{"image_generator_settings":{"template":"highway","default_image_id":0,"font":"","enabled":false},"version":2}},"categories":[1507,202],"tags":[3019,4205,532,5339,792],"class_list":["post-28308","post","type-post","status-publish","format-standard","has-post-thumbnail","hentry","category-pernambuco","category-policia","tag-morte-de-pm","tag-participacao","tag-pernambuco","tag-roubo-a-banco","tag-suspeito"],"jetpack_publicize_connections":[],"jetpack_featured_media_url":"https:\/\/blogopara.com.br\/wp-content\/uploads\/2021\/09\/whatsapp-image-2021-08-04-at-18.09.37.jpeg","uagb_featured_image_src":{"full":["https:\/\/blogopara.com.br\/wp-content\/uploads\/2021\/09\/whatsapp-image-2021-08-04-at-18.09.37.jpeg",500,368,false],"thumbnail":["https:\/\/blogopara.com.br\/wp-content\/uploads\/2021\/09\/whatsapp-image-2021-08-04-at-18.09.37-150x150.jpeg",150,150,true],"medium":["https:\/\/blogopara.com.br\/wp-content\/uploads\/2021\/09\/whatsapp-image-2021-08-04-at-18.09.37-300x221.jpeg",300,221,true],"medium_large":["https:\/\/blogopara.com.br\/wp-content\/uploads\/2021\/09\/whatsapp-image-2021-08-04-at-18.09.37.jpeg",500,368,false],"large":["https:\/\/blogopara.com.br\/wp-content\/uploads\/2021\/09\/whatsapp-image-2021-08-04-at-18.09.37.jpeg",500,368,false],"1536x1536":["https:\/\/blogopara.com.br\/wp-content\/uploads\/2021\/09\/whatsapp-image-2021-08-04-at-18.09.37.jpeg",500,368,false],"2048x2048":["https:\/\/blogopara.com.br\/wp-content\/uploads\/2021\/09\/whatsapp-image-2021-08-04-at-18.09.37.jpeg",500,368,false],"mantranews-slider-large":["https:\/\/blogopara.com.br\/wp-content\/uploads\/2021\/09\/whatsapp-image-2021-08-04-at-18.09.37.jpeg",500,368,false],"mantranews-featured-medium":["https:\/\/blogopara.com.br\/wp-content\/uploads\/2021\/09\/whatsapp-image-2021-08-04-at-18.09.37-420x307.jpeg",420,307,true],"mantranews-featured-long":["https:\/\/blogopara.com.br\/wp-content\/uploads\/2021\/09\/whatsapp-image-2021-08-04-at-18.09.37-300x368.jpeg",300,368,true],"mantranews-block-medium":["https:\/\/blogopara.com.br\/wp-content\/uploads\/2021\/09\/whatsapp-image-2021-08-04-at-18.09.37-464x290.jpeg",464,290,true],"mantranews-carousel-image":["https:\/\/blogopara.com.br\/wp-content\/uploads\/2021\/09\/whatsapp-image-2021-08-04-at-18.09.37.jpeg",500,368,false],"mantranews-block-thumb":["https:\/\/blogopara.com.br\/wp-content\/uploads\/2021\/09\/whatsapp-image-2021-08-04-at-18.09.37-322x230.jpeg",322,230,true],"mantranews-single-large":["https:\/\/blogopara.com.br\/wp-content\/uploads\/2021\/09\/whatsapp-image-2021-08-04-at-18.09.37.jpeg",500,368,false]},"uagb_author_info":{"display_name":"Reda\u00e7\u00e3o geral","author_link":"https:\/\/blogopara.com.br\/index.php\/author\/blogopara"},"uagb_comment_info":0,"uagb_excerpt":"Um homem suspeito de roubos a banco e de participar da\u00a0morte do policial militar Wandemberg Lu\u00eds, em agosto deste ano, na BR-232, em Arcoverde, no Sert\u00e3o de Pernambuco, morreu nesta sexta-feira (17) ap\u00f3s um confronto com policiais, no bairro de Monte Gordo, em Cama\u00e7ari, regi\u00e3o metropolitana de Salvador. Segundo informa\u00e7\u00f5es da Pol\u00edcia Civil da Bahia,&hellip;","jetpack_sharing_enabled":true,"jetpack_likes_enabled":true,"_links":{"self":[{"href":"https:\/\/blogopara.com.br\/index.php\/wp-json\/wp\/v2\/posts\/28308","targetHints":{"allow":["GET"]}}],"collection":[{"href":"https:\/\/blogopara.com.br\/index.php\/wp-json\/wp\/v2\/posts"}],"about":[{"href":"https:\/\/blogopara.com.br\/index.php\/wp-json\/wp\/v2\/types\/post"}],"author":[{"embeddable":true,"href":"https:\/\/blogopara.com.br\/index.php\/wp-json\/wp\/v2\/users\/1"}],"replies":[{"embeddable":true,"href":"https:\/\/blogopara.com.br\/index.php\/wp-json\/wp\/v2\/comments?post=28308"}],"version-history":[{"count":1,"href":"https:\/\/blogopara.com.br\/index.php\/wp-json\/wp\/v2\/posts\/28308\/revisions"}],"predecessor-version":[{"id":28310,"href":"https:\/\/blogopara.com.br\/index.php\/wp-json\/wp\/v2\/posts\/28308\/revisions\/28310"}],"wp:featuredmedia":[{"embeddable":true,"href":"https:\/\/blogopara.com.br\/index.php\/wp-json\/wp\/v2\/media\/28309"}],"wp:attachment":[{"href":"https:\/\/blogopara.com.br\/index.php\/wp-json\/wp\/v2\/media?parent=28308"}],"wp:term":[{"taxonomy":"category","embeddable":true,"href":"https:\/\/blogopara.com.br\/index.php\/wp-json\/wp\/v2\/categories?post=28308"},{"taxonomy":"post_tag","embeddable":true,"href":"https:\/\/blogopara.com.br\/index.php\/wp-json\/wp\/v2\/tags?post=28308"}],"curies":[{"name":"wp","href":"https:\/\/api.w.org\/{rel}","templated":true}]}}