{"id":28344,"date":"2021-09-19T15:20:00","date_gmt":"2021-09-19T18:20:00","guid":{"rendered":"https:\/\/blogopara.com.br\/?p=28344"},"modified":"2021-09-19T13:32:00","modified_gmt":"2021-09-19T16:32:00","slug":"prefeitura-de-juazeiro-inicia-vacinacao-de-adolescentes-com-17-anos-nesta-segunda-feira-confira-cronograma","status":"publish","type":"post","link":"https:\/\/blogopara.com.br\/index.php\/2021\/09\/19\/prefeitura-de-juazeiro-inicia-vacinacao-de-adolescentes-com-17-anos-nesta-segunda-feira-confira-cronograma","title":{"rendered":"Prefeitura de Juazeiro inicia vacina\u00e7\u00e3o de adolescentes com 17 anos nesta segunda-feira; confira cronograma"},"content":{"rendered":"<p style=\"font-weight: 400; text-align: justify;\">A Prefeitura de Juazeiro, atrav\u00e9s da Secretaria de Sa\u00fade (Sesau), vai iniciar a vacina\u00e7\u00e3o dos adolescentes sem comorbidades nesta segunda-feira (20). Devem buscar um dos pontos de vacina\u00e7\u00e3o adolescentes com 17 anos, repescagem de popula\u00e7\u00e3o com 18 anos e mais, gestantes, pu\u00e9rperas (at\u00e9 45 dias p\u00f3s-parto), lactantes (do 46\u00ba dia p\u00f3s-parto aos 11 meses e 29 dias do beb\u00ea), aplica\u00e7\u00e3o de segunda dose e dose de refor\u00e7o.<\/p>\n<p style=\"font-weight: 400; text-align: justify;\">\n<p style=\"font-weight: 400; text-align: justify;\"><strong>&#8211; Adolescentes 17 anos sem comorbidades<\/strong><\/p>\n<p style=\"font-weight: 400; text-align: justify;\">\n<p style=\"font-weight: 400; text-align: justify;\">Este p\u00fablico deve buscar pelas Unidades B\u00e1sicas de Sa\u00fade (UBSs): Piranga, Penha, Palmares, Alto da Alian\u00e7a, Jo\u00e3o XXIII, Dom Jos\u00e9 Rodrigues, Itaberaba, Jo\u00e3o Paulo II, Residencial Juazeiro, Alto do Cruzeiro, Vila Jacar\u00e9, Novo Encontro e Cras Tabuleiro. Os adolescentes devem ir acompanhados dos pais ou respons\u00e1veis. \u00c9 preciso levar RG, CPF, Cart\u00e3o SUS e comprovante de resid\u00eancia. Ser\u00e3o 120 doses por unidade. A vacina\u00e7\u00e3o come\u00e7a \u00e0s 8h e segue at\u00e9 encerrarem as doses.<\/p>\n<p style=\"font-weight: 400; text-align: justify;\">\n<p style=\"font-weight: 400; text-align: justify;\"><strong>-P\u00fablico com 18 anos e mais<\/strong><\/p>\n<p style=\"font-weight: 400; text-align: justify;\">\n<p style=\"font-weight: 400; text-align: justify;\">Este p\u00fablico dever\u00e1 ir \u00e0 Escola Iracema Pereira Paix\u00e3o (bairro S\u00e3o Geraldo). \u00c9 preciso levar RG, CPF, Cart\u00e3o SUS e comprovante de resid\u00eancia. Ser\u00e3o 200 doses. A vacina\u00e7\u00e3o come\u00e7a \u00e0s 8h e segue at\u00e9 encerrarem as doses.<\/p>\n<p style=\"font-weight: 400; text-align: justify;\">\n<p style=\"font-weight: 400; text-align: justify;\"><strong>&#8211; Gestantes, Pu\u00e9rperas (at\u00e9 45 dias p\u00f3s-parto) e Lactantes (46\u00ba p\u00f3s-parto aos 11 meses e 29 dias do beb\u00ea)<\/strong><\/p>\n<p style=\"text-align: justify;\">\n<p style=\"font-weight: 400; text-align: justify;\">Estes p\u00fablicos que ainda n\u00e3o receberam a primeira dose podem procurar\u00a0 pela Univasf, no hor\u00e1rio das 8h \u00e0s 12h e das 13h30 \u00e0s 16h. \u00c9 preciso levar RG, CPF, cart\u00e3o SUS, comprovante de resid\u00eancia. Gestantes devem levar o cart\u00e3o de gestante. Pu\u00e9rperas e lactantes devem levar Certid\u00e3o de Nascimento do beb\u00ea.<\/p>\n<p style=\"font-weight: 400; text-align: justify;\">\n<p style=\"font-weight: 400; text-align: justify;\"><strong>&#8211; Dose de refor\u00e7o (3\u00aa dose)<\/strong><\/p>\n<p style=\"font-weight: 400; text-align: justify;\">\n<p style=\"font-weight: 400; text-align: justify;\">Poder\u00e3o receber a dose de refor\u00e7o: idosos, residentes em Juazeiro, com 75 anos ou mais e com intervalo de 6 meses em rela\u00e7\u00e3o \u00e0 \u00faltima dose; profissionais de sa\u00fade ativos e lotados em Juazeiro com 60 anos ou mais tamb\u00e9m com intervalo de 6 meses em rela\u00e7\u00e3o \u00e0 \u00faltima dose, e imunossuprimidos com intervalo de 28 dias em rela\u00e7\u00e3o \u00e0 \u00faltima dose.<\/p>\n<p style=\"font-weight: 400; text-align: justify;\">A vacina\u00e7\u00e3o ser\u00e1 na Univasf, das 8h \u00e0s 12h e das 13h30 \u00e0s 16h. \u00c9 preciso levar RG, CPF, cart\u00e3o SUS, comprovante de resid\u00eancia, cart\u00e3o de vacina. O trabalhador de sa\u00fade deve levar tamb\u00e9m o contracheque atualizado e precisa estar ativo e lotado em Juazeiro. Os imunossuprimidos tamb\u00e9m precisam levar original e c\u00f3pia do laudo m\u00e9dico (a c\u00f3pia ficar\u00e1 retida).<\/p>\n<p style=\"font-weight: 400; text-align: justify;\">S\u00e3o considerados imunossuprimidos as pessoas com doen\u00e7as reum\u00e1ticas imunomediadas sist\u00eamicas em atividade e em uso de dose de prednisona ou equivalente &gt; 10 mg\/dia ou recebendo pulsoterapia com cortic\u00f3ide e\/ou ciclofosfamida; demais indiv\u00edduos em uso de imunossupressores ou com imunodefici\u00eancias prim\u00e1rias; pacientes oncol\u00f3gicos que realizaram tratamento quimioter\u00e1pico ou radioter\u00e1pico nos \u00faltimos 6 meses; neoplasias hematol\u00f3gicas.<\/p>\n<p style=\"font-weight: 400; text-align: justify;\">\n<p style=\"font-weight: 400; text-align: justify;\"><strong>&#8211; Segunda dose &#8211; CoronaVac e Pfizer<\/strong><\/p>\n<p style=\"font-weight: 400; text-align: justify;\">\n<p style=\"font-weight: 400; text-align: justify;\">A aplica\u00e7\u00e3o da segunda dose de Pfizer e CoronaVac ser\u00e1 na Creche Mari\u00e1 Tanuri (bairro Santo Ant\u00f4nio), Ju\u00e1 Garden Shopping, Audit\u00f3rio do Centro de Sa\u00fade III (bairro Angary) e nas UBSs CSU, Tabuleiro e Jardim Fl\u00f3rida. O hor\u00e1rio das UBSs Jardim Fl\u00f3rida e Tabuleiro \u00e9 das 8h \u00e0s 12h. A UBS CSU, Audit\u00f3rio do Centro de Sa\u00fade III, Ju\u00e1 Garden Shopping e Creche Mari\u00e1 Tanuri funcionam das 8h \u00e0s 12h e das 13h30 \u00e0s 16h.\u00a0 \u00c9 preciso levar RG, CPF, Cart\u00e3o SUS, comprovante de resid\u00eancia e cart\u00e3o de vacina.<\/p>\n<p style=\"font-weight: 400; text-align: justify;\">Est\u00e1 suspensa, temporariamente, a aplica\u00e7\u00e3o da segunda dose com Oxford\/AstraZeneca. O munic\u00edpio aguarda o recebimento de nova remessa de vacina para dar continuidade \u00e0 imuniza\u00e7\u00e3o com a segunda dose das pessoas que iniciaram a vacina\u00e7\u00e3o com este fabricante.<\/p>\n<p style=\"text-align: justify;\">\n<p style=\"font-weight: 400; text-align: justify;\">Ascom Sesau PMJ<\/p>\n<p style=\"font-weight: 400; text-align: justify;\">\n","protected":false},"excerpt":{"rendered":"<p>A Prefeitura de Juazeiro, atrav\u00e9s da Secretaria de Sa\u00fade (Sesau), vai iniciar a vacina\u00e7\u00e3o dos adolescentes sem comorbidades nesta segunda-feira (20). Devem buscar um dos pontos de vacina\u00e7\u00e3o adolescentes com 17 anos, repescagem de popula\u00e7\u00e3o com 18 anos e mais, gestantes, pu\u00e9rperas (at\u00e9 45 dias p\u00f3s-parto), lactantes (do 46\u00ba dia p\u00f3s-parto aos 11 meses e [&hellip;]<\/p>\n","protected":false},"author":1,"featured_media":28345,"comment_status":"closed","ping_status":"open","sticky":false,"template":"","format":"standard","meta":{"_uag_custom_page_level_css":"","_monsterinsights_skip_tracking":false,"_monsterinsights_sitenote_active":false,"_monsterinsights_sitenote_note":"","_monsterinsights_sitenote_category":0,"jetpack_post_was_ever_published":false,"_jetpack_newsletter_access":"","_jetpack_dont_email_post_to_subs":false,"_jetpack_newsletter_tier_id":0,"_jetpack_memberships_contains_paywalled_content":false,"_jetpack_memberships_contains_paid_content":false,"footnotes":"","jetpack_publicize_message":"","jetpack_publicize_feature_enabled":true,"jetpack_social_post_already_shared":true,"jetpack_social_options":{"image_generator_settings":{"template":"highway","default_image_id":0,"font":"","enabled":false},"version":2}},"categories":[203,205],"tags":[5366,340,3125,3107],"class_list":["post-28344","post","type-post","status-publish","format-standard","has-post-thumbnail","hentry","category-juazeiro","category-saude","tag-adolescentes-com-17-anos","tag-prefeitura-de-juazeiro","tag-segunda-feira","tag-vacinacao"],"jetpack_publicize_connections":[],"jetpack_featured_media_url":"https:\/\/blogopara.com.br\/wp-content\/uploads\/2021\/09\/DRIVE-THRU-14.03.2021-1.jpg","uagb_featured_image_src":{"full":["https:\/\/blogopara.com.br\/wp-content\/uploads\/2021\/09\/DRIVE-THRU-14.03.2021-1.jpg",500,333,false],"thumbnail":["https:\/\/blogopara.com.br\/wp-content\/uploads\/2021\/09\/DRIVE-THRU-14.03.2021-1-150x150.jpg",150,150,true],"medium":["https:\/\/blogopara.com.br\/wp-content\/uploads\/2021\/09\/DRIVE-THRU-14.03.2021-1-300x200.jpg",300,200,true],"medium_large":["https:\/\/blogopara.com.br\/wp-content\/uploads\/2021\/09\/DRIVE-THRU-14.03.2021-1.jpg",500,333,false],"large":["https:\/\/blogopara.com.br\/wp-content\/uploads\/2021\/09\/DRIVE-THRU-14.03.2021-1.jpg",500,333,false],"1536x1536":["https:\/\/blogopara.com.br\/wp-content\/uploads\/2021\/09\/DRIVE-THRU-14.03.2021-1.jpg",500,333,false],"2048x2048":["https:\/\/blogopara.com.br\/wp-content\/uploads\/2021\/09\/DRIVE-THRU-14.03.2021-1.jpg",500,333,false],"mantranews-slider-large":["https:\/\/blogopara.com.br\/wp-content\/uploads\/2021\/09\/DRIVE-THRU-14.03.2021-1.jpg",500,333,false],"mantranews-featured-medium":["https:\/\/blogopara.com.br\/wp-content\/uploads\/2021\/09\/DRIVE-THRU-14.03.2021-1-420x307.jpg",420,307,true],"mantranews-featured-long":["https:\/\/blogopara.com.br\/wp-content\/uploads\/2021\/09\/DRIVE-THRU-14.03.2021-1-300x333.jpg",300,333,true],"mantranews-block-medium":["https:\/\/blogopara.com.br\/wp-content\/uploads\/2021\/09\/DRIVE-THRU-14.03.2021-1-464x290.jpg",464,290,true],"mantranews-carousel-image":["https:\/\/blogopara.com.br\/wp-content\/uploads\/2021\/09\/DRIVE-THRU-14.03.2021-1.jpg",500,333,false],"mantranews-block-thumb":["https:\/\/blogopara.com.br\/wp-content\/uploads\/2021\/09\/DRIVE-THRU-14.03.2021-1-322x230.jpg",322,230,true],"mantranews-single-large":["https:\/\/blogopara.com.br\/wp-content\/uploads\/2021\/09\/DRIVE-THRU-14.03.2021-1.jpg",500,333,false]},"uagb_author_info":{"display_name":"Reda\u00e7\u00e3o geral","author_link":"https:\/\/blogopara.com.br\/index.php\/author\/blogopara"},"uagb_comment_info":0,"uagb_excerpt":"A Prefeitura de Juazeiro, atrav\u00e9s da Secretaria de Sa\u00fade (Sesau), vai iniciar a vacina\u00e7\u00e3o dos adolescentes sem comorbidades nesta segunda-feira (20). Devem buscar um dos pontos de vacina\u00e7\u00e3o adolescentes com 17 anos, repescagem de popula\u00e7\u00e3o com 18 anos e mais, gestantes, pu\u00e9rperas (at\u00e9 45 dias p\u00f3s-parto), lactantes (do 46\u00ba dia p\u00f3s-parto aos 11 meses e&hellip;","jetpack_sharing_enabled":true,"jetpack_likes_enabled":true,"_links":{"self":[{"href":"https:\/\/blogopara.com.br\/index.php\/wp-json\/wp\/v2\/posts\/28344","targetHints":{"allow":["GET"]}}],"collection":[{"href":"https:\/\/blogopara.com.br\/index.php\/wp-json\/wp\/v2\/posts"}],"about":[{"href":"https:\/\/blogopara.com.br\/index.php\/wp-json\/wp\/v2\/types\/post"}],"author":[{"embeddable":true,"href":"https:\/\/blogopara.com.br\/index.php\/wp-json\/wp\/v2\/users\/1"}],"replies":[{"embeddable":true,"href":"https:\/\/blogopara.com.br\/index.php\/wp-json\/wp\/v2\/comments?post=28344"}],"version-history":[{"count":1,"href":"https:\/\/blogopara.com.br\/index.php\/wp-json\/wp\/v2\/posts\/28344\/revisions"}],"predecessor-version":[{"id":28346,"href":"https:\/\/blogopara.com.br\/index.php\/wp-json\/wp\/v2\/posts\/28344\/revisions\/28346"}],"wp:featuredmedia":[{"embeddable":true,"href":"https:\/\/blogopara.com.br\/index.php\/wp-json\/wp\/v2\/media\/28345"}],"wp:attachment":[{"href":"https:\/\/blogopara.com.br\/index.php\/wp-json\/wp\/v2\/media?parent=28344"}],"wp:term":[{"taxonomy":"category","embeddable":true,"href":"https:\/\/blogopara.com.br\/index.php\/wp-json\/wp\/v2\/categories?post=28344"},{"taxonomy":"post_tag","embeddable":true,"href":"https:\/\/blogopara.com.br\/index.php\/wp-json\/wp\/v2\/tags?post=28344"}],"curies":[{"name":"wp","href":"https:\/\/api.w.org\/{rel}","templated":true}]}}