{"id":28347,"date":"2021-09-19T17:14:00","date_gmt":"2021-09-19T20:14:00","guid":{"rendered":"https:\/\/blogopara.com.br\/?p=28347"},"modified":"2021-09-19T13:43:36","modified_gmt":"2021-09-19T16:43:36","slug":"brasil-em-pauta-discute-os-desafios-da-crise-hidrica-no-pais","status":"publish","type":"post","link":"https:\/\/blogopara.com.br\/index.php\/2021\/09\/19\/brasil-em-pauta-discute-os-desafios-da-crise-hidrica-no-pais","title":{"rendered":"Brasil em Pauta discute os desafios da crise h\u00eddrica no pa\u00eds"},"content":{"rendered":"\n\n<p style=\"text-align: justify;\">O Brasil vive a pior crise h\u00eddrica registrada nos \u00faltimos 91 anos, com escassez de chuvas, reservat\u00f3rios em n\u00edveis baixos e maior demanda por energia em raz\u00e3o da reativa\u00e7\u00e3o da economia para patamares pr\u00e9-pandemia em v\u00e1rios setores. Fatores que, combinados, levaram o governo federal a tomar uma s\u00e9rie de iniciativas.<\/p>\n<div class=\"td-a-ad id_inline_ad0 id_ad_content-horiz-left\" style=\"text-align: justify;\">\n<div class=\"g g-12\">\n<div class=\"g-single a-21\"><span style=\"font-size: revert; color: initial;\">Em entrevista ao programa Brasil em Pauta deste domingo (19), o secret\u00e1rio de Energia El\u00e9trica do Minist\u00e9rio de Minas e Energia, Christiano Vieira, lembrou que as crises h\u00eddricas se transformaram em um desafio global. \u201cQuando pensamos em mudan\u00e7as clim\u00e1ticas, olhamos e verificamos mudan\u00e7as nos padr\u00f5es de chuva por todo o mundo\u201d.<\/span><\/div>\n<\/div>\n<\/div>\n<p style=\"text-align: justify;\">Vieira se referiu ao per\u00edodo atual registrado no pa\u00eds como de \u201cseca excepcional\u201d e destacou que a governan\u00e7a do setor el\u00e9trico, desde 2003, conta com um comit\u00ea de monitoramento do setor que avalia de forma permanente as condi\u00e7\u00f5es de oferta e demanda e faz recomenda\u00e7\u00f5es.<\/p>\n<p style=\"text-align: justify;\">\u201cDentre essas recomenda\u00e7\u00f5es, inclui-se gera\u00e7\u00e3o de usinas termel\u00e9tricas mais caras de forma antecipada para preservar \u00e1gua nos reservat\u00f3rios e a importa\u00e7\u00e3o de energia el\u00e9trica de pa\u00edses vizinhos.\u201d<\/p>\n<p style=\"text-align: justify;\">O secret\u00e1rio tamb\u00e9m refor\u00e7ou que a chamada esta\u00e7\u00e3o \u00famida registrada no pa\u00eds em 2020 atrasou, come\u00e7ando somente no final de dezembro, e foi mais curta, terminando em mar\u00e7o e n\u00e3o em abril. \u201cSe revelou um dos piores per\u00edodos \u00famidos do hist\u00f3rico que temos\u201d.<\/p>\n<p style=\"text-align: justify;\">Sobre o risco de racionamento de energia no Brasil, Viera disse que todas as medidas que est\u00e3o sendo adotadas s\u00e3o justamente para que n\u00e3o haja esse risco.<\/p>\n<p style=\"text-align: justify;\">\u201cAvaliamos como a carga est\u00e1 se comportando, como a oferta est\u00e1 se comportando em termos de incremento, como os recursos aportados pelo sistema como vento, sol e chuva est\u00e3o se caracterizando. Com a evolu\u00e7\u00e3o desses eventos, medidas adicionais s\u00e3o adotadas quando necess\u00e1rio. No momento, n\u00e3o h\u00e1 indica\u00e7\u00e3o de que sejam necess\u00e1rias novas medidas.\u201d<\/p>\n\n\n<p>Por: Informe Baiano<\/p>\n","protected":false},"excerpt":{"rendered":"<p>O Brasil vive a pior crise h\u00eddrica registrada nos \u00faltimos 91 anos, com escassez de chuvas, reservat\u00f3rios em n\u00edveis baixos e maior demanda por energia em raz\u00e3o da reativa\u00e7\u00e3o da economia para patamares pr\u00e9-pandemia em v\u00e1rios setores. Fatores que, combinados, levaram o governo federal a tomar uma s\u00e9rie de iniciativas. Em entrevista ao programa Brasil [&hellip;]<\/p>\n","protected":false},"author":1,"featured_media":28348,"comment_status":"closed","ping_status":"open","sticky":false,"template":"","format":"standard","meta":{"_uag_custom_page_level_css":"","_monsterinsights_skip_tracking":false,"_monsterinsights_sitenote_active":false,"_monsterinsights_sitenote_note":"","_monsterinsights_sitenote_category":0,"jetpack_post_was_ever_published":false,"_jetpack_newsletter_access":"","_jetpack_dont_email_post_to_subs":false,"_jetpack_newsletter_tier_id":0,"_jetpack_memberships_contains_paywalled_content":false,"_jetpack_memberships_contains_paid_content":false,"footnotes":"","jetpack_publicize_message":"","jetpack_publicize_feature_enabled":true,"jetpack_social_post_already_shared":true,"jetpack_social_options":{"image_generator_settings":{"template":"highway","default_image_id":0,"font":"","enabled":false},"version":2}},"categories":[200],"tags":[5367,5370,5369,5094],"class_list":["post-28347","post","type-post","status-publish","format-standard","has-post-thumbnail","hentry","category-brasil","tag-brasil-em-pauta","tag-crise-hidrica-no-pais","tag-desafios","tag-discute"],"jetpack_publicize_connections":[],"jetpack_featured_media_url":"https:\/\/blogopara.com.br\/wp-content\/uploads\/2021\/09\/christiano_vieira_brasil_em_pauta_1309210210-696x416-1.jpg","uagb_featured_image_src":{"full":["https:\/\/blogopara.com.br\/wp-content\/uploads\/2021\/09\/christiano_vieira_brasil_em_pauta_1309210210-696x416-1.jpg",500,298,false],"thumbnail":["https:\/\/blogopara.com.br\/wp-content\/uploads\/2021\/09\/christiano_vieira_brasil_em_pauta_1309210210-696x416-1-150x150.jpg",150,150,true],"medium":["https:\/\/blogopara.com.br\/wp-content\/uploads\/2021\/09\/christiano_vieira_brasil_em_pauta_1309210210-696x416-1-300x179.jpg",300,179,true],"medium_large":["https:\/\/blogopara.com.br\/wp-content\/uploads\/2021\/09\/christiano_vieira_brasil_em_pauta_1309210210-696x416-1.jpg",500,298,false],"large":["https:\/\/blogopara.com.br\/wp-content\/uploads\/2021\/09\/christiano_vieira_brasil_em_pauta_1309210210-696x416-1.jpg",500,298,false],"1536x1536":["https:\/\/blogopara.com.br\/wp-content\/uploads\/2021\/09\/christiano_vieira_brasil_em_pauta_1309210210-696x416-1.jpg",500,298,false],"2048x2048":["https:\/\/blogopara.com.br\/wp-content\/uploads\/2021\/09\/christiano_vieira_brasil_em_pauta_1309210210-696x416-1.jpg",500,298,false],"mantranews-slider-large":["https:\/\/blogopara.com.br\/wp-content\/uploads\/2021\/09\/christiano_vieira_brasil_em_pauta_1309210210-696x416-1.jpg",500,298,false],"mantranews-featured-medium":["https:\/\/blogopara.com.br\/wp-content\/uploads\/2021\/09\/christiano_vieira_brasil_em_pauta_1309210210-696x416-1-420x298.jpg",420,298,true],"mantranews-featured-long":["https:\/\/blogopara.com.br\/wp-content\/uploads\/2021\/09\/christiano_vieira_brasil_em_pauta_1309210210-696x416-1-300x298.jpg",300,298,true],"mantranews-block-medium":["https:\/\/blogopara.com.br\/wp-content\/uploads\/2021\/09\/christiano_vieira_brasil_em_pauta_1309210210-696x416-1-464x290.jpg",464,290,true],"mantranews-carousel-image":["https:\/\/blogopara.com.br\/wp-content\/uploads\/2021\/09\/christiano_vieira_brasil_em_pauta_1309210210-696x416-1.jpg",500,298,false],"mantranews-block-thumb":["https:\/\/blogopara.com.br\/wp-content\/uploads\/2021\/09\/christiano_vieira_brasil_em_pauta_1309210210-696x416-1-322x230.jpg",322,230,true],"mantranews-single-large":["https:\/\/blogopara.com.br\/wp-content\/uploads\/2021\/09\/christiano_vieira_brasil_em_pauta_1309210210-696x416-1.jpg",500,298,false]},"uagb_author_info":{"display_name":"Reda\u00e7\u00e3o geral","author_link":"https:\/\/blogopara.com.br\/index.php\/author\/blogopara"},"uagb_comment_info":0,"uagb_excerpt":"O Brasil vive a pior crise h\u00eddrica registrada nos \u00faltimos 91 anos, com escassez de chuvas, reservat\u00f3rios em n\u00edveis baixos e maior demanda por energia em raz\u00e3o da reativa\u00e7\u00e3o da economia para patamares pr\u00e9-pandemia em v\u00e1rios setores. Fatores que, combinados, levaram o governo federal a tomar uma s\u00e9rie de iniciativas. Em entrevista ao programa Brasil&hellip;","jetpack_sharing_enabled":true,"jetpack_likes_enabled":true,"_links":{"self":[{"href":"https:\/\/blogopara.com.br\/index.php\/wp-json\/wp\/v2\/posts\/28347","targetHints":{"allow":["GET"]}}],"collection":[{"href":"https:\/\/blogopara.com.br\/index.php\/wp-json\/wp\/v2\/posts"}],"about":[{"href":"https:\/\/blogopara.com.br\/index.php\/wp-json\/wp\/v2\/types\/post"}],"author":[{"embeddable":true,"href":"https:\/\/blogopara.com.br\/index.php\/wp-json\/wp\/v2\/users\/1"}],"replies":[{"embeddable":true,"href":"https:\/\/blogopara.com.br\/index.php\/wp-json\/wp\/v2\/comments?post=28347"}],"version-history":[{"count":1,"href":"https:\/\/blogopara.com.br\/index.php\/wp-json\/wp\/v2\/posts\/28347\/revisions"}],"predecessor-version":[{"id":28349,"href":"https:\/\/blogopara.com.br\/index.php\/wp-json\/wp\/v2\/posts\/28347\/revisions\/28349"}],"wp:featuredmedia":[{"embeddable":true,"href":"https:\/\/blogopara.com.br\/index.php\/wp-json\/wp\/v2\/media\/28348"}],"wp:attachment":[{"href":"https:\/\/blogopara.com.br\/index.php\/wp-json\/wp\/v2\/media?parent=28347"}],"wp:term":[{"taxonomy":"category","embeddable":true,"href":"https:\/\/blogopara.com.br\/index.php\/wp-json\/wp\/v2\/categories?post=28347"},{"taxonomy":"post_tag","embeddable":true,"href":"https:\/\/blogopara.com.br\/index.php\/wp-json\/wp\/v2\/tags?post=28347"}],"curies":[{"name":"wp","href":"https:\/\/api.w.org\/{rel}","templated":true}]}}