{"id":28366,"date":"2021-09-20T11:03:00","date_gmt":"2021-09-20T14:03:00","guid":{"rendered":"https:\/\/blogopara.com.br\/?p=28366"},"modified":"2021-09-20T11:06:05","modified_gmt":"2021-09-20T14:06:05","slug":"viva-luciana-guarda-civil-de-juazeiro-lancara-terceira-edicao-de-projeto-que-incentiva-o-cuidado-com-a-saude-das-mulheres","status":"publish","type":"post","link":"https:\/\/blogopara.com.br\/index.php\/2021\/09\/20\/viva-luciana-guarda-civil-de-juazeiro-lancara-terceira-edicao-de-projeto-que-incentiva-o-cuidado-com-a-saude-das-mulheres","title":{"rendered":"\u201cViva Luciana\u201d: Guarda Civil de Juazeiro lan\u00e7ar\u00e1 terceira edi\u00e7\u00e3o de projeto que incentiva o cuidado com a sa\u00fade das mulheres"},"content":{"rendered":"<p dir=\"ltr\" style=\"text-align: justify;\">Incentivar mulheres a manter e cuidar de sua sa\u00fade e bem-estar s\u00e3o os principais objetivos do projeto \u201cViva Luciana\u201d, criado em 2019 pela Guarda Civil Municipal (GCM) de Juazeiro. E nesta sexta-feira (24), a Prefeitura Municipal, atrav\u00e9s da Companhia de Seguran\u00e7a, Tr\u00e2nsito e Transporte (CSTT), realizar\u00e1 o lan\u00e7amento da sua terceira edi\u00e7\u00e3o.\u00a0<\/p>\n<p dir=\"ltr\" style=\"text-align: justify;\">Este ano, diante da pandemia da Covid-19,\u00a0 o evento de abertura acontecer\u00e1 na C\u00e2mara de Vereadores, \u00e0s 15h, seguindo com todos os protocolos sanit\u00e1rios recomendados pelas organiza\u00e7\u00f5es de sa\u00fade. E nos dias 15 e 29, dando continuidade \u00e0 programa\u00e7\u00e3o, a Guarda Civil Municipal, junto com a Secretaria de Desenvolvimento Social, Mulher e Diversidade (Sedes), Secretaria de Sa\u00fade (Sesau), Clinefro, Instituto Ivete Sangalo, Ronda Maria da Penha e UNIBRAS, ofertar\u00e1 servi\u00e7os gratuitos de sa\u00fade, beleza e palestras sobre o combate \u00e0 viol\u00eancia dom\u00e9stica na comunidade do Salitre e no bairro Argemiro.<\/p>\n<p dir=\"ltr\" style=\"text-align: justify;\">Viva Luciana\u00a0<\/p>\n<p dir=\"ltr\" style=\"text-align: justify;\">O projeto nasceu em 2019, por iniciativa da Guarda Municipal, e em homenagem recebeu o nome da ex-guarda civil Maria Luciana de Aquino Costa. Mulher e profissional atuante, que se tornou um s\u00edmbolo de for\u00e7a e luta, principalmente em sua categoria. Ela faleceu v\u00edtima de c\u00e2ncer de colo de \u00fatero em dezembro de 2018. E a partir deste ano de 2021, o \u201cViva Luciana\u201d estar\u00e1 atuando em diversas campanhas de cunho social e humano em prol da comunidade.<\/p>\n<p dir=\"ltr\" style=\"text-align: justify;\">\u00a0<\/p>\n<p dir=\"ltr\" style=\"text-align: justify;\">Ascom\/CSTT\/PMJ<\/p>\n<p dir=\"ltr\" style=\"text-align: justify;\">\u00a0<\/p>\n","protected":false},"excerpt":{"rendered":"<p>Incentivar mulheres a manter e cuidar de sua sa\u00fade e bem-estar s\u00e3o os principais objetivos do projeto \u201cViva Luciana\u201d, criado em 2019 pela Guarda Civil Municipal (GCM) de Juazeiro. E nesta sexta-feira (24), a Prefeitura Municipal, atrav\u00e9s da Companhia de Seguran\u00e7a, Tr\u00e2nsito e Transporte (CSTT), realizar\u00e1 o lan\u00e7amento da sua terceira edi\u00e7\u00e3o.\u00a0 Este ano, diante [&hellip;]<\/p>\n","protected":false},"author":1,"featured_media":28369,"comment_status":"closed","ping_status":"open","sticky":false,"template":"","format":"standard","meta":{"_uag_custom_page_level_css":"","_monsterinsights_skip_tracking":false,"_monsterinsights_sitenote_active":false,"_monsterinsights_sitenote_note":"","_monsterinsights_sitenote_category":0,"jetpack_post_was_ever_published":false,"_jetpack_newsletter_access":"","_jetpack_dont_email_post_to_subs":false,"_jetpack_newsletter_tier_id":0,"_jetpack_memberships_contains_paywalled_content":false,"_jetpack_memberships_contains_paid_content":false,"footnotes":"","jetpack_publicize_message":"","jetpack_publicize_feature_enabled":true,"jetpack_social_post_already_shared":true,"jetpack_social_options":{"image_generator_settings":{"template":"highway","default_image_id":0,"font":"","enabled":false},"version":2}},"categories":[203],"tags":[5383,1621,5384,1622,5382,193],"class_list":["post-28366","post","type-post","status-publish","format-standard","has-post-thumbnail","hentry","category-juazeiro","tag-edicao-de-projeto","tag-guarda-civil","tag-incentiva-cuidado-com-saude","tag-juazeiro-bahia","tag-lancara-terceira","tag-mulheres"],"jetpack_publicize_connections":[],"jetpack_featured_media_url":"https:\/\/blogopara.com.br\/wp-content\/uploads\/2021\/09\/GCM-Projeto-Viva-Luciana.jpeg","uagb_featured_image_src":{"full":["https:\/\/blogopara.com.br\/wp-content\/uploads\/2021\/09\/GCM-Projeto-Viva-Luciana.jpeg",500,375,false],"thumbnail":["https:\/\/blogopara.com.br\/wp-content\/uploads\/2021\/09\/GCM-Projeto-Viva-Luciana-150x150.jpeg",150,150,true],"medium":["https:\/\/blogopara.com.br\/wp-content\/uploads\/2021\/09\/GCM-Projeto-Viva-Luciana-300x225.jpeg",300,225,true],"medium_large":["https:\/\/blogopara.com.br\/wp-content\/uploads\/2021\/09\/GCM-Projeto-Viva-Luciana.jpeg",500,375,false],"large":["https:\/\/blogopara.com.br\/wp-content\/uploads\/2021\/09\/GCM-Projeto-Viva-Luciana.jpeg",500,375,false],"1536x1536":["https:\/\/blogopara.com.br\/wp-content\/uploads\/2021\/09\/GCM-Projeto-Viva-Luciana.jpeg",500,375,false],"2048x2048":["https:\/\/blogopara.com.br\/wp-content\/uploads\/2021\/09\/GCM-Projeto-Viva-Luciana.jpeg",500,375,false],"mantranews-slider-large":["https:\/\/blogopara.com.br\/wp-content\/uploads\/2021\/09\/GCM-Projeto-Viva-Luciana.jpeg",500,375,false],"mantranews-featured-medium":["https:\/\/blogopara.com.br\/wp-content\/uploads\/2021\/09\/GCM-Projeto-Viva-Luciana-420x307.jpeg",420,307,true],"mantranews-featured-long":["https:\/\/blogopara.com.br\/wp-content\/uploads\/2021\/09\/GCM-Projeto-Viva-Luciana-300x375.jpeg",300,375,true],"mantranews-block-medium":["https:\/\/blogopara.com.br\/wp-content\/uploads\/2021\/09\/GCM-Projeto-Viva-Luciana-464x290.jpeg",464,290,true],"mantranews-carousel-image":["https:\/\/blogopara.com.br\/wp-content\/uploads\/2021\/09\/GCM-Projeto-Viva-Luciana.jpeg",500,375,false],"mantranews-block-thumb":["https:\/\/blogopara.com.br\/wp-content\/uploads\/2021\/09\/GCM-Projeto-Viva-Luciana-322x230.jpeg",322,230,true],"mantranews-single-large":["https:\/\/blogopara.com.br\/wp-content\/uploads\/2021\/09\/GCM-Projeto-Viva-Luciana.jpeg",500,375,false]},"uagb_author_info":{"display_name":"Reda\u00e7\u00e3o geral","author_link":"https:\/\/blogopara.com.br\/index.php\/author\/blogopara"},"uagb_comment_info":0,"uagb_excerpt":"Incentivar mulheres a manter e cuidar de sua sa\u00fade e bem-estar s\u00e3o os principais objetivos do projeto \u201cViva Luciana\u201d, criado em 2019 pela Guarda Civil Municipal (GCM) de Juazeiro. E nesta sexta-feira (24), a Prefeitura Municipal, atrav\u00e9s da Companhia de Seguran\u00e7a, Tr\u00e2nsito e Transporte (CSTT), realizar\u00e1 o lan\u00e7amento da sua terceira edi\u00e7\u00e3o.\u00a0 Este ano, diante&hellip;","jetpack_sharing_enabled":true,"jetpack_likes_enabled":true,"_links":{"self":[{"href":"https:\/\/blogopara.com.br\/index.php\/wp-json\/wp\/v2\/posts\/28366","targetHints":{"allow":["GET"]}}],"collection":[{"href":"https:\/\/blogopara.com.br\/index.php\/wp-json\/wp\/v2\/posts"}],"about":[{"href":"https:\/\/blogopara.com.br\/index.php\/wp-json\/wp\/v2\/types\/post"}],"author":[{"embeddable":true,"href":"https:\/\/blogopara.com.br\/index.php\/wp-json\/wp\/v2\/users\/1"}],"replies":[{"embeddable":true,"href":"https:\/\/blogopara.com.br\/index.php\/wp-json\/wp\/v2\/comments?post=28366"}],"version-history":[{"count":1,"href":"https:\/\/blogopara.com.br\/index.php\/wp-json\/wp\/v2\/posts\/28366\/revisions"}],"predecessor-version":[{"id":28370,"href":"https:\/\/blogopara.com.br\/index.php\/wp-json\/wp\/v2\/posts\/28366\/revisions\/28370"}],"wp:featuredmedia":[{"embeddable":true,"href":"https:\/\/blogopara.com.br\/index.php\/wp-json\/wp\/v2\/media\/28369"}],"wp:attachment":[{"href":"https:\/\/blogopara.com.br\/index.php\/wp-json\/wp\/v2\/media?parent=28366"}],"wp:term":[{"taxonomy":"category","embeddable":true,"href":"https:\/\/blogopara.com.br\/index.php\/wp-json\/wp\/v2\/categories?post=28366"},{"taxonomy":"post_tag","embeddable":true,"href":"https:\/\/blogopara.com.br\/index.php\/wp-json\/wp\/v2\/tags?post=28366"}],"curies":[{"name":"wp","href":"https:\/\/api.w.org\/{rel}","templated":true}]}}