{"id":28383,"date":"2021-09-20T17:18:00","date_gmt":"2021-09-20T20:18:00","guid":{"rendered":"https:\/\/blogopara.com.br\/?p=28383"},"modified":"2021-09-20T14:05:53","modified_gmt":"2021-09-20T17:05:53","slug":"confira-o-que-abre-e-fecha-na-terca-feira-21-feriado-do-aniversario-de-petrolina","status":"publish","type":"post","link":"https:\/\/blogopara.com.br\/index.php\/2021\/09\/20\/confira-o-que-abre-e-fecha-na-terca-feira-21-feriado-do-aniversario-de-petrolina","title":{"rendered":"Confira o que abre e fecha na ter\u00e7a-feira (21), feriado do anivers\u00e1rio de Petrolina"},"content":{"rendered":"<div class=\"mc-column content-text active-extra-styles \" data-block-type=\"unstyled\" data-block-weight=\"33\" data-block-id=\"2\">\n<p class=\"content-text__container \" style=\"text-align: justify;\" data-track-category=\"Link no Texto\" data-track-links=\"\">Nesta ter\u00e7a-feira (21), Petrolina, no Sert\u00e3o de Pernambuco, comemora 126 anos de emancipa\u00e7\u00e3o pol\u00edtica. Por causa do feriado municipal, alguns estabelecimentos estar\u00e3o fechados. Saiba o hor\u00e1rio de funcionamento do com\u00e9rcio, prefeitura, shopping.<\/p>\n<\/div>\n<div class=\"wall protected-content\">\n<div class=\"mc-column content-text active-extra-styles\" style=\"text-align: justify;\" data-block-type=\"raw\" data-block-weight=\"1\" data-block-id=\"3\">\n<p class=\"content-text__container\">\n<div class=\"content-intertitle\">\n<h2>Com\u00e9rcio<\/h2>\n<\/div>\n<\/div>\n<div class=\"mc-column content-text active-extra-styles \" style=\"text-align: justify;\" data-block-type=\"unstyled\" data-block-weight=\"31\" data-block-id=\"4\">\n<p class=\"content-text__container \" data-track-category=\"Link no Texto\" data-track-links=\"\">De acordo com o Sindicato do Com\u00e9rcio Varejista de Petrolina, as lojas do com\u00e9rcio da cidade n\u00e3o v\u00e3o funcionar no feriado desta ter\u00e7a-feira. Os lojistas de munic\u00edpio reabrem na quarta-feira (22).<\/p>\n<\/div>\n<div class=\"mc-column content-text active-extra-styles \" style=\"text-align: justify;\" data-block-type=\"unstyled\" data-block-weight=\"20\" data-block-id=\"5\">\n<p class=\"content-text__container \" data-track-category=\"Link no Texto\" data-track-links=\"\">Os segmentos de servi\u00e7os essenciais possuem atividade de interesse p\u00fablico e, por este motivo, n\u00e3o h\u00e1 restri\u00e7\u00e3o para o funcionamento.<\/p>\n<\/div>\n<div class=\"mc-column content-text active-extra-styles\" style=\"text-align: justify;\" data-block-type=\"raw\" data-block-weight=\"4\" data-block-id=\"6\">\n<p class=\"content-text__container\">\n<div class=\"content-intertitle\">\n<h2>Prefeitura e servi\u00e7os municipais<\/h2>\n<\/div>\n<\/div>\n<div class=\"mc-column content-text active-extra-styles \" style=\"text-align: justify;\" data-block-type=\"unstyled\" data-block-weight=\"60\" data-block-id=\"7\">\n<p class=\"content-text__container \" data-track-category=\"Link no Texto\" data-track-links=\"\">A Prefeitura de Petrolina decretou ponto facultativo nesta segunda-feira (21), v\u00e9spera do feriado. Na ter\u00e7a-feira, a administra\u00e7\u00e3o tamb\u00e9m fica fechada. O ponto facultativo n\u00e3o altera o funcionamento de \u00f3rg\u00e3os e servi\u00e7os considerados essenciais e indispens\u00e1veis ao atendimento de urg\u00eancias ou emerg\u00eancias, relacionados \u00e0s Secretarias Municipais de Sa\u00fade e Educa\u00e7\u00e3o, Cultura e Esportes e o setor de limpeza p\u00fablica.<\/p>\n<\/div>\n<div class=\"mc-column content-text active-extra-styles\" style=\"text-align: justify;\" data-block-type=\"raw\" data-block-weight=\"1\" data-block-id=\"8\">\n<p class=\"content-text__container\">\n<div class=\"content-intertitle\">\n<h2>Shopping<\/h2>\n<\/div>\n<\/div>\n<div class=\"mc-column content-text active-extra-styles \" style=\"text-align: justify;\" data-block-type=\"unstyled\" data-block-weight=\"45\" data-block-id=\"9\">\n<p class=\"content-text__container \" data-track-category=\"Link no Texto\" data-track-links=\"\">As lojas funcionar\u00e3o das 11h \u00e0s 18h, a pra\u00e7a de alimenta\u00e7\u00e3o e lazer vai receber o p\u00fablico das 11h \u00e0s 18h, com delivery at\u00e9 \u00e0s 22h. O supermercado funcionar\u00e1, das 8h as 20h. A Caixa Econ\u00f4mica, o Expresso Cidad\u00e3o e a lot\u00e9rica estar\u00e3o fechados.<\/p>\n<\/div>\n<div class=\"mc-column content-text active-extra-styles\" style=\"text-align: justify;\" data-block-type=\"raw\" data-block-weight=\"2\" data-block-id=\"10\">\n<p class=\"content-text__container\">\n<div class=\"content-intertitle\">\n<h2>Ag\u00eancias banc\u00e1rias<\/h2>\n<\/div>\n<p><span style=\"font-size: revert; color: initial;\">As ag\u00eancias banc\u00e1rias n\u00e3o funcionar\u00e3o na ter\u00e7a-feira. Voltam a atender o p\u00fablico na quarta-feira, em hor\u00e1rio normal. Outros servi\u00e7os, como caixas eletr\u00f4nicos e atendimento online ou pelo celular permanecem ativos.<\/span><\/p>\n<\/div>\n<p style=\"text-align: justify;\">Por: G1 Petrolina<\/p>\n<div class=\"content-ads content-ads--reveal\" data-block-type=\"ads\" data-block-id=\"12\">\n<div id=\"banner_materia2\" class=\"tag-manager-publicidade-container mc-has-reveal mc-has-ad-lazyload tag-manager-publicidade-banner_materia2 tag-manager-publicidade-container--carregado tag-manager-publicidade-container--visivel\" style=\"text-align: justify;\" data-id=\"banner_materia2\" data-req=\"true\" data-google-query-id=\"CMuMnI2CjvMCFS4tuQYdd0IKdA\" data-cid=\"138363792504\" data-lid=\"5789399881\"><\/div>\n<\/div>\n<\/div>\n","protected":false},"excerpt":{"rendered":"<p>Nesta ter\u00e7a-feira (21), Petrolina, no Sert\u00e3o de Pernambuco, comemora 126 anos de emancipa\u00e7\u00e3o pol\u00edtica. Por causa do feriado municipal, alguns estabelecimentos estar\u00e3o fechados. Saiba o hor\u00e1rio de funcionamento do com\u00e9rcio, prefeitura, shopping. Com\u00e9rcio De acordo com o Sindicato do Com\u00e9rcio Varejista de Petrolina, as lojas do com\u00e9rcio da cidade n\u00e3o v\u00e3o funcionar no feriado desta [&hellip;]<\/p>\n","protected":false},"author":1,"featured_media":28384,"comment_status":"closed","ping_status":"open","sticky":false,"template":"","format":"standard","meta":{"_uag_custom_page_level_css":"","_monsterinsights_skip_tracking":false,"_monsterinsights_sitenote_active":false,"_monsterinsights_sitenote_note":"","_monsterinsights_sitenote_category":0,"jetpack_post_was_ever_published":false,"_jetpack_newsletter_access":"","_jetpack_dont_email_post_to_subs":false,"_jetpack_newsletter_tier_id":0,"_jetpack_memberships_contains_paywalled_content":false,"_jetpack_memberships_contains_paid_content":false,"footnotes":"","jetpack_publicize_message":"","jetpack_publicize_feature_enabled":true,"jetpack_social_post_already_shared":true,"jetpack_social_options":{"image_generator_settings":{"template":"highway","default_image_id":0,"font":"","enabled":false},"version":2}},"categories":[851],"tags":[1785,5393,940,5394],"class_list":["post-28383","post","type-post","status-publish","format-standard","has-post-thumbnail","hentry","category-petrolina","tag-abre-e-fecha","tag-aniversario-de-petrolina","tag-feriado","tag-terca-feira"],"jetpack_publicize_connections":[],"jetpack_featured_media_url":"https:\/\/blogopara.com.br\/wp-content\/uploads\/2021\/09\/mauricio_andre_anjos_-_205x145cm.jpg","uagb_featured_image_src":{"full":["https:\/\/blogopara.com.br\/wp-content\/uploads\/2021\/09\/mauricio_andre_anjos_-_205x145cm.jpg",500,353,false],"thumbnail":["https:\/\/blogopara.com.br\/wp-content\/uploads\/2021\/09\/mauricio_andre_anjos_-_205x145cm-150x150.jpg",150,150,true],"medium":["https:\/\/blogopara.com.br\/wp-content\/uploads\/2021\/09\/mauricio_andre_anjos_-_205x145cm-300x212.jpg",300,212,true],"medium_large":["https:\/\/blogopara.com.br\/wp-content\/uploads\/2021\/09\/mauricio_andre_anjos_-_205x145cm.jpg",500,353,false],"large":["https:\/\/blogopara.com.br\/wp-content\/uploads\/2021\/09\/mauricio_andre_anjos_-_205x145cm.jpg",500,353,false],"1536x1536":["https:\/\/blogopara.com.br\/wp-content\/uploads\/2021\/09\/mauricio_andre_anjos_-_205x145cm.jpg",500,353,false],"2048x2048":["https:\/\/blogopara.com.br\/wp-content\/uploads\/2021\/09\/mauricio_andre_anjos_-_205x145cm.jpg",500,353,false],"mantranews-slider-large":["https:\/\/blogopara.com.br\/wp-content\/uploads\/2021\/09\/mauricio_andre_anjos_-_205x145cm.jpg",500,353,false],"mantranews-featured-medium":["https:\/\/blogopara.com.br\/wp-content\/uploads\/2021\/09\/mauricio_andre_anjos_-_205x145cm-420x307.jpg",420,307,true],"mantranews-featured-long":["https:\/\/blogopara.com.br\/wp-content\/uploads\/2021\/09\/mauricio_andre_anjos_-_205x145cm-300x353.jpg",300,353,true],"mantranews-block-medium":["https:\/\/blogopara.com.br\/wp-content\/uploads\/2021\/09\/mauricio_andre_anjos_-_205x145cm-464x290.jpg",464,290,true],"mantranews-carousel-image":["https:\/\/blogopara.com.br\/wp-content\/uploads\/2021\/09\/mauricio_andre_anjos_-_205x145cm.jpg",500,353,false],"mantranews-block-thumb":["https:\/\/blogopara.com.br\/wp-content\/uploads\/2021\/09\/mauricio_andre_anjos_-_205x145cm-322x230.jpg",322,230,true],"mantranews-single-large":["https:\/\/blogopara.com.br\/wp-content\/uploads\/2021\/09\/mauricio_andre_anjos_-_205x145cm.jpg",500,353,false]},"uagb_author_info":{"display_name":"Reda\u00e7\u00e3o geral","author_link":"https:\/\/blogopara.com.br\/index.php\/author\/blogopara"},"uagb_comment_info":0,"uagb_excerpt":"Nesta ter\u00e7a-feira (21), Petrolina, no Sert\u00e3o de Pernambuco, comemora 126 anos de emancipa\u00e7\u00e3o pol\u00edtica. Por causa do feriado municipal, alguns estabelecimentos estar\u00e3o fechados. Saiba o hor\u00e1rio de funcionamento do com\u00e9rcio, prefeitura, shopping. Com\u00e9rcio De acordo com o Sindicato do Com\u00e9rcio Varejista de Petrolina, as lojas do com\u00e9rcio da cidade n\u00e3o v\u00e3o funcionar no feriado desta&hellip;","jetpack_sharing_enabled":true,"jetpack_likes_enabled":true,"_links":{"self":[{"href":"https:\/\/blogopara.com.br\/index.php\/wp-json\/wp\/v2\/posts\/28383","targetHints":{"allow":["GET"]}}],"collection":[{"href":"https:\/\/blogopara.com.br\/index.php\/wp-json\/wp\/v2\/posts"}],"about":[{"href":"https:\/\/blogopara.com.br\/index.php\/wp-json\/wp\/v2\/types\/post"}],"author":[{"embeddable":true,"href":"https:\/\/blogopara.com.br\/index.php\/wp-json\/wp\/v2\/users\/1"}],"replies":[{"embeddable":true,"href":"https:\/\/blogopara.com.br\/index.php\/wp-json\/wp\/v2\/comments?post=28383"}],"version-history":[{"count":1,"href":"https:\/\/blogopara.com.br\/index.php\/wp-json\/wp\/v2\/posts\/28383\/revisions"}],"predecessor-version":[{"id":28385,"href":"https:\/\/blogopara.com.br\/index.php\/wp-json\/wp\/v2\/posts\/28383\/revisions\/28385"}],"wp:featuredmedia":[{"embeddable":true,"href":"https:\/\/blogopara.com.br\/index.php\/wp-json\/wp\/v2\/media\/28384"}],"wp:attachment":[{"href":"https:\/\/blogopara.com.br\/index.php\/wp-json\/wp\/v2\/media?parent=28383"}],"wp:term":[{"taxonomy":"category","embeddable":true,"href":"https:\/\/blogopara.com.br\/index.php\/wp-json\/wp\/v2\/categories?post=28383"},{"taxonomy":"post_tag","embeddable":true,"href":"https:\/\/blogopara.com.br\/index.php\/wp-json\/wp\/v2\/tags?post=28383"}],"curies":[{"name":"wp","href":"https:\/\/api.w.org\/{rel}","templated":true}]}}