{"id":28389,"date":"2021-09-20T19:28:00","date_gmt":"2021-09-20T22:28:00","guid":{"rendered":"https:\/\/blogopara.com.br\/?p=28389"},"modified":"2021-09-20T14:38:40","modified_gmt":"2021-09-20T17:38:40","slug":"prefeitura-de-juazeiro-divulga-primeiro-edital-de-convocacao-do-processo-seletivo-simplificado-da-secretaria-de-saude","status":"publish","type":"post","link":"https:\/\/blogopara.com.br\/index.php\/2021\/09\/20\/prefeitura-de-juazeiro-divulga-primeiro-edital-de-convocacao-do-processo-seletivo-simplificado-da-secretaria-de-saude","title":{"rendered":"Prefeitura de Juazeiro divulga primeiro edital de convoca\u00e7\u00e3o do Processo Seletivo Simplificado da Secretaria de Sa\u00fade"},"content":{"rendered":"<p style=\"text-align: justify;\">A Prefeitura de Juazeiro, atrav\u00e9s da Secretaria de Gest\u00e3o de Pessoas (Segesp), divulgou o Edital de Convoca\u00e7\u00e3o N\u00ba 001\/2021 do Processo Seletivo Simplificado da Secretaria de Sa\u00fade (Sesau) no Di\u00e1rio Oficial do Munic\u00edpio. Os candidatos t\u00eam at\u00e9 o dia 22 de setembro de 2021.<\/p>\n<p style=\"text-align: justify;\">\u00a0<\/p>\n<p style=\"text-align: justify;\">\u00a0<\/p>\n<p style=\"text-align: justify;\"><strong>Rela\u00e7\u00e3o de convocados e documenta\u00e7\u00e3o<\/strong><\/p>\n<p style=\"text-align: justify;\">\u00a0<\/p>\n<p style=\"text-align: justify;\">A rela\u00e7\u00e3o de\u00a0convocados, bem como toda a documenta\u00e7\u00e3o exigida est\u00e1 dispon\u00edvel no Di\u00e1rio Oficial do Munic\u00edpio (<a href=\"http:\/\/doem.org.br\/ba\/juazeiro\/diarios\/previsualizar\/0jOvXbaM\" data-saferedirecturl=\"https:\/\/www.google.com\/url?q=http:\/\/doem.org.br\/ba\/juazeiro\/diarios\/previsualizar\/0jOvXbaM&amp;source=gmail&amp;ust=1632245164951000&amp;usg=AFQjCNHoVCr6DEXD7_nnj9S55To_Jow5Ow\">http:\/\/doem.org.br\/ba\/juazeiro\/diarios\/previsualizar\/0jOvXbaM<\/a>), a partir da p\u00e1gina 166.<\/p>\n<p style=\"text-align: justify;\">\u00a0<\/p>\n<p style=\"text-align: justify;\"><strong>Entrega da documenta\u00e7\u00e3o<\/strong><\/p>\n<p style=\"text-align: justify;\">\u00a0<\/p>\n<p style=\"text-align: justify;\">Para a entrega de documentos, os candidatos convocados dever\u00e3o comparecer no Setor de Recursos Humanos da Secretaria Municipal de Sa\u00fade, localizado no Shopping \u00c1guas Center, nos dias 21 e 22 de setembro de 2020, das 08h30 \u00e0s 16h30.<\/p>\n<p style=\"text-align: justify;\">O uso de m\u00e1scara \u00e9 obrigat\u00f3rio, bem como o \u00a0\u00a0respeito a todos os protocolos de seguran\u00e7a estabelecidos pela Organiza\u00e7\u00e3o Mundial de Sa\u00fade (OMS) contra o Coronav\u00edrus. O n\u00e3o comparecimento do candidato no prazo estipulado para entrega dos documentos ocasionar\u00e1 a exclus\u00e3o do processo seletivo.<\/p>\n<p style=\"text-align: justify;\">\u00a0<\/p>\n<p style=\"text-align: justify;\">\u00a0<\/p>\n<p style=\"text-align: justify;\"><strong>Contrata\u00e7\u00e3o<\/strong><\/p>\n<p style=\"text-align: justify;\">\u00a0<\/p>\n<p style=\"text-align: justify;\">A admiss\u00e3o de candidato fica condicionada ao atendimento das condi\u00e7\u00f5es previstas no edital. N\u00e3o poder\u00e3o ser contratados candidatos que, nos \u00faltimos tr\u00eas meses, a contar do encerramento de seu contrato anterior, tenham mantido v\u00ednculo contratual em Regime Especial de Direito Administrativo com o Munic\u00edpio de Juazeiro, Estado da Bahia, em aten\u00e7\u00e3o ao disposto no art. 10, inciso III, da Lei Municipal n\u00ba 2.017\/2009, conforme reda\u00e7\u00e3o conferida pela Lei Municipal n\u00ba 2.321\/2012. Os contratados n\u00e3o ser\u00e3o abrangidos pelos crit\u00e9rios de progress\u00e3o e promo\u00e7\u00e3o estabelecidos no Plano de Cargos, Carreiras e Remunera\u00e7\u00e3o<\/p>\n<p style=\"text-align: justify;\">\u00a0<\/p>\n<p style=\"text-align: justify;\"><strong>Contato<\/strong><\/p>\n<p style=\"text-align: justify;\">\u00a0<\/p>\n<p style=\"text-align: justify;\">Para quaisquer d\u00favidas, os candidatos podem entrar em contato direto com a Segesp, atrav\u00e9s do n\u00famero de telefone: (74) 3612-3620 ou pelo e-mail:\u00a0<a href=\"mailto:recepcao.segesp.pmj@gmail.com\">recepcao.segesp.pmj@gmail.com<\/a>.<\/p>\n<p style=\"text-align: justify;\">\u00a0<\/p>\n<p style=\"text-align: justify;\">Ascom\/Segesp\/PMJ<\/p>\n<p style=\"text-align: justify;\">\u00a0<\/p>\n<p style=\"text-align: justify;\">\u00a0<\/p>\n","protected":false},"excerpt":{"rendered":"<p>A Prefeitura de Juazeiro, atrav\u00e9s da Secretaria de Gest\u00e3o de Pessoas (Segesp), divulgou o Edital de Convoca\u00e7\u00e3o N\u00ba 001\/2021 do Processo Seletivo Simplificado da Secretaria de Sa\u00fade (Sesau) no Di\u00e1rio Oficial do Munic\u00edpio. Os candidatos t\u00eam at\u00e9 o dia 22 de setembro de 2021. \u00a0 \u00a0 Rela\u00e7\u00e3o de convocados e documenta\u00e7\u00e3o \u00a0 A rela\u00e7\u00e3o de\u00a0convocados, [&hellip;]<\/p>\n","protected":false},"author":1,"featured_media":22149,"comment_status":"closed","ping_status":"open","sticky":false,"template":"","format":"standard","meta":{"_uag_custom_page_level_css":"","_monsterinsights_skip_tracking":false,"_monsterinsights_sitenote_active":false,"_monsterinsights_sitenote_note":"","_monsterinsights_sitenote_category":0,"jetpack_post_was_ever_published":false,"_jetpack_newsletter_access":"","_jetpack_dont_email_post_to_subs":false,"_jetpack_newsletter_tier_id":0,"_jetpack_memberships_contains_paywalled_content":false,"_jetpack_memberships_contains_paid_content":false,"footnotes":"","jetpack_publicize_message":"","jetpack_publicize_feature_enabled":true,"jetpack_social_post_already_shared":true,"jetpack_social_options":{"image_generator_settings":{"template":"highway","default_image_id":0,"font":"","enabled":false},"version":2}},"categories":[203,205],"tags":[2590,3827,340,5395,993],"class_list":["post-28389","post","type-post","status-publish","format-standard","has-post-thumbnail","hentry","category-juazeiro","category-saude","tag-convocacao","tag-divulgacao","tag-prefeitura-de-juazeiro","tag-primeiro-edital","tag-processo-seletivo"],"jetpack_publicize_connections":[],"jetpack_featured_media_url":"https:\/\/blogopara.com.br\/wp-content\/uploads\/2021\/04\/Prefeitura-de-Juazeiro-2.jpeg","uagb_featured_image_src":{"full":["https:\/\/blogopara.com.br\/wp-content\/uploads\/2021\/04\/Prefeitura-de-Juazeiro-2.jpeg",500,333,false],"thumbnail":["https:\/\/blogopara.com.br\/wp-content\/uploads\/2021\/04\/Prefeitura-de-Juazeiro-2-150x150.jpeg",150,150,true],"medium":["https:\/\/blogopara.com.br\/wp-content\/uploads\/2021\/04\/Prefeitura-de-Juazeiro-2-300x200.jpeg",300,200,true],"medium_large":["https:\/\/blogopara.com.br\/wp-content\/uploads\/2021\/04\/Prefeitura-de-Juazeiro-2.jpeg",500,333,false],"large":["https:\/\/blogopara.com.br\/wp-content\/uploads\/2021\/04\/Prefeitura-de-Juazeiro-2.jpeg",500,333,false],"1536x1536":["https:\/\/blogopara.com.br\/wp-content\/uploads\/2021\/04\/Prefeitura-de-Juazeiro-2.jpeg",500,333,false],"2048x2048":["https:\/\/blogopara.com.br\/wp-content\/uploads\/2021\/04\/Prefeitura-de-Juazeiro-2.jpeg",500,333,false],"mantranews-slider-large":["https:\/\/blogopara.com.br\/wp-content\/uploads\/2021\/04\/Prefeitura-de-Juazeiro-2.jpeg",500,333,false],"mantranews-featured-medium":["https:\/\/blogopara.com.br\/wp-content\/uploads\/2021\/04\/Prefeitura-de-Juazeiro-2-420x307.jpeg",420,307,true],"mantranews-featured-long":["https:\/\/blogopara.com.br\/wp-content\/uploads\/2021\/04\/Prefeitura-de-Juazeiro-2-300x333.jpeg",300,333,true],"mantranews-block-medium":["https:\/\/blogopara.com.br\/wp-content\/uploads\/2021\/04\/Prefeitura-de-Juazeiro-2-464x290.jpeg",464,290,true],"mantranews-carousel-image":["https:\/\/blogopara.com.br\/wp-content\/uploads\/2021\/04\/Prefeitura-de-Juazeiro-2.jpeg",500,333,false],"mantranews-block-thumb":["https:\/\/blogopara.com.br\/wp-content\/uploads\/2021\/04\/Prefeitura-de-Juazeiro-2-322x230.jpeg",322,230,true],"mantranews-single-large":["https:\/\/blogopara.com.br\/wp-content\/uploads\/2021\/04\/Prefeitura-de-Juazeiro-2.jpeg",500,333,false]},"uagb_author_info":{"display_name":"Reda\u00e7\u00e3o geral","author_link":"https:\/\/blogopara.com.br\/index.php\/author\/blogopara"},"uagb_comment_info":0,"uagb_excerpt":"A Prefeitura de Juazeiro, atrav\u00e9s da Secretaria de Gest\u00e3o de Pessoas (Segesp), divulgou o Edital de Convoca\u00e7\u00e3o N\u00ba 001\/2021 do Processo Seletivo Simplificado da Secretaria de Sa\u00fade (Sesau) no Di\u00e1rio Oficial do Munic\u00edpio. Os candidatos t\u00eam at\u00e9 o dia 22 de setembro de 2021. \u00a0 \u00a0 Rela\u00e7\u00e3o de convocados e documenta\u00e7\u00e3o \u00a0 A rela\u00e7\u00e3o de\u00a0convocados,&hellip;","jetpack_sharing_enabled":true,"jetpack_likes_enabled":true,"_links":{"self":[{"href":"https:\/\/blogopara.com.br\/index.php\/wp-json\/wp\/v2\/posts\/28389","targetHints":{"allow":["GET"]}}],"collection":[{"href":"https:\/\/blogopara.com.br\/index.php\/wp-json\/wp\/v2\/posts"}],"about":[{"href":"https:\/\/blogopara.com.br\/index.php\/wp-json\/wp\/v2\/types\/post"}],"author":[{"embeddable":true,"href":"https:\/\/blogopara.com.br\/index.php\/wp-json\/wp\/v2\/users\/1"}],"replies":[{"embeddable":true,"href":"https:\/\/blogopara.com.br\/index.php\/wp-json\/wp\/v2\/comments?post=28389"}],"version-history":[{"count":1,"href":"https:\/\/blogopara.com.br\/index.php\/wp-json\/wp\/v2\/posts\/28389\/revisions"}],"predecessor-version":[{"id":28390,"href":"https:\/\/blogopara.com.br\/index.php\/wp-json\/wp\/v2\/posts\/28389\/revisions\/28390"}],"wp:featuredmedia":[{"embeddable":true,"href":"https:\/\/blogopara.com.br\/index.php\/wp-json\/wp\/v2\/media\/22149"}],"wp:attachment":[{"href":"https:\/\/blogopara.com.br\/index.php\/wp-json\/wp\/v2\/media?parent=28389"}],"wp:term":[{"taxonomy":"category","embeddable":true,"href":"https:\/\/blogopara.com.br\/index.php\/wp-json\/wp\/v2\/categories?post=28389"},{"taxonomy":"post_tag","embeddable":true,"href":"https:\/\/blogopara.com.br\/index.php\/wp-json\/wp\/v2\/tags?post=28389"}],"curies":[{"name":"wp","href":"https:\/\/api.w.org\/{rel}","templated":true}]}}