{"id":28460,"date":"2021-09-22T17:10:00","date_gmt":"2021-09-22T20:10:00","guid":{"rendered":"https:\/\/blogopara.com.br\/?p=28460"},"modified":"2021-09-22T14:19:55","modified_gmt":"2021-09-22T17:19:55","slug":"petrolina-um-festival-e-um-show","status":"publish","type":"post","link":"https:\/\/blogopara.com.br\/index.php\/2021\/09\/22\/petrolina-um-festival-e-um-show","title":{"rendered":"Petrolina, um festival e um show"},"content":{"rendered":"<p style=\"text-align: justify;\">O que h\u00e1 de comum entre um festival e um show? Pouca coisa desde que n\u00e3o tenham acontecido num lugar por nome Petrolina. A terra onde o imposs\u00edvel amanhece prov\u00e1vel e anoitece pleno, realiz\u00e1vel. E antes que adorme\u00e7a o sol deste anivers\u00e1rio de 126 anos, vamos apurar algumas sobras de lembran\u00e7as e retornar a 1980, h\u00e1 41 anos, quando tivemos dois momentos emblem\u00e1ticos da cultura sanfranciscana: o &#8216;1\u00ba Festival L\u00edtero Musical da Faculdade de Forma\u00e7\u00e3o de Professores de Petrolina \u2013 FFPP&#8217; e o show &#8216;Cabelo duro \u00e9 preciso que \u00e9 pra ser voc\u00ea crioulo&#8217;.<\/p>\n<p style=\"text-align: justify;\">O festival, inspirado no &#8216;MPB 1980&#8217;, realizado pela TV Globo no Rio de Janeiro, foi meu primeiro alumbramento e deu in\u00edcio a uma parceria po\u00e9tica com L\u00eanio Ferraz que resultou na publica\u00e7\u00e3o dos livros Suspiros de Imagina\u00e7\u00f5es (1981) e Sementes (1983). Participamos da primeira eliminat\u00f3ria, defendendo a can\u00e7\u00e3o Voar sem Asas. Era o m\u00eas de junho e o Cine Massangano, hoje Centro Cultural Dom Bosco, completamente tomado, respirava t\u00e3o somente os acordes e harmonias, arranjos, letras, melodias, o sentimento dos artistas da regi\u00e3o. A banda base, Mirage, animava as torcidas organizadas ao som dos solos do guitarrista Jo\u00e3o Neto, o garanhuense que anos depois veio a tocar com nomes como Dominguinhos, Nando Cordel e Belchior. Tudo bem conduzido com o talento dos apresentadores Daniel Campos e Stella Rios e sob os cuidados de um j\u00fari formado por artistas, jornalistas e professores. O primeiro lugar, j\u00e1 era esperado, foi para Maciel Melo, com a m\u00fasica \u2018Cheia\u2019. A nossa can\u00e7\u00e3o n\u00e3o ganhou pr\u00eamios, mas pela empolga\u00e7\u00e3o foi escolhida para abrir a final deste festival, que al\u00e9m do incentivo, marcou a linguagem e o estilo de muitos compositores ribeirinhos.<\/p>\n<p style=\"text-align: justify;\">Tr\u00eas meses depois, a cidade, ainda sob esse clima, viveu o show que mais incrivelmente teve a plateia en\u00e9rgica e participativa. Era setembro, e no clima de anivers\u00e1rio de Petrolina, o Grupo de Teatro Imaginativo \u2013 Guterima, subiu ao palco do Cine Massagano sob o comando de Jos\u00e9 Geraldo, Eraldo Rodrigues, Maciel Melo, Mariney, Jailson Mangabeira e uma bandeira: \u201c&#8230;Cura dessa doen\u00e7a de branco\/ de querer cabelo liso j\u00e1 tendo cabelo louro\/ Cabelo duro \u00e9 preciso que \u00e9 pra ser voc\u00ea crioulo\u2019\u201d. Uma can\u00e7\u00e3o na qual Gilberto Gil canta sua negritude e a de todos os brasileiros. A primeira apresenta\u00e7\u00e3o, al\u00e9m da irrever\u00eancia, rebeldia e recorde de p\u00fablico, deixou um saldo de 42 cadeiras quebradas pela plateia que transformou o audit\u00f3rio em um grande sal\u00e3o e o show em uma dan\u00e7ante festa, uma comunh\u00e3o de encontros.<\/p>\n<p style=\"text-align: justify;\">A repercuss\u00e3o fez com que a produ\u00e7\u00e3o procurasse outro endere\u00e7o para a segunda edi\u00e7\u00e3o e a trupe seguiu, 15 dias depois, com mais gente ainda para o Cine Petrolina. A empolga\u00e7\u00e3o, com m\u00fasicas a exemplo da \u2018Massa\u2019, de Raimundo Sodr\u00e9, \u2018Arrasta P\u00e9\u2019, de Jorge Alfredo e Chico Evangelista e o \u2018O Mal \u00e9 o que Sai da Boca do Homem\u2019 (\u201cVoc\u00ea pode fumar baseado\/ baseado em que voc\u00ea pode fazer quase tudo\u201d), de Pepeu Gomes, foi tamanha que o n\u00famero das poltronas quebradas subiu para 66. Jos\u00e9 Geraldo garante que todo o preju\u00edzo foi devidamente pago aos dois cinemas e ainda sobraram alguns trocados para uma outra paix\u00e3o, \u2018A Crucifica\u00e7\u00e3o\u2019, o espet\u00e1culo sacro que o Guterima apresenta h\u00e1 44 anos e que j\u00e1 faz parte da tradi\u00e7\u00e3o na Semana Santa. Mas o saldo maior deste ano de 1980 rota\u00e7\u00f5es, que tamb\u00e9m registrou o lan\u00e7amento do primeiro romance publicado na cidade, \u2018Pedro e Lina\u2019, de Ant\u00f4nio de Santana Padilha, \u00e9 certamente o legado de artes e de saberes que alterou o curso da hist\u00f3ria cultural de Petrolina, enquanto o Pa\u00eds assistia ao desmoronamento do regime militar e j\u00e1 respirava o clima das &#8216;Diretas J\u00e1&#8217;.<\/p>\n<p style=\"text-align: justify;\">Por: Carlos Laerte, Poeta e jornalista<\/p>\n","protected":false},"excerpt":{"rendered":"<p>O que h\u00e1 de comum entre um festival e um show? Pouca coisa desde que n\u00e3o tenham acontecido num lugar por nome Petrolina. A terra onde o imposs\u00edvel amanhece prov\u00e1vel e anoitece pleno, realiz\u00e1vel. E antes que adorme\u00e7a o sol deste anivers\u00e1rio de 126 anos, vamos apurar algumas sobras de lembran\u00e7as e retornar a 1980, [&hellip;]<\/p>\n","protected":false},"author":1,"featured_media":28461,"comment_status":"closed","ping_status":"open","sticky":false,"template":"","format":"standard","meta":{"_uag_custom_page_level_css":"","_monsterinsights_skip_tracking":false,"_monsterinsights_sitenote_active":false,"_monsterinsights_sitenote_note":"","_monsterinsights_sitenote_category":0,"jetpack_post_was_ever_published":false,"_jetpack_newsletter_access":"","_jetpack_dont_email_post_to_subs":false,"_jetpack_newsletter_tier_id":0,"_jetpack_memberships_contains_paywalled_content":false,"_jetpack_memberships_contains_paid_content":false,"footnotes":"","jetpack_publicize_message":"","jetpack_publicize_feature_enabled":true,"jetpack_social_post_already_shared":true,"jetpack_social_options":{"image_generator_settings":{"template":"highway","default_image_id":0,"font":"","enabled":false},"version":2}},"categories":[851],"tags":[5420,1249,2478,1330],"class_list":["post-28460","post","type-post","status-publish","format-standard","has-post-thumbnail","hentry","category-petrolina","tag-cronica-2","tag-festival","tag-petrolina-pe","tag-show"],"jetpack_publicize_connections":[],"jetpack_featured_media_url":"https:\/\/blogopara.com.br\/wp-content\/uploads\/2021\/09\/WhatsApp-Image-2021-09-21-at-10.11.47.jpeg","uagb_featured_image_src":{"full":["https:\/\/blogopara.com.br\/wp-content\/uploads\/2021\/09\/WhatsApp-Image-2021-09-21-at-10.11.47.jpeg",500,318,false],"thumbnail":["https:\/\/blogopara.com.br\/wp-content\/uploads\/2021\/09\/WhatsApp-Image-2021-09-21-at-10.11.47-150x150.jpeg",150,150,true],"medium":["https:\/\/blogopara.com.br\/wp-content\/uploads\/2021\/09\/WhatsApp-Image-2021-09-21-at-10.11.47-300x191.jpeg",300,191,true],"medium_large":["https:\/\/blogopara.com.br\/wp-content\/uploads\/2021\/09\/WhatsApp-Image-2021-09-21-at-10.11.47.jpeg",500,318,false],"large":["https:\/\/blogopara.com.br\/wp-content\/uploads\/2021\/09\/WhatsApp-Image-2021-09-21-at-10.11.47.jpeg",500,318,false],"1536x1536":["https:\/\/blogopara.com.br\/wp-content\/uploads\/2021\/09\/WhatsApp-Image-2021-09-21-at-10.11.47.jpeg",500,318,false],"2048x2048":["https:\/\/blogopara.com.br\/wp-content\/uploads\/2021\/09\/WhatsApp-Image-2021-09-21-at-10.11.47.jpeg",500,318,false],"mantranews-slider-large":["https:\/\/blogopara.com.br\/wp-content\/uploads\/2021\/09\/WhatsApp-Image-2021-09-21-at-10.11.47.jpeg",500,318,false],"mantranews-featured-medium":["https:\/\/blogopara.com.br\/wp-content\/uploads\/2021\/09\/WhatsApp-Image-2021-09-21-at-10.11.47-420x307.jpeg",420,307,true],"mantranews-featured-long":["https:\/\/blogopara.com.br\/wp-content\/uploads\/2021\/09\/WhatsApp-Image-2021-09-21-at-10.11.47-300x318.jpeg",300,318,true],"mantranews-block-medium":["https:\/\/blogopara.com.br\/wp-content\/uploads\/2021\/09\/WhatsApp-Image-2021-09-21-at-10.11.47-464x290.jpeg",464,290,true],"mantranews-carousel-image":["https:\/\/blogopara.com.br\/wp-content\/uploads\/2021\/09\/WhatsApp-Image-2021-09-21-at-10.11.47.jpeg",500,318,false],"mantranews-block-thumb":["https:\/\/blogopara.com.br\/wp-content\/uploads\/2021\/09\/WhatsApp-Image-2021-09-21-at-10.11.47-322x230.jpeg",322,230,true],"mantranews-single-large":["https:\/\/blogopara.com.br\/wp-content\/uploads\/2021\/09\/WhatsApp-Image-2021-09-21-at-10.11.47.jpeg",500,318,false]},"uagb_author_info":{"display_name":"Reda\u00e7\u00e3o geral","author_link":"https:\/\/blogopara.com.br\/index.php\/author\/blogopara"},"uagb_comment_info":0,"uagb_excerpt":"O que h\u00e1 de comum entre um festival e um show? Pouca coisa desde que n\u00e3o tenham acontecido num lugar por nome Petrolina. A terra onde o imposs\u00edvel amanhece prov\u00e1vel e anoitece pleno, realiz\u00e1vel. E antes que adorme\u00e7a o sol deste anivers\u00e1rio de 126 anos, vamos apurar algumas sobras de lembran\u00e7as e retornar a 1980,&hellip;","jetpack_sharing_enabled":true,"jetpack_likes_enabled":true,"_links":{"self":[{"href":"https:\/\/blogopara.com.br\/index.php\/wp-json\/wp\/v2\/posts\/28460","targetHints":{"allow":["GET"]}}],"collection":[{"href":"https:\/\/blogopara.com.br\/index.php\/wp-json\/wp\/v2\/posts"}],"about":[{"href":"https:\/\/blogopara.com.br\/index.php\/wp-json\/wp\/v2\/types\/post"}],"author":[{"embeddable":true,"href":"https:\/\/blogopara.com.br\/index.php\/wp-json\/wp\/v2\/users\/1"}],"replies":[{"embeddable":true,"href":"https:\/\/blogopara.com.br\/index.php\/wp-json\/wp\/v2\/comments?post=28460"}],"version-history":[{"count":1,"href":"https:\/\/blogopara.com.br\/index.php\/wp-json\/wp\/v2\/posts\/28460\/revisions"}],"predecessor-version":[{"id":28462,"href":"https:\/\/blogopara.com.br\/index.php\/wp-json\/wp\/v2\/posts\/28460\/revisions\/28462"}],"wp:featuredmedia":[{"embeddable":true,"href":"https:\/\/blogopara.com.br\/index.php\/wp-json\/wp\/v2\/media\/28461"}],"wp:attachment":[{"href":"https:\/\/blogopara.com.br\/index.php\/wp-json\/wp\/v2\/media?parent=28460"}],"wp:term":[{"taxonomy":"category","embeddable":true,"href":"https:\/\/blogopara.com.br\/index.php\/wp-json\/wp\/v2\/categories?post=28460"},{"taxonomy":"post_tag","embeddable":true,"href":"https:\/\/blogopara.com.br\/index.php\/wp-json\/wp\/v2\/tags?post=28460"}],"curies":[{"name":"wp","href":"https:\/\/api.w.org\/{rel}","templated":true}]}}