{"id":28463,"date":"2021-09-22T18:30:00","date_gmt":"2021-09-22T21:30:00","guid":{"rendered":"https:\/\/blogopara.com.br\/?p=28463"},"modified":"2021-09-22T17:00:34","modified_gmt":"2021-09-22T20:00:34","slug":"casal-e-suspeito-de-manter-quatro-criancas-trancadas-em-casa-com-lixo-uma-das-vitimas-e-autista","status":"publish","type":"post","link":"https:\/\/blogopara.com.br\/index.php\/2021\/09\/22\/casal-e-suspeito-de-manter-quatro-criancas-trancadas-em-casa-com-lixo-uma-das-vitimas-e-autista","title":{"rendered":"Casal \u00e9 suspeito de manter quatro crian\u00e7as trancadas em casa com lixo; uma das v\u00edtimas \u00e9 autista"},"content":{"rendered":"<p style=\"text-align: justify;\">Quatro crian\u00e7as, sendo uma delas\u00a0<a href=\"https:\/\/www.bnews.com.br\/noticias\/principal\/saude\/315493,video-associacao-de-autistas-da-bahia-apela-para-inclusao-de-adolescentes-com-deficiencia-na-vacinacao-contra-a-covid-19.html\" target=\"_blank\" rel=\"noopener\"><strong>autista<\/strong><\/a>, foram encontradas em c\u00e1rcere privado dentro de uma casa na cidade de Barra de S\u00e3o Francisco, no estado do\u00a0<a href=\"https:\/\/www.bnews.com.br\/noticias\/policia\/321955,procurado-ha-24-anos-suspeito-de-envolvimento-em-chacina-no-espirito-santo-e-preso-em-porto-seguro.html\" target=\"_blank\" rel=\"noopener\"><strong>Esp\u00edrito Santo<\/strong><\/a>. Um homem de 34 anos e uma mulher de 31 s\u00e3o os principais suspeitos, segundo informa\u00e7\u00e3o do G1. As v\u00edtimas, que t\u00eam entre 4 e 12 anos de idade, foram encontradas por uma equipe do Conselho Tutelar em um local com grande quantidade de lixo e fezes de animais.<\/p>\n<p style=\"text-align: justify;\">Entre as crian\u00e7as haviam tr\u00eas meninas e um menino, que \u00e9 autista. Duas das v\u00edtimas s\u00e3o filhas do casal e as outras duas s\u00e3o frutos de um relacionamento anterior da mulher.<\/p>\n<p style=\"text-align: justify;\">De acordo com a m\u00e9dica que atendeu as crian\u00e7as, elas teriam sido mantidas em uma esp\u00e9cie de cativeiro e apresentavam caracter\u00edsticas como unhas grandes e sujas, manchas pelo corpo, piolho e dentes podres.<\/p>\n<p style=\"text-align: justify;\">Ao chegar na casa onde as crian\u00e7as eram trancadas, os policiais se depararam ainda com o menino \u201ccomendo um peda\u00e7o de fezes de cachorro\u201d. Al\u00e9m disso, as outras tr\u00eas crian\u00e7as, depois de perceber a presen\u00e7a da guarni\u00e7\u00e3o, teriam tentado limpar o local para disfar\u00e7ar a sujeira.<\/p>\n<p style=\"text-align: justify;\">O casal suspeito de cometer o crime foi preso, mas n\u00e3o por muito tempo. Depois de se comprometerem a permanecer no endere\u00e7o e se apresentarem a\u00a0<a href=\"https:\/\/www.bnews.com.br\/noticias\/jusnews\/justica\/323640,planos-de-saude-nao-podem-limitar-sessoes-de-psicoterapia.html\" target=\"_blank\" rel=\"noopener\"><strong>Justi\u00e7a<\/strong><\/a>, o homem e a mulher acabaram sendo liberados. J\u00e1 as quatro crian\u00e7as, ap\u00f3s serem resgatadas, foram encaminhadas para um abrigo da prefeitura.<\/p>\n<p style=\"text-align: justify;\">A Delegacia Regional de Barra de S\u00e3o Francisco investiga o caso.<\/p>\n<p>Por: BNews<\/p>\n","protected":false},"excerpt":{"rendered":"<p>Quatro crian\u00e7as, sendo uma delas\u00a0autista, foram encontradas em c\u00e1rcere privado dentro de uma casa na cidade de Barra de S\u00e3o Francisco, no estado do\u00a0Esp\u00edrito Santo. Um homem de 34 anos e uma mulher de 31 s\u00e3o os principais suspeitos, segundo informa\u00e7\u00e3o do G1. As v\u00edtimas, que t\u00eam entre 4 e 12 anos de idade, foram [&hellip;]<\/p>\n","protected":false},"author":1,"featured_media":28464,"comment_status":"closed","ping_status":"open","sticky":false,"template":"","format":"standard","meta":{"_uag_custom_page_level_css":"","_monsterinsights_skip_tracking":false,"_monsterinsights_sitenote_active":false,"_monsterinsights_sitenote_note":"","_monsterinsights_sitenote_category":0,"jetpack_post_was_ever_published":false,"_jetpack_newsletter_access":"","_jetpack_dont_email_post_to_subs":false,"_jetpack_newsletter_tier_id":0,"_jetpack_memberships_contains_paywalled_content":false,"_jetpack_memberships_contains_paid_content":false,"footnotes":"","jetpack_publicize_message":"","jetpack_publicize_feature_enabled":true,"jetpack_social_post_already_shared":true,"jetpack_social_options":{"image_generator_settings":{"template":"highway","default_image_id":0,"font":"","enabled":false},"version":2}},"categories":[202],"tags":[5422,4102,5421,792],"class_list":["post-28463","post","type-post","status-publish","format-standard","has-post-thumbnail","hentry","category-policia","tag-casa-com-lixo","tag-casal","tag-criancas-trancadas","tag-suspeito"],"jetpack_publicize_connections":[],"jetpack_featured_media_url":"https:\/\/blogopara.com.br\/wp-content\/uploads\/2021\/09\/324000-IMAGEM_NOTICIA_0.jpg","uagb_featured_image_src":{"full":["https:\/\/blogopara.com.br\/wp-content\/uploads\/2021\/09\/324000-IMAGEM_NOTICIA_0.jpg",500,246,false],"thumbnail":["https:\/\/blogopara.com.br\/wp-content\/uploads\/2021\/09\/324000-IMAGEM_NOTICIA_0-150x150.jpg",150,150,true],"medium":["https:\/\/blogopara.com.br\/wp-content\/uploads\/2021\/09\/324000-IMAGEM_NOTICIA_0-300x148.jpg",300,148,true],"medium_large":["https:\/\/blogopara.com.br\/wp-content\/uploads\/2021\/09\/324000-IMAGEM_NOTICIA_0.jpg",500,246,false],"large":["https:\/\/blogopara.com.br\/wp-content\/uploads\/2021\/09\/324000-IMAGEM_NOTICIA_0.jpg",500,246,false],"1536x1536":["https:\/\/blogopara.com.br\/wp-content\/uploads\/2021\/09\/324000-IMAGEM_NOTICIA_0.jpg",500,246,false],"2048x2048":["https:\/\/blogopara.com.br\/wp-content\/uploads\/2021\/09\/324000-IMAGEM_NOTICIA_0.jpg",500,246,false],"mantranews-slider-large":["https:\/\/blogopara.com.br\/wp-content\/uploads\/2021\/09\/324000-IMAGEM_NOTICIA_0.jpg",500,246,false],"mantranews-featured-medium":["https:\/\/blogopara.com.br\/wp-content\/uploads\/2021\/09\/324000-IMAGEM_NOTICIA_0-420x246.jpg",420,246,true],"mantranews-featured-long":["https:\/\/blogopara.com.br\/wp-content\/uploads\/2021\/09\/324000-IMAGEM_NOTICIA_0-300x246.jpg",300,246,true],"mantranews-block-medium":["https:\/\/blogopara.com.br\/wp-content\/uploads\/2021\/09\/324000-IMAGEM_NOTICIA_0-464x246.jpg",464,246,true],"mantranews-carousel-image":["https:\/\/blogopara.com.br\/wp-content\/uploads\/2021\/09\/324000-IMAGEM_NOTICIA_0.jpg",500,246,false],"mantranews-block-thumb":["https:\/\/blogopara.com.br\/wp-content\/uploads\/2021\/09\/324000-IMAGEM_NOTICIA_0-322x230.jpg",322,230,true],"mantranews-single-large":["https:\/\/blogopara.com.br\/wp-content\/uploads\/2021\/09\/324000-IMAGEM_NOTICIA_0.jpg",500,246,false]},"uagb_author_info":{"display_name":"Reda\u00e7\u00e3o geral","author_link":"https:\/\/blogopara.com.br\/index.php\/author\/blogopara"},"uagb_comment_info":0,"uagb_excerpt":"Quatro crian\u00e7as, sendo uma delas\u00a0autista, foram encontradas em c\u00e1rcere privado dentro de uma casa na cidade de Barra de S\u00e3o Francisco, no estado do\u00a0Esp\u00edrito Santo. Um homem de 34 anos e uma mulher de 31 s\u00e3o os principais suspeitos, segundo informa\u00e7\u00e3o do G1. As v\u00edtimas, que t\u00eam entre 4 e 12 anos de idade, foram&hellip;","jetpack_sharing_enabled":true,"jetpack_likes_enabled":true,"_links":{"self":[{"href":"https:\/\/blogopara.com.br\/index.php\/wp-json\/wp\/v2\/posts\/28463","targetHints":{"allow":["GET"]}}],"collection":[{"href":"https:\/\/blogopara.com.br\/index.php\/wp-json\/wp\/v2\/posts"}],"about":[{"href":"https:\/\/blogopara.com.br\/index.php\/wp-json\/wp\/v2\/types\/post"}],"author":[{"embeddable":true,"href":"https:\/\/blogopara.com.br\/index.php\/wp-json\/wp\/v2\/users\/1"}],"replies":[{"embeddable":true,"href":"https:\/\/blogopara.com.br\/index.php\/wp-json\/wp\/v2\/comments?post=28463"}],"version-history":[{"count":1,"href":"https:\/\/blogopara.com.br\/index.php\/wp-json\/wp\/v2\/posts\/28463\/revisions"}],"predecessor-version":[{"id":28465,"href":"https:\/\/blogopara.com.br\/index.php\/wp-json\/wp\/v2\/posts\/28463\/revisions\/28465"}],"wp:featuredmedia":[{"embeddable":true,"href":"https:\/\/blogopara.com.br\/index.php\/wp-json\/wp\/v2\/media\/28464"}],"wp:attachment":[{"href":"https:\/\/blogopara.com.br\/index.php\/wp-json\/wp\/v2\/media?parent=28463"}],"wp:term":[{"taxonomy":"category","embeddable":true,"href":"https:\/\/blogopara.com.br\/index.php\/wp-json\/wp\/v2\/categories?post=28463"},{"taxonomy":"post_tag","embeddable":true,"href":"https:\/\/blogopara.com.br\/index.php\/wp-json\/wp\/v2\/tags?post=28463"}],"curies":[{"name":"wp","href":"https:\/\/api.w.org\/{rel}","templated":true}]}}