{"id":28530,"date":"2021-09-25T10:12:00","date_gmt":"2021-09-25T13:12:00","guid":{"rendered":"https:\/\/blogopara.com.br\/?p=28530"},"modified":"2021-09-25T10:10:56","modified_gmt":"2021-09-25T13:10:56","slug":"social-ate-voce-prefeitura-de-juazeiro-leva-projeto-com-servicos-de-cidadania-e-de-saude-para-o-distrito-de-juremal","status":"publish","type":"post","link":"https:\/\/blogopara.com.br\/index.php\/2021\/09\/25\/social-ate-voce-prefeitura-de-juazeiro-leva-projeto-com-servicos-de-cidadania-e-de-saude-para-o-distrito-de-juremal","title":{"rendered":"\u2018Social at\u00e9 Voc\u00ea\u2019: Prefeitura de Juazeiro leva projeto com servi\u00e7os de cidadania e de sa\u00fade para o distrito de Juremal"},"content":{"rendered":"<p style=\"text-align: justify;\">O distrito de Juremal foi a primeira comunidade a receber o projeto \u2018Social at\u00e9 Voc\u00ea\u2019, nesta sexta-feira (24), no Teatro Jos\u00e9 Guilherme Cunha. A iniciativa \u00e9 promovida pela Prefeita de Juazeiro, atrav\u00e9s da Secretaria de Desenvolvimento Social, Mulher e Diversidade (SEDES), com o objetivo de levar o atendimento de programas, servi\u00e7os, benef\u00edcios e campanhas socioassistenciais, de forma itinerante, para o interior do munic\u00edpio.<\/p>\n<p style=\"text-align: justify;\">Na abertura do evento, a prefeita Suzana Ramos expressou a sua alegria com a execu\u00e7\u00e3o do projeto. \u201cEu estou muito feliz com a SEDES indo ao interior, um projeto in\u00e9dito, que est\u00e1 come\u00e7ando pelo nosso querido distrito de Juremal. Para mim, que sempre defendi o social e a sa\u00fade, \u00e9 uma alegria enorme. Nosso objetivo \u00e9 que o projeto v\u00e1 para todos os distritos e que realmente resolva as demandas do povo do interior\u201d, frisou.<\/p>\n<p style=\"text-align: justify;\">Entre os servi\u00e7os, s\u00e3o oferecidos a emiss\u00e3o do Cart\u00e3o, o atendimento do Cadastro \u00danico e dos demais equipamentos ligados \u00e0 SEDES. O secret\u00e1rio de Desenvolvimento Social, Mulher e Diversidade, Teobaldo Pedro, tamb\u00e9m falou sobre a satisfa\u00e7\u00e3o de chegar ao interior. \u201cA prefeitura de juazeiro vem desenvolvendo programas sociais que est\u00e3o agora ao alcance da popula\u00e7\u00e3o do interior, \u00e9 imensa a nossa satisfa\u00e7\u00e3o de estar aqui, e a cada 15 dias estaremos em uma localidade diferente\u201d, revelou.<\/p>\n<p style=\"text-align: justify;\">De acordo com a superintendente de Gest\u00e3o do Sistema \u00danico de Assist\u00eancia Social, La\u00edse Mac\u00eado, a iniciativa foi criada para facilitar o acesso aos servi\u00e7os socioassistenciais. \u201cPercebemos a dificuldade que a popula\u00e7\u00e3o do interior tem para acessar alguns servi\u00e7os, seja pela dificuldade de recursos para o deslocamento at\u00e9 a sede ou pela falta de informa\u00e7\u00e3o. Ent\u00e3o, a prefeita idealizou esse projeto e com o apoio de parceiros, como a Secretaria Municipal de Sa\u00fade, iniciamos um cronograma para levar programas, servi\u00e7os e benef\u00edcios da SEDES aos 9 distritos de Juazeiro\u201d, frisou.<\/p>\n<p style=\"text-align: justify;\">Beneficiada com a a\u00e7\u00e3o, Isabel Xavier do Nascimento, agradeceu pela iniciativa. \u201cAqui a gente nunca teve esse tipo de servi\u00e7o, ent\u00e3o acho que \u00e9 uma iniciativa muito boa. A prefeita e sua equipe est\u00e3o de parab\u00e9ns porque vai facilitar muito a nossa vida. \u00c0s vezes a gente n\u00e3o tem nem o dinheiro da passagem para buscar atendimento e agora temos isso perto de casa\u201d, declarou a dona de casa.<\/p>\n<p style=\"text-align: justify;\">O projeto tamb\u00e9m conta com a parceria da Secretaria Municipal de Sa\u00fade, que ir\u00e1 ofertar testes r\u00e1pidos para HIV e s\u00edfilis, aferi\u00e7\u00e3o de press\u00e3o arterial, medi\u00e7\u00e3o glic\u00eamica e distribui\u00e7\u00e3o de preservativos.<\/p>\n<p style=\"text-align: justify;\">\n<p style=\"text-align: justify;\"><strong>Programa\u00e7\u00e3o:<\/strong><\/p>\n<ol style=\"text-align: justify;\" start=\"8\">\n<li>10 \u2013 Carna\u00edba<\/li>\n<li>10 \u2013 Itamotinga<\/li>\n<li>11 \u2013 Ab\u00f3bora<\/li>\n<li>11 \u2013 Pinh\u00f5es<\/li>\n<li>12 \u2013 Mani\u00e7oba<\/li>\n<li>12 \u2013 Junco\/Goiabeira II<\/li>\n<li>01 \u2013 Mandacaru<\/li>\n<li>01 \u2013 Massaroca<\/li>\n<\/ol>\n<p style=\"text-align: justify;\">\n<p style=\"text-align: justify;\">&nbsp;SEDES\/Ascom pmj<\/p>\n<p style=\"text-align: justify;\">\n","protected":false},"excerpt":{"rendered":"<p>O distrito de Juremal foi a primeira comunidade a receber o projeto \u2018Social at\u00e9 Voc\u00ea\u2019, nesta sexta-feira (24), no Teatro Jos\u00e9 Guilherme Cunha. A iniciativa \u00e9 promovida pela Prefeita de Juazeiro, atrav\u00e9s da Secretaria de Desenvolvimento Social, Mulher e Diversidade (SEDES), com o objetivo de levar o atendimento de programas, servi\u00e7os, benef\u00edcios e campanhas socioassistenciais, [&hellip;]<\/p>\n","protected":false},"author":1,"featured_media":28533,"comment_status":"closed","ping_status":"open","sticky":false,"template":"","format":"standard","meta":{"_uag_custom_page_level_css":"","_monsterinsights_skip_tracking":false,"_monsterinsights_sitenote_active":false,"_monsterinsights_sitenote_note":"","_monsterinsights_sitenote_category":0,"jetpack_post_was_ever_published":false,"_jetpack_newsletter_access":"","_jetpack_dont_email_post_to_subs":false,"_jetpack_newsletter_tier_id":0,"_jetpack_memberships_contains_paywalled_content":false,"_jetpack_memberships_contains_paid_content":false,"footnotes":"","jetpack_publicize_message":"","jetpack_publicize_feature_enabled":true,"jetpack_social_post_already_shared":true,"jetpack_social_options":{"image_generator_settings":{"template":"highway","default_image_id":0,"font":"","enabled":false},"version":2}},"categories":[203,204],"tags":[1115,340,260,2706,5463],"class_list":["post-28530","post","type-post","status-publish","format-standard","has-post-thumbnail","hentry","category-juazeiro","category-social","tag-distrito-de-juremal","tag-prefeitura-de-juazeiro","tag-projeto","tag-saude","tag-servicos-de-cidadania"],"jetpack_publicize_connections":[],"jetpack_featured_media_url":"https:\/\/blogopara.com.br\/wp-content\/uploads\/2021\/09\/Screenshot_46-3.png","uagb_featured_image_src":{"full":["https:\/\/blogopara.com.br\/wp-content\/uploads\/2021\/09\/Screenshot_46-3.png",500,337,false],"thumbnail":["https:\/\/blogopara.com.br\/wp-content\/uploads\/2021\/09\/Screenshot_46-3-150x150.png",150,150,true],"medium":["https:\/\/blogopara.com.br\/wp-content\/uploads\/2021\/09\/Screenshot_46-3-300x202.png",300,202,true],"medium_large":["https:\/\/blogopara.com.br\/wp-content\/uploads\/2021\/09\/Screenshot_46-3.png",500,337,false],"large":["https:\/\/blogopara.com.br\/wp-content\/uploads\/2021\/09\/Screenshot_46-3.png",500,337,false],"1536x1536":["https:\/\/blogopara.com.br\/wp-content\/uploads\/2021\/09\/Screenshot_46-3.png",500,337,false],"2048x2048":["https:\/\/blogopara.com.br\/wp-content\/uploads\/2021\/09\/Screenshot_46-3.png",500,337,false],"mantranews-slider-large":["https:\/\/blogopara.com.br\/wp-content\/uploads\/2021\/09\/Screenshot_46-3.png",500,337,false],"mantranews-featured-medium":["https:\/\/blogopara.com.br\/wp-content\/uploads\/2021\/09\/Screenshot_46-3-420x307.png",420,307,true],"mantranews-featured-long":["https:\/\/blogopara.com.br\/wp-content\/uploads\/2021\/09\/Screenshot_46-3-300x337.png",300,337,true],"mantranews-block-medium":["https:\/\/blogopara.com.br\/wp-content\/uploads\/2021\/09\/Screenshot_46-3-464x290.png",464,290,true],"mantranews-carousel-image":["https:\/\/blogopara.com.br\/wp-content\/uploads\/2021\/09\/Screenshot_46-3.png",500,337,false],"mantranews-block-thumb":["https:\/\/blogopara.com.br\/wp-content\/uploads\/2021\/09\/Screenshot_46-3-322x230.png",322,230,true],"mantranews-single-large":["https:\/\/blogopara.com.br\/wp-content\/uploads\/2021\/09\/Screenshot_46-3.png",500,337,false]},"uagb_author_info":{"display_name":"Reda\u00e7\u00e3o geral","author_link":"https:\/\/blogopara.com.br\/index.php\/author\/blogopara"},"uagb_comment_info":0,"uagb_excerpt":"O distrito de Juremal foi a primeira comunidade a receber o projeto \u2018Social at\u00e9 Voc\u00ea\u2019, nesta sexta-feira (24), no Teatro Jos\u00e9 Guilherme Cunha. A iniciativa \u00e9 promovida pela Prefeita de Juazeiro, atrav\u00e9s da Secretaria de Desenvolvimento Social, Mulher e Diversidade (SEDES), com o objetivo de levar o atendimento de programas, servi\u00e7os, benef\u00edcios e campanhas socioassistenciais,&hellip;","jetpack_sharing_enabled":true,"jetpack_likes_enabled":true,"_links":{"self":[{"href":"https:\/\/blogopara.com.br\/index.php\/wp-json\/wp\/v2\/posts\/28530","targetHints":{"allow":["GET"]}}],"collection":[{"href":"https:\/\/blogopara.com.br\/index.php\/wp-json\/wp\/v2\/posts"}],"about":[{"href":"https:\/\/blogopara.com.br\/index.php\/wp-json\/wp\/v2\/types\/post"}],"author":[{"embeddable":true,"href":"https:\/\/blogopara.com.br\/index.php\/wp-json\/wp\/v2\/users\/1"}],"replies":[{"embeddable":true,"href":"https:\/\/blogopara.com.br\/index.php\/wp-json\/wp\/v2\/comments?post=28530"}],"version-history":[{"count":2,"href":"https:\/\/blogopara.com.br\/index.php\/wp-json\/wp\/v2\/posts\/28530\/revisions"}],"predecessor-version":[{"id":28534,"href":"https:\/\/blogopara.com.br\/index.php\/wp-json\/wp\/v2\/posts\/28530\/revisions\/28534"}],"wp:featuredmedia":[{"embeddable":true,"href":"https:\/\/blogopara.com.br\/index.php\/wp-json\/wp\/v2\/media\/28533"}],"wp:attachment":[{"href":"https:\/\/blogopara.com.br\/index.php\/wp-json\/wp\/v2\/media?parent=28530"}],"wp:term":[{"taxonomy":"category","embeddable":true,"href":"https:\/\/blogopara.com.br\/index.php\/wp-json\/wp\/v2\/categories?post=28530"},{"taxonomy":"post_tag","embeddable":true,"href":"https:\/\/blogopara.com.br\/index.php\/wp-json\/wp\/v2\/tags?post=28530"}],"curies":[{"name":"wp","href":"https:\/\/api.w.org\/{rel}","templated":true}]}}