{"id":28589,"date":"2021-09-27T11:11:00","date_gmt":"2021-09-27T14:11:00","guid":{"rendered":"https:\/\/blogopara.com.br\/?p=28589"},"modified":"2021-09-27T09:25:15","modified_gmt":"2021-09-27T12:25:15","slug":"nota-de-pesar-sindsemp-lamenta-morte-do-servidor-paulo-rogerio-goncalves-da-silva-de-60-anos","status":"publish","type":"post","link":"https:\/\/blogopara.com.br\/index.php\/2021\/09\/27\/nota-de-pesar-sindsemp-lamenta-morte-do-servidor-paulo-rogerio-goncalves-da-silva-de-60-anos","title":{"rendered":"Nota de Pesar: Sindsemp Lamenta Morte do Servidor Paulo Rog\u00e9rio Gon\u00e7alves da Silva, de 60 anos"},"content":{"rendered":"<p style=\"text-align: justify;\">O Sindicato dos Servidores Municipais de Petrolina &#8211; Sindsemp, lamenta profundamente o falecimento de Paulo Rog\u00e9rio Gon\u00e7alves da Silva, de 60 anos, ocorrido neste domingo (26).<\/p>\n<p style=\"text-align: justify;\">\nPaulo Rog\u00e9rio era Agente de Seguran\u00e7a Patrimonial, um servidor cheio de amigos e amado pelos colegas. Era irm\u00e3o da ex-secret\u00e1ria de educa\u00e7\u00e3o \u00a0de Petrolina, C\u00e9lia Regina.<\/p>\n<p style=\"text-align: justify;\">\nO Sindsemp informa que o vel\u00f3rio acontece no SAF da Avenida Sete de Setembro, at\u00e9 \u00e0s 11h. O sepultamento ser\u00e1 no Cemit\u00e9rio do Centro, \u00e0s 11h, nesta segunda-feira.<br \/>\nToda a fam\u00edlia Sindsemp se solidariza com os familiares e amigos. Que Deus conforte a todos.<\/p>\n<p>Assessoria de Comunica\u00e7\u00e3o do Sindsemp<\/p>\n<div class=\"yj6qo\" style=\"text-align: justify;\"><\/div>\n<div class=\"adL\" style=\"text-align: justify;\"><\/div>\n<div class=\"adL\" style=\"text-align: justify;\"><\/div>\n","protected":false},"excerpt":{"rendered":"<p>O Sindicato dos Servidores Municipais de Petrolina &#8211; Sindsemp, lamenta profundamente o falecimento de Paulo Rog\u00e9rio Gon\u00e7alves da Silva, de 60 anos, ocorrido neste domingo (26). Paulo Rog\u00e9rio era Agente de Seguran\u00e7a Patrimonial, um servidor cheio de amigos e amado pelos colegas. Era irm\u00e3o da ex-secret\u00e1ria de educa\u00e7\u00e3o \u00a0de Petrolina, C\u00e9lia Regina. O Sindsemp informa [&hellip;]<\/p>\n","protected":false},"author":1,"featured_media":28590,"comment_status":"closed","ping_status":"open","sticky":false,"template":"","format":"standard","meta":{"_uag_custom_page_level_css":"","_monsterinsights_skip_tracking":false,"_monsterinsights_sitenote_active":false,"_monsterinsights_sitenote_note":"","_monsterinsights_sitenote_category":0,"jetpack_post_was_ever_published":false,"_jetpack_newsletter_access":"","_jetpack_dont_email_post_to_subs":false,"_jetpack_newsletter_tier_id":0,"_jetpack_memberships_contains_paywalled_content":false,"_jetpack_memberships_contains_paid_content":false,"footnotes":"","jetpack_publicize_message":"","jetpack_publicize_feature_enabled":true,"jetpack_social_post_already_shared":true,"jetpack_social_options":{"image_generator_settings":{"template":"highway","default_image_id":0,"font":"","enabled":false},"version":2}},"categories":[851],"tags":[1290,2995,5494,4798],"class_list":["post-28589","post","type-post","status-publish","format-standard","has-post-thumbnail","hentry","category-petrolina","tag-morte","tag-nota-de-pesar","tag-paulo-rogerio-goncalves-da-silva","tag-servidor"],"jetpack_publicize_connections":[],"jetpack_featured_media_url":"https:\/\/blogopara.com.br\/wp-content\/uploads\/2021\/09\/WhatsApp-Image-2021-09-27-at-08.12.57.jpeg","uagb_featured_image_src":{"full":["https:\/\/blogopara.com.br\/wp-content\/uploads\/2021\/09\/WhatsApp-Image-2021-09-27-at-08.12.57.jpeg",500,638,false],"thumbnail":["https:\/\/blogopara.com.br\/wp-content\/uploads\/2021\/09\/WhatsApp-Image-2021-09-27-at-08.12.57-150x150.jpeg",150,150,true],"medium":["https:\/\/blogopara.com.br\/wp-content\/uploads\/2021\/09\/WhatsApp-Image-2021-09-27-at-08.12.57-235x300.jpeg",235,300,true],"medium_large":["https:\/\/blogopara.com.br\/wp-content\/uploads\/2021\/09\/WhatsApp-Image-2021-09-27-at-08.12.57.jpeg",500,638,false],"large":["https:\/\/blogopara.com.br\/wp-content\/uploads\/2021\/09\/WhatsApp-Image-2021-09-27-at-08.12.57.jpeg",500,638,false],"1536x1536":["https:\/\/blogopara.com.br\/wp-content\/uploads\/2021\/09\/WhatsApp-Image-2021-09-27-at-08.12.57.jpeg",500,638,false],"2048x2048":["https:\/\/blogopara.com.br\/wp-content\/uploads\/2021\/09\/WhatsApp-Image-2021-09-27-at-08.12.57.jpeg",500,638,false],"mantranews-slider-large":["https:\/\/blogopara.com.br\/wp-content\/uploads\/2021\/09\/WhatsApp-Image-2021-09-27-at-08.12.57.jpeg",500,638,false],"mantranews-featured-medium":["https:\/\/blogopara.com.br\/wp-content\/uploads\/2021\/09\/WhatsApp-Image-2021-09-27-at-08.12.57-420x307.jpeg",420,307,true],"mantranews-featured-long":["https:\/\/blogopara.com.br\/wp-content\/uploads\/2021\/09\/WhatsApp-Image-2021-09-27-at-08.12.57-300x443.jpeg",300,443,true],"mantranews-block-medium":["https:\/\/blogopara.com.br\/wp-content\/uploads\/2021\/09\/WhatsApp-Image-2021-09-27-at-08.12.57-464x290.jpeg",464,290,true],"mantranews-carousel-image":["https:\/\/blogopara.com.br\/wp-content\/uploads\/2021\/09\/WhatsApp-Image-2021-09-27-at-08.12.57-500x500.jpeg",500,500,true],"mantranews-block-thumb":["https:\/\/blogopara.com.br\/wp-content\/uploads\/2021\/09\/WhatsApp-Image-2021-09-27-at-08.12.57-322x230.jpeg",322,230,true],"mantranews-single-large":["https:\/\/blogopara.com.br\/wp-content\/uploads\/2021\/09\/WhatsApp-Image-2021-09-27-at-08.12.57.jpeg",500,638,false]},"uagb_author_info":{"display_name":"Reda\u00e7\u00e3o geral","author_link":"https:\/\/blogopara.com.br\/index.php\/author\/blogopara"},"uagb_comment_info":0,"uagb_excerpt":"O Sindicato dos Servidores Municipais de Petrolina &#8211; Sindsemp, lamenta profundamente o falecimento de Paulo Rog\u00e9rio Gon\u00e7alves da Silva, de 60 anos, ocorrido neste domingo (26). Paulo Rog\u00e9rio era Agente de Seguran\u00e7a Patrimonial, um servidor cheio de amigos e amado pelos colegas. Era irm\u00e3o da ex-secret\u00e1ria de educa\u00e7\u00e3o \u00a0de Petrolina, C\u00e9lia Regina. O Sindsemp informa&hellip;","jetpack_sharing_enabled":true,"jetpack_likes_enabled":true,"_links":{"self":[{"href":"https:\/\/blogopara.com.br\/index.php\/wp-json\/wp\/v2\/posts\/28589","targetHints":{"allow":["GET"]}}],"collection":[{"href":"https:\/\/blogopara.com.br\/index.php\/wp-json\/wp\/v2\/posts"}],"about":[{"href":"https:\/\/blogopara.com.br\/index.php\/wp-json\/wp\/v2\/types\/post"}],"author":[{"embeddable":true,"href":"https:\/\/blogopara.com.br\/index.php\/wp-json\/wp\/v2\/users\/1"}],"replies":[{"embeddable":true,"href":"https:\/\/blogopara.com.br\/index.php\/wp-json\/wp\/v2\/comments?post=28589"}],"version-history":[{"count":1,"href":"https:\/\/blogopara.com.br\/index.php\/wp-json\/wp\/v2\/posts\/28589\/revisions"}],"predecessor-version":[{"id":28591,"href":"https:\/\/blogopara.com.br\/index.php\/wp-json\/wp\/v2\/posts\/28589\/revisions\/28591"}],"wp:featuredmedia":[{"embeddable":true,"href":"https:\/\/blogopara.com.br\/index.php\/wp-json\/wp\/v2\/media\/28590"}],"wp:attachment":[{"href":"https:\/\/blogopara.com.br\/index.php\/wp-json\/wp\/v2\/media?parent=28589"}],"wp:term":[{"taxonomy":"category","embeddable":true,"href":"https:\/\/blogopara.com.br\/index.php\/wp-json\/wp\/v2\/categories?post=28589"},{"taxonomy":"post_tag","embeddable":true,"href":"https:\/\/blogopara.com.br\/index.php\/wp-json\/wp\/v2\/tags?post=28589"}],"curies":[{"name":"wp","href":"https:\/\/api.w.org\/{rel}","templated":true}]}}