{"id":28699,"date":"2021-09-30T07:55:36","date_gmt":"2021-09-30T10:55:36","guid":{"rendered":"https:\/\/blogopara.com.br\/?p=28699"},"modified":"2021-09-30T07:55:39","modified_gmt":"2021-09-30T10:55:39","slug":"ex-vereador-allan-jones-destaca-importancia-do-setembro-amarelo-e-lembra-lei-sobre-conscientizacao-da-depressao-infanto-juvenil-comemorada-em-outubro-em-juazeiro","status":"publish","type":"post","link":"https:\/\/blogopara.com.br\/index.php\/2021\/09\/30\/ex-vereador-allan-jones-destaca-importancia-do-setembro-amarelo-e-lembra-lei-sobre-conscientizacao-da-depressao-infanto-juvenil-comemorada-em-outubro-em-juazeiro","title":{"rendered":"Ex- vereador Allan Jones destaca import\u00e2ncia do Setembro Amarelo e lembra Lei sobre conscientiza\u00e7\u00e3o da depress\u00e3o Infanto-Juvenil comemorada em outubro em Juazeiro"},"content":{"rendered":"<p style=\"text-align: justify;\">Durante o per\u00edodo de conscientiza\u00e7\u00e3o voltado para a campanha do Setembro Amarelo, o ex-vereador, Allan Jones, lembra de uma Lei muito importante, de sua autoria, que foi sancionada ainda no primeiro ano de mandato no legislativo municipal, em 2017. A institui\u00e7\u00e3o da \u201cSemana Municipal de Conscientiza\u00e7\u00e3o Sobre a Depress\u00e3o Infanto-Juvenil\u201d, atrav\u00e9s do PL 2717\/2017, foi aprovada por unanimidade entre os parlamentares municipais e \u00e9 uma iniciativa voltada para o combate ao suic\u00eddio presente na faixa et\u00e1ria.<\/p>\n<p>A data \u00e9 comemorada anualmente entre os dias 08 e 14 de outubro, onde ser\u00e3o desenvolvidas atividades que possam conscientizar os jovens quanto \u00e0 depress\u00e3o levando conhecimento; orienta\u00e7\u00f5es a respeito do diagn\u00f3stico e tratamento; al\u00e9m de encaminhamento para atendimento especializado.<\/p>\n<p>\u201cO objetivo dessa Lei \u00e9 que medidas possam ser implementadas a partir da preven\u00e7\u00e3o da depress\u00e3o, atuando na diminui\u00e7\u00e3o da incid\u00eancia de suic\u00eddio. Nesse momento t\u00e3o importante do ano, o Setembro Amarelo, \u00e9 sempre plaus\u00edvel lembrar do tema referente a adoecimentos mentais nos jovens, principalmente a depress\u00e3o\u201d, pontuou o m\u00e9dico.<\/p>\n<p>Jones tamb\u00e9m destaca o papel da fam\u00edlia na promo\u00e7\u00e3o da sa\u00fade mental. \u201c\u00c9 importante que todos os familiares fiquem atentos aos mais jovens, percebendo se h\u00e1 altera\u00e7\u00f5es de comportamentos e sempre manter di\u00e1logo aberto. Sempre que necess\u00e1rio \u00e9 ideal que procure ajuda m\u00e9dica especializada que possa realmente tratar a depress\u00e3o\u201d, finalizou Allan.<\/p>\n<div class=\"yj6qo\" style=\"text-align: justify;\">\u00a0<\/div>\n<div class=\"adL\" style=\"text-align: justify;\">Ascom Allan Jones<\/div>\n","protected":false},"excerpt":{"rendered":"<p>Durante o per\u00edodo de conscientiza\u00e7\u00e3o voltado para a campanha do Setembro Amarelo, o ex-vereador, Allan Jones, lembra de uma Lei muito importante, de sua autoria, que foi sancionada ainda no primeiro ano de mandato no legislativo municipal, em 2017. A institui\u00e7\u00e3o da \u201cSemana Municipal de Conscientiza\u00e7\u00e3o Sobre a Depress\u00e3o Infanto-Juvenil\u201d, atrav\u00e9s do PL 2717\/2017, foi [&hellip;]<\/p>\n","protected":false},"author":1,"featured_media":28700,"comment_status":"closed","ping_status":"open","sticky":false,"template":"","format":"standard","meta":{"_uag_custom_page_level_css":"","_monsterinsights_skip_tracking":false,"_monsterinsights_sitenote_active":false,"_monsterinsights_sitenote_note":"","_monsterinsights_sitenote_category":0,"jetpack_post_was_ever_published":false,"_jetpack_newsletter_access":"","_jetpack_dont_email_post_to_subs":false,"_jetpack_newsletter_tier_id":0,"_jetpack_memberships_contains_paywalled_content":false,"_jetpack_memberships_contains_paid_content":false,"footnotes":"","jetpack_publicize_message":"","jetpack_publicize_feature_enabled":true,"jetpack_social_post_already_shared":true,"jetpack_social_options":{"image_generator_settings":{"template":"highway","default_image_id":0,"font":"","enabled":false},"version":2}},"categories":[203,205],"tags":[595,5540,5539,748],"class_list":["post-28699","post","type-post","status-publish","format-standard","has-post-thumbnail","hentry","category-juazeiro","category-saude","tag-allan-jones","tag-destaca-importancia","tag-ex-vereador-2","tag-setembro-amarelo"],"jetpack_publicize_connections":[],"jetpack_featured_media_url":"https:\/\/blogopara.com.br\/wp-content\/uploads\/2021\/09\/setembro-amarelo-allan-jones.jpeg","uagb_featured_image_src":{"full":["https:\/\/blogopara.com.br\/wp-content\/uploads\/2021\/09\/setembro-amarelo-allan-jones.jpeg",500,500,false],"thumbnail":["https:\/\/blogopara.com.br\/wp-content\/uploads\/2021\/09\/setembro-amarelo-allan-jones-150x150.jpeg",150,150,true],"medium":["https:\/\/blogopara.com.br\/wp-content\/uploads\/2021\/09\/setembro-amarelo-allan-jones-300x300.jpeg",300,300,true],"medium_large":["https:\/\/blogopara.com.br\/wp-content\/uploads\/2021\/09\/setembro-amarelo-allan-jones.jpeg",500,500,false],"large":["https:\/\/blogopara.com.br\/wp-content\/uploads\/2021\/09\/setembro-amarelo-allan-jones.jpeg",500,500,false],"1536x1536":["https:\/\/blogopara.com.br\/wp-content\/uploads\/2021\/09\/setembro-amarelo-allan-jones.jpeg",500,500,false],"2048x2048":["https:\/\/blogopara.com.br\/wp-content\/uploads\/2021\/09\/setembro-amarelo-allan-jones.jpeg",500,500,false],"mantranews-slider-large":["https:\/\/blogopara.com.br\/wp-content\/uploads\/2021\/09\/setembro-amarelo-allan-jones.jpeg",500,500,false],"mantranews-featured-medium":["https:\/\/blogopara.com.br\/wp-content\/uploads\/2021\/09\/setembro-amarelo-allan-jones-420x307.jpeg",420,307,true],"mantranews-featured-long":["https:\/\/blogopara.com.br\/wp-content\/uploads\/2021\/09\/setembro-amarelo-allan-jones-300x443.jpeg",300,443,true],"mantranews-block-medium":["https:\/\/blogopara.com.br\/wp-content\/uploads\/2021\/09\/setembro-amarelo-allan-jones-464x290.jpeg",464,290,true],"mantranews-carousel-image":["https:\/\/blogopara.com.br\/wp-content\/uploads\/2021\/09\/setembro-amarelo-allan-jones.jpeg",500,500,false],"mantranews-block-thumb":["https:\/\/blogopara.com.br\/wp-content\/uploads\/2021\/09\/setembro-amarelo-allan-jones-322x230.jpeg",322,230,true],"mantranews-single-large":["https:\/\/blogopara.com.br\/wp-content\/uploads\/2021\/09\/setembro-amarelo-allan-jones.jpeg",500,500,false]},"uagb_author_info":{"display_name":"Reda\u00e7\u00e3o geral","author_link":"https:\/\/blogopara.com.br\/index.php\/author\/blogopara"},"uagb_comment_info":0,"uagb_excerpt":"Durante o per\u00edodo de conscientiza\u00e7\u00e3o voltado para a campanha do Setembro Amarelo, o ex-vereador, Allan Jones, lembra de uma Lei muito importante, de sua autoria, que foi sancionada ainda no primeiro ano de mandato no legislativo municipal, em 2017. A institui\u00e7\u00e3o da \u201cSemana Municipal de Conscientiza\u00e7\u00e3o Sobre a Depress\u00e3o Infanto-Juvenil\u201d, atrav\u00e9s do PL 2717\/2017, foi&hellip;","jetpack_sharing_enabled":true,"jetpack_likes_enabled":true,"_links":{"self":[{"href":"https:\/\/blogopara.com.br\/index.php\/wp-json\/wp\/v2\/posts\/28699","targetHints":{"allow":["GET"]}}],"collection":[{"href":"https:\/\/blogopara.com.br\/index.php\/wp-json\/wp\/v2\/posts"}],"about":[{"href":"https:\/\/blogopara.com.br\/index.php\/wp-json\/wp\/v2\/types\/post"}],"author":[{"embeddable":true,"href":"https:\/\/blogopara.com.br\/index.php\/wp-json\/wp\/v2\/users\/1"}],"replies":[{"embeddable":true,"href":"https:\/\/blogopara.com.br\/index.php\/wp-json\/wp\/v2\/comments?post=28699"}],"version-history":[{"count":1,"href":"https:\/\/blogopara.com.br\/index.php\/wp-json\/wp\/v2\/posts\/28699\/revisions"}],"predecessor-version":[{"id":28701,"href":"https:\/\/blogopara.com.br\/index.php\/wp-json\/wp\/v2\/posts\/28699\/revisions\/28701"}],"wp:featuredmedia":[{"embeddable":true,"href":"https:\/\/blogopara.com.br\/index.php\/wp-json\/wp\/v2\/media\/28700"}],"wp:attachment":[{"href":"https:\/\/blogopara.com.br\/index.php\/wp-json\/wp\/v2\/media?parent=28699"}],"wp:term":[{"taxonomy":"category","embeddable":true,"href":"https:\/\/blogopara.com.br\/index.php\/wp-json\/wp\/v2\/categories?post=28699"},{"taxonomy":"post_tag","embeddable":true,"href":"https:\/\/blogopara.com.br\/index.php\/wp-json\/wp\/v2\/tags?post=28699"}],"curies":[{"name":"wp","href":"https:\/\/api.w.org\/{rel}","templated":true}]}}