{"id":28746,"date":"2021-10-01T10:40:00","date_gmt":"2021-10-01T13:40:00","guid":{"rendered":"https:\/\/blogopara.com.br\/?p=28746"},"modified":"2021-10-01T08:48:20","modified_gmt":"2021-10-01T11:48:20","slug":"jordavio-ramos-participa-de-entrega-de-requalificacao-da-escola-municipal-bom-jesus-em-itamotinga","status":"publish","type":"post","link":"https:\/\/blogopara.com.br\/index.php\/2021\/10\/01\/jordavio-ramos-participa-de-entrega-de-requalificacao-da-escola-municipal-bom-jesus-em-itamotinga","title":{"rendered":"Jord\u00e1vio Ramos participa de entrega de requalifica\u00e7\u00e3o da Escola Municipal Bom Jesus, em Itamotinga"},"content":{"rendered":"<p style=\"font-weight: 400; text-align: justify;\">Jord\u00e1vio Ramos participou nessa quinta-feira (30), ao lado da prefeita Suzana Ramos e da secret\u00e1ria de educa\u00e7\u00e3o, Normeida Almeida, da entrega de requalifica\u00e7\u00e3o da Escola Municipal Bom Jesus, em Bara\u00fanas dos Caba\u00e7os, no distrito de Itamotinga. A inaugura\u00e7\u00e3o atende o comprometimento da gest\u00e3o em priorizar a educa\u00e7\u00e3o do munic\u00edpio, com boas condi\u00e7\u00f5es tanto na estrutura das escolas como na qualidade do ensino.<\/p>\n<p style=\"font-weight: 400; text-align: justify;\">A requalifica\u00e7\u00e3o da escola foi uma iniciativa da Secretaria de Educa\u00e7\u00e3o e Juventude (SEDUC), em parceria com uma empresa de minera\u00e7\u00e3o, instalada na regi\u00e3o. Participaram da inaugura\u00e7\u00e3o representantes da gest\u00e3o, gestores da escola, l\u00edderes de associa\u00e7\u00f5es do local e o l\u00edder comunit\u00e1rio da comunidade, ex-vereador e ex-vice prefeito, Amilton Ferreira.<\/p>\n<p style=\"font-weight: 400; text-align: justify;\">O futuro m\u00e9dico agradeceu o convite para prestigiar a reforma e destacou a responsabilidade dos gestores com a educa\u00e7\u00e3o do munic\u00edpio. &#8220;\u00c9 com muita satisfa\u00e7\u00e3o que recebi o convite para participar da inaugura\u00e7\u00e3o de requalifica\u00e7\u00e3o da escola. A gest\u00e3o vem trazendo melhorias, com dedica\u00e7\u00e3o e esfor\u00e7o, na qualidade do ensino municipal. Parab\u00e9ns a prefeita, a secret\u00e1ria de educa\u00e7\u00e3o e gestores da escola, pelo excelente trabalho prestado e pela entrega realizada na comunidade.\u201d ressaltou Jord\u00e1vio.<\/p>\n<p style=\"font-weight: 400; text-align: justify;\">A secret\u00e1ria de educa\u00e7\u00e3o elogiou o interesse de Jord\u00e1vio em participar das a\u00e7\u00f5es que envolvem a educa\u00e7\u00e3o do munic\u00edpio. \u201cA inaugura\u00e7\u00e3o da requalifica\u00e7\u00e3o da escola, mostra o compromisso da gest\u00e3o em melhorar ainda mais a qualidade no ensino do nosso munic\u00edpio e Jord\u00e1vio tem acompanhado, de perto, as atividades que est\u00e3o sendo realizadas na \u00e1rea da educa\u00e7\u00e3o. Parab\u00e9ns pela participa\u00e7\u00e3o, constante, em todos os nossos eventos\u201d. Declarou Normeide.<\/p>\n<p style=\"font-weight: 400; text-align: justify;\">\n<p style=\"font-weight: 400; text-align: justify;\">Ascom\/Jord\u00e1vio Ramos<\/p>\n","protected":false},"excerpt":{"rendered":"<p>Jord\u00e1vio Ramos participou nessa quinta-feira (30), ao lado da prefeita Suzana Ramos e da secret\u00e1ria de educa\u00e7\u00e3o, Normeida Almeida, da entrega de requalifica\u00e7\u00e3o da Escola Municipal Bom Jesus, em Bara\u00fanas dos Caba\u00e7os, no distrito de Itamotinga. A inaugura\u00e7\u00e3o atende o comprometimento da gest\u00e3o em priorizar a educa\u00e7\u00e3o do munic\u00edpio, com boas condi\u00e7\u00f5es tanto na estrutura [&hellip;]<\/p>\n","protected":false},"author":1,"featured_media":28747,"comment_status":"closed","ping_status":"open","sticky":false,"template":"","format":"standard","meta":{"_uag_custom_page_level_css":"","_monsterinsights_skip_tracking":false,"_monsterinsights_sitenote_active":false,"_monsterinsights_sitenote_note":"","_monsterinsights_sitenote_category":0,"jetpack_post_was_ever_published":false,"_jetpack_newsletter_access":"","_jetpack_dont_email_post_to_subs":false,"_jetpack_newsletter_tier_id":0,"_jetpack_memberships_contains_paywalled_content":false,"_jetpack_memberships_contains_paid_content":false,"footnotes":"","jetpack_publicize_message":"","jetpack_publicize_feature_enabled":true,"jetpack_social_post_already_shared":true,"jetpack_social_options":{"image_generator_settings":{"template":"highway","default_image_id":0,"font":"","enabled":false},"version":2}},"categories":[203],"tags":[5559,1243,4816,4779,5558],"class_list":["post-28746","post","type-post","status-publish","format-standard","has-post-thumbnail","hentry","category-juazeiro","tag-entrega-de-requalificacao","tag-escola","tag-interior-de-juazeiro","tag-jordavio-ramos-2","tag-partcipa"],"jetpack_publicize_connections":[],"jetpack_featured_media_url":"https:\/\/blogopara.com.br\/wp-content\/uploads\/2021\/10\/WhatsApp-Image-2021-09-30-at-21.09.05.jpeg","uagb_featured_image_src":{"full":["https:\/\/blogopara.com.br\/wp-content\/uploads\/2021\/10\/WhatsApp-Image-2021-09-30-at-21.09.05.jpeg",500,333,false],"thumbnail":["https:\/\/blogopara.com.br\/wp-content\/uploads\/2021\/10\/WhatsApp-Image-2021-09-30-at-21.09.05-150x150.jpeg",150,150,true],"medium":["https:\/\/blogopara.com.br\/wp-content\/uploads\/2021\/10\/WhatsApp-Image-2021-09-30-at-21.09.05-300x200.jpeg",300,200,true],"medium_large":["https:\/\/blogopara.com.br\/wp-content\/uploads\/2021\/10\/WhatsApp-Image-2021-09-30-at-21.09.05.jpeg",500,333,false],"large":["https:\/\/blogopara.com.br\/wp-content\/uploads\/2021\/10\/WhatsApp-Image-2021-09-30-at-21.09.05.jpeg",500,333,false],"1536x1536":["https:\/\/blogopara.com.br\/wp-content\/uploads\/2021\/10\/WhatsApp-Image-2021-09-30-at-21.09.05.jpeg",500,333,false],"2048x2048":["https:\/\/blogopara.com.br\/wp-content\/uploads\/2021\/10\/WhatsApp-Image-2021-09-30-at-21.09.05.jpeg",500,333,false],"mantranews-slider-large":["https:\/\/blogopara.com.br\/wp-content\/uploads\/2021\/10\/WhatsApp-Image-2021-09-30-at-21.09.05.jpeg",500,333,false],"mantranews-featured-medium":["https:\/\/blogopara.com.br\/wp-content\/uploads\/2021\/10\/WhatsApp-Image-2021-09-30-at-21.09.05-420x307.jpeg",420,307,true],"mantranews-featured-long":["https:\/\/blogopara.com.br\/wp-content\/uploads\/2021\/10\/WhatsApp-Image-2021-09-30-at-21.09.05-300x333.jpeg",300,333,true],"mantranews-block-medium":["https:\/\/blogopara.com.br\/wp-content\/uploads\/2021\/10\/WhatsApp-Image-2021-09-30-at-21.09.05-464x290.jpeg",464,290,true],"mantranews-carousel-image":["https:\/\/blogopara.com.br\/wp-content\/uploads\/2021\/10\/WhatsApp-Image-2021-09-30-at-21.09.05.jpeg",500,333,false],"mantranews-block-thumb":["https:\/\/blogopara.com.br\/wp-content\/uploads\/2021\/10\/WhatsApp-Image-2021-09-30-at-21.09.05-322x230.jpeg",322,230,true],"mantranews-single-large":["https:\/\/blogopara.com.br\/wp-content\/uploads\/2021\/10\/WhatsApp-Image-2021-09-30-at-21.09.05.jpeg",500,333,false]},"uagb_author_info":{"display_name":"Reda\u00e7\u00e3o geral","author_link":"https:\/\/blogopara.com.br\/index.php\/author\/blogopara"},"uagb_comment_info":0,"uagb_excerpt":"Jord\u00e1vio Ramos participou nessa quinta-feira (30), ao lado da prefeita Suzana Ramos e da secret\u00e1ria de educa\u00e7\u00e3o, Normeida Almeida, da entrega de requalifica\u00e7\u00e3o da Escola Municipal Bom Jesus, em Bara\u00fanas dos Caba\u00e7os, no distrito de Itamotinga. A inaugura\u00e7\u00e3o atende o comprometimento da gest\u00e3o em priorizar a educa\u00e7\u00e3o do munic\u00edpio, com boas condi\u00e7\u00f5es tanto na estrutura&hellip;","jetpack_sharing_enabled":true,"jetpack_likes_enabled":true,"_links":{"self":[{"href":"https:\/\/blogopara.com.br\/index.php\/wp-json\/wp\/v2\/posts\/28746","targetHints":{"allow":["GET"]}}],"collection":[{"href":"https:\/\/blogopara.com.br\/index.php\/wp-json\/wp\/v2\/posts"}],"about":[{"href":"https:\/\/blogopara.com.br\/index.php\/wp-json\/wp\/v2\/types\/post"}],"author":[{"embeddable":true,"href":"https:\/\/blogopara.com.br\/index.php\/wp-json\/wp\/v2\/users\/1"}],"replies":[{"embeddable":true,"href":"https:\/\/blogopara.com.br\/index.php\/wp-json\/wp\/v2\/comments?post=28746"}],"version-history":[{"count":2,"href":"https:\/\/blogopara.com.br\/index.php\/wp-json\/wp\/v2\/posts\/28746\/revisions"}],"predecessor-version":[{"id":28751,"href":"https:\/\/blogopara.com.br\/index.php\/wp-json\/wp\/v2\/posts\/28746\/revisions\/28751"}],"wp:featuredmedia":[{"embeddable":true,"href":"https:\/\/blogopara.com.br\/index.php\/wp-json\/wp\/v2\/media\/28747"}],"wp:attachment":[{"href":"https:\/\/blogopara.com.br\/index.php\/wp-json\/wp\/v2\/media?parent=28746"}],"wp:term":[{"taxonomy":"category","embeddable":true,"href":"https:\/\/blogopara.com.br\/index.php\/wp-json\/wp\/v2\/categories?post=28746"},{"taxonomy":"post_tag","embeddable":true,"href":"https:\/\/blogopara.com.br\/index.php\/wp-json\/wp\/v2\/tags?post=28746"}],"curies":[{"name":"wp","href":"https:\/\/api.w.org\/{rel}","templated":true}]}}