{"id":28749,"date":"2021-10-01T11:49:00","date_gmt":"2021-10-01T14:49:00","guid":{"rendered":"https:\/\/blogopara.com.br\/?p=28749"},"modified":"2021-10-01T09:03:40","modified_gmt":"2021-10-01T12:03:40","slug":"mourao-gasta-r-616-mil-em-diarias-para-tratar-assuntos-de-igreja-no-exterior","status":"publish","type":"post","link":"https:\/\/blogopara.com.br\/index.php\/2021\/10\/01\/mourao-gasta-r-616-mil-em-diarias-para-tratar-assuntos-de-igreja-no-exterior","title":{"rendered":"Mour\u00e3o gasta R$ 616 mil em di\u00e1rias para tratar assuntos de igreja no exterior"},"content":{"rendered":"<p style=\"text-align: justify;\">A viagem do vice-presidente Hamilton Mour\u00e3o a Angola em julho deste ano custou ao governo R$ 616,3 mil em di\u00e1rias.\u00a0As informa\u00e7\u00f5es sobre os gastos foram solicitadas pelo deputado federal Marcelo Freixo ao Minist\u00e9rio das Rela\u00e7\u00f5es Exteriores e publicadas pela\u00a0coluna do Guilherme Amado, da\u00a0Metr\u00f3poles.\u00a0<\/p>\n<p style=\"text-align: justify;\">Mour\u00e3o estava acompanhado de uma comitiva formada por nove pessoas, al\u00e9m de servidores e outros tr\u00eas ministros.\u00a0O vice-presidente desembarcou em Luanda para participar da XIII Confer\u00eancia de Chefes de Estado e de Governo da Comunidade dos Pa\u00edses de L\u00edngua Portuguesa (CPLP).<\/p>\n<p style=\"text-align: justify;\">A mando do presidente Jair Bolsonaro, ele aproveitou para defender interesses da\u00a0<a href=\"https:\/\/www.bnews.com.br\/noticias\/principal\/geral\/280992,igreja-universal-nega-acusacao-de-lavagem-de-dinheiro-e-diz-ser-vitima-de-ataque-da-rede-globo.html\">Igreja Universal do Reino de Deus<\/a>, do pastor Edir Macedo.\u00a0A comitiva da vice-presid\u00eancia\u00a0voou para a capital angolana\u00a0em\u00a0avi\u00f5es da FAB. J\u00e1\u00a0os outros 21 servidores do Minist\u00e9rio das Rela\u00e7\u00f5es Exteriores e de outras secretarias\u00a0viajaram em\u00a0voos particulares, que custaram R$ 609.159,00 aos cofres p\u00fablicos.<\/p>\n\n\n<p>Por:  BNews<\/p>\n","protected":false},"excerpt":{"rendered":"<p>A viagem do vice-presidente Hamilton Mour\u00e3o a Angola em julho deste ano custou ao governo R$ 616,3 mil em di\u00e1rias.\u00a0As informa\u00e7\u00f5es sobre os gastos foram solicitadas pelo deputado federal Marcelo Freixo ao Minist\u00e9rio das Rela\u00e7\u00f5es Exteriores e publicadas pela\u00a0coluna do Guilherme Amado, da\u00a0Metr\u00f3poles.\u00a0 Mour\u00e3o estava acompanhado de uma comitiva formada por nove pessoas, al\u00e9m de [&hellip;]<\/p>\n","protected":false},"author":1,"featured_media":28752,"comment_status":"closed","ping_status":"open","sticky":false,"template":"","format":"standard","meta":{"_uag_custom_page_level_css":"","_monsterinsights_skip_tracking":false,"_monsterinsights_sitenote_active":false,"_monsterinsights_sitenote_note":"","_monsterinsights_sitenote_category":0,"jetpack_post_was_ever_published":false,"_jetpack_newsletter_access":"","_jetpack_dont_email_post_to_subs":false,"_jetpack_newsletter_tier_id":0,"_jetpack_memberships_contains_paywalled_content":false,"_jetpack_memberships_contains_paid_content":false,"footnotes":"","jetpack_publicize_message":"","jetpack_publicize_feature_enabled":true,"jetpack_social_post_already_shared":true,"jetpack_social_options":{"image_generator_settings":{"template":"highway","default_image_id":0,"font":"","enabled":false},"version":2}},"categories":[197],"tags":[5562,5561,3162,1191,634,5560],"class_list":["post-28749","post","type-post","status-publish","format-standard","has-post-thumbnail","hentry","category-politica","tag-assuntos-de-igreja","tag-diarias","tag-gasta","tag-interior","tag-mourao","tag-r-616-mil"],"jetpack_publicize_connections":[],"jetpack_featured_media_url":"https:\/\/blogopara.com.br\/wp-content\/uploads\/2021\/10\/325194-IMAGEM_NOTICIA_0.jpg","uagb_featured_image_src":{"full":["https:\/\/blogopara.com.br\/wp-content\/uploads\/2021\/10\/325194-IMAGEM_NOTICIA_0.jpg",500,246,false],"thumbnail":["https:\/\/blogopara.com.br\/wp-content\/uploads\/2021\/10\/325194-IMAGEM_NOTICIA_0-150x150.jpg",150,150,true],"medium":["https:\/\/blogopara.com.br\/wp-content\/uploads\/2021\/10\/325194-IMAGEM_NOTICIA_0-300x148.jpg",300,148,true],"medium_large":["https:\/\/blogopara.com.br\/wp-content\/uploads\/2021\/10\/325194-IMAGEM_NOTICIA_0.jpg",500,246,false],"large":["https:\/\/blogopara.com.br\/wp-content\/uploads\/2021\/10\/325194-IMAGEM_NOTICIA_0.jpg",500,246,false],"1536x1536":["https:\/\/blogopara.com.br\/wp-content\/uploads\/2021\/10\/325194-IMAGEM_NOTICIA_0.jpg",500,246,false],"2048x2048":["https:\/\/blogopara.com.br\/wp-content\/uploads\/2021\/10\/325194-IMAGEM_NOTICIA_0.jpg",500,246,false],"mantranews-slider-large":["https:\/\/blogopara.com.br\/wp-content\/uploads\/2021\/10\/325194-IMAGEM_NOTICIA_0.jpg",500,246,false],"mantranews-featured-medium":["https:\/\/blogopara.com.br\/wp-content\/uploads\/2021\/10\/325194-IMAGEM_NOTICIA_0-420x246.jpg",420,246,true],"mantranews-featured-long":["https:\/\/blogopara.com.br\/wp-content\/uploads\/2021\/10\/325194-IMAGEM_NOTICIA_0-300x246.jpg",300,246,true],"mantranews-block-medium":["https:\/\/blogopara.com.br\/wp-content\/uploads\/2021\/10\/325194-IMAGEM_NOTICIA_0-464x246.jpg",464,246,true],"mantranews-carousel-image":["https:\/\/blogopara.com.br\/wp-content\/uploads\/2021\/10\/325194-IMAGEM_NOTICIA_0.jpg",500,246,false],"mantranews-block-thumb":["https:\/\/blogopara.com.br\/wp-content\/uploads\/2021\/10\/325194-IMAGEM_NOTICIA_0-322x230.jpg",322,230,true],"mantranews-single-large":["https:\/\/blogopara.com.br\/wp-content\/uploads\/2021\/10\/325194-IMAGEM_NOTICIA_0.jpg",500,246,false]},"uagb_author_info":{"display_name":"Reda\u00e7\u00e3o geral","author_link":"https:\/\/blogopara.com.br\/index.php\/author\/blogopara"},"uagb_comment_info":0,"uagb_excerpt":"A viagem do vice-presidente Hamilton Mour\u00e3o a Angola em julho deste ano custou ao governo R$ 616,3 mil em di\u00e1rias.\u00a0As informa\u00e7\u00f5es sobre os gastos foram solicitadas pelo deputado federal Marcelo Freixo ao Minist\u00e9rio das Rela\u00e7\u00f5es Exteriores e publicadas pela\u00a0coluna do Guilherme Amado, da\u00a0Metr\u00f3poles.\u00a0 Mour\u00e3o estava acompanhado de uma comitiva formada por nove pessoas, al\u00e9m de&hellip;","jetpack_sharing_enabled":true,"jetpack_likes_enabled":true,"_links":{"self":[{"href":"https:\/\/blogopara.com.br\/index.php\/wp-json\/wp\/v2\/posts\/28749","targetHints":{"allow":["GET"]}}],"collection":[{"href":"https:\/\/blogopara.com.br\/index.php\/wp-json\/wp\/v2\/posts"}],"about":[{"href":"https:\/\/blogopara.com.br\/index.php\/wp-json\/wp\/v2\/types\/post"}],"author":[{"embeddable":true,"href":"https:\/\/blogopara.com.br\/index.php\/wp-json\/wp\/v2\/users\/1"}],"replies":[{"embeddable":true,"href":"https:\/\/blogopara.com.br\/index.php\/wp-json\/wp\/v2\/comments?post=28749"}],"version-history":[{"count":1,"href":"https:\/\/blogopara.com.br\/index.php\/wp-json\/wp\/v2\/posts\/28749\/revisions"}],"predecessor-version":[{"id":28753,"href":"https:\/\/blogopara.com.br\/index.php\/wp-json\/wp\/v2\/posts\/28749\/revisions\/28753"}],"wp:featuredmedia":[{"embeddable":true,"href":"https:\/\/blogopara.com.br\/index.php\/wp-json\/wp\/v2\/media\/28752"}],"wp:attachment":[{"href":"https:\/\/blogopara.com.br\/index.php\/wp-json\/wp\/v2\/media?parent=28749"}],"wp:term":[{"taxonomy":"category","embeddable":true,"href":"https:\/\/blogopara.com.br\/index.php\/wp-json\/wp\/v2\/categories?post=28749"},{"taxonomy":"post_tag","embeddable":true,"href":"https:\/\/blogopara.com.br\/index.php\/wp-json\/wp\/v2\/tags?post=28749"}],"curies":[{"name":"wp","href":"https:\/\/api.w.org\/{rel}","templated":true}]}}