{"id":28755,"date":"2021-10-01T13:13:00","date_gmt":"2021-10-01T16:13:00","guid":{"rendered":"https:\/\/blogopara.com.br\/?p=28755"},"modified":"2021-10-01T11:34:41","modified_gmt":"2021-10-01T14:34:41","slug":"pelo-segundo-quadrimestre-seguido-prefeitura-de-juazeiro-mostra-responsabilidade-fiscal-e-equilibrio-financeiro-em-prestacao-de-contas-pelo-segundo-quadrimestre-seguido-prefeitura-de-juazeiro-mostra","status":"publish","type":"post","link":"https:\/\/blogopara.com.br\/index.php\/2021\/10\/01\/pelo-segundo-quadrimestre-seguido-prefeitura-de-juazeiro-mostra-responsabilidade-fiscal-e-equilibrio-financeiro-em-prestacao-de-contas-pelo-segundo-quadrimestre-seguido-prefeitura-de-juazeiro-mostra","title":{"rendered":"Pelo segundo quadrimestre seguido, Prefeitura de Juazeiro mostra responsabilidade fiscal e equil\u00edbrio financeiro em presta\u00e7\u00e3o de contas Pelo segundo quadrimestre seguido, Prefeitura de Juazeiro mostra responsabilidade fiscal e equil\u00edbrio financeiro em presta\u00e7\u00e3o de contas"},"content":{"rendered":"<p style=\"font-weight: 400; text-align: justify;\">A Secretaria de Finan\u00e7as da Prefeitura de Juazeiro apresentou, nesta quinta-feira (30), o Relat\u00f3rio de Gest\u00e3o Fiscal (RGF) referente ao segundo quadrimestre de 2021 e o Projeto da Lei Or\u00e7ament\u00e1ria Anual (LOA) para o exerc\u00edcio financeiro de 2022, durante uma audi\u00eancia p\u00fablica realizada no plen\u00e1rio da C\u00e2mara Municipal de Vereadores.<\/p>\n<p style=\"font-weight: 400; text-align: justify;\">Estiveram presentes na audi\u00eancia os secret\u00e1rios de Finan\u00e7as e Fazenda, Gilson Dantas, de Sa\u00fade, Fernando Costa, o Controlador do Munic\u00edpio, Andr\u00e9 Felipe Carvalho, o Procurador Geral do Munic\u00edpio, Thiago Cordeiro e o contador da empresa ECONTAP, Ad\u00e3o Almeida, que presta assessoria cont\u00e1bil \u00e0 Prefeitura de Juazeiro. Entre os destaques, o demonstrativo das receitas arrecadadas e despesas com sa\u00fade, educa\u00e7\u00e3o e despesa com pessoal.<\/p>\n<p style=\"font-weight: 400; text-align: justify;\"><strong>\u00a0<\/strong><\/p>\n<p style=\"font-weight: 400; text-align: justify;\"><strong>Despesas com pessoal<\/strong><\/p>\n<p style=\"font-weight: 400; text-align: justify;\">\n<p style=\"font-weight: 400; text-align: justify;\">A Lei de Responsabilidade Fiscal prev\u00ea que o munic\u00edpio n\u00e3o poder\u00e1 exceder 60% da Receita Corrente L\u00edquida com despesas com pessoal. A Receita Corrente L\u00edquida da Prefeitura de Juazeiro no 2\u00ba quadrimestre deste ano ficou em R$ 697.743.664,59, sendo que deste valor, foram utilizados R$ 380.316.649,40 com despesa de pessoal, correspondente a 54,51% do limite fixado pela LRF.<\/p>\n<p style=\"font-weight: 400; text-align: justify;\">\n<p style=\"font-weight: 400; text-align: justify;\"><strong>Despesas com Sa\u00fade<\/strong><\/p>\n<p style=\"font-weight: 400; text-align: justify;\">\n<p style=\"font-weight: 400; text-align: justify;\">A LRF disp\u00f5e que os munic\u00edpios dever\u00e3o aplicar no m\u00ednimo 15% da sua Receita Pr\u00f3pria em despesas com a Sa\u00fade, podendo esse gasto ser maior que esse percentual. Do valor de R$ 217.221.656,93 arrecadados com impostos para ser utilizado nas despesas com sa\u00fade em 2021, no 2\u00ba quadrimestre a Prefeitura de Juazeiro aplicou R$ 46.869.433,37, correspondente a 21,58%, acima do percentual m\u00ednimo exigido pela Lei.<\/p>\n<p style=\"font-weight: 400; text-align: justify;\">\n<p style=\"font-weight: 400; text-align: justify;\"><strong>Despesas com Educa\u00e7\u00e3o<\/strong><\/p>\n<p style=\"font-weight: 400; text-align: justify;\">\n<p style=\"font-weight: 400; text-align: justify;\">Por lei o munic\u00edpio \u00e9 obrigado a aplicar no m\u00ednimo 25% da receita pr\u00f3pria proveniente da arrecada\u00e7\u00e3o de impostos. At\u00e9 o final do 2\u00ba quadrimestre de 2021, Juazeiro arrecadou R$ 300.423.980,26. E foram aplicados nas despesas com educa\u00e7\u00e3o o montante de R$ 99.179.659,43, equivalente a 17,98%. Embora o resultado aparente um d\u00e9ficit, este ano por causa da pandemia e por n\u00e3o ter ocorrido aula presencial, as despesas com educa\u00e7\u00e3o foram menores, mas o recurso existe em caixa para ser investido.<\/p>\n<p style=\"font-weight: 400; text-align: justify;\">\n<p style=\"font-weight: 400; text-align: justify;\"><strong>Projeto de Lei Or\u00e7ament\u00e1ria Anual<\/strong><\/p>\n<p style=\"font-weight: 400; text-align: justify;\">\n<p style=\"font-weight: 400; text-align: justify;\">Ainda durante a audi\u00eancia p\u00fablica, foi apresentado o Projeto de Lei Or\u00e7ament\u00e1ria Anual (PLOA), que projeta uma receita total de R$ 890 milh\u00f5es e prev\u00ea uma despesa total tamb\u00e9m no valor de R$ 890 milh\u00f5es, para o exerc\u00edcio financeiro de 2022. Agora o PLOA ser\u00e1 apreciado pelos vereadores, que posteriormente emitir\u00e3o um parecer.<\/p>\n<p style=\"font-weight: 400; text-align: justify;\">O secret\u00e1rio de Finan\u00e7as e Fazenda, Gilson Dantas, falou sobre a import\u00e2ncia de apresentar o desenvolvimento das contas p\u00fablicas de Juazeiro e destacou que os investimentos do munic\u00edpio acontecem de forma planejada e transparente, dando \u00eanfase \u00e0s melhorias implementadas em prol do cidad\u00e3o.<\/p>\n<p style=\"font-weight: 400; text-align: justify;\">\u201cHoje, gra\u00e7as ao empenho da prefeita Suzana Ramos, da equipe financeira, equipe cont\u00e1bil\u00a0 e os demais secret\u00e1rios que est\u00e3o envolvidos, as finan\u00e7as de Juazeiro est\u00e3o equilibradas. Com muita responsabilidade, estamos conseguindo alcan\u00e7ar as metas e o munic\u00edpio n\u00e3o est\u00e1 precisando tomar empr\u00e9stimo. Ao contr\u00e1rio, est\u00e1 conseguindo pagar os empr\u00e9stimos que gest\u00f5es anteriores contra\u00edram para o munic\u00edpio. Hoje todos os servidores municipais recebem o sal\u00e1rio no \u00faltimo dia \u00fatil de cada m\u00eas. Isso chama-se planejamento. Tudo isso \u00e9 reflexo da gest\u00e3o Suzana Ramos, que est\u00e1 trabalhando com compromisso e responsabilidade\u201d, enfatizou Gilson Dantas.<\/p>\n<p style=\"font-weight: 400; text-align: justify;\">\n<p style=\"font-weight: 400; text-align: justify;\">SEFIN\/ Ascom PMJ<\/p>\n","protected":false},"excerpt":{"rendered":"<p>A Secretaria de Finan\u00e7as da Prefeitura de Juazeiro apresentou, nesta quinta-feira (30), o Relat\u00f3rio de Gest\u00e3o Fiscal (RGF) referente ao segundo quadrimestre de 2021 e o Projeto da Lei Or\u00e7ament\u00e1ria Anual (LOA) para o exerc\u00edcio financeiro de 2022, durante uma audi\u00eancia p\u00fablica realizada no plen\u00e1rio da C\u00e2mara Municipal de Vereadores. Estiveram presentes na audi\u00eancia os [&hellip;]<\/p>\n","protected":false},"author":1,"featured_media":28756,"comment_status":"closed","ping_status":"open","sticky":false,"template":"","format":"standard","meta":{"_uag_custom_page_level_css":"","_monsterinsights_skip_tracking":false,"_monsterinsights_sitenote_active":false,"_monsterinsights_sitenote_note":"","_monsterinsights_sitenote_category":0,"jetpack_post_was_ever_published":false,"_jetpack_newsletter_access":"","_jetpack_dont_email_post_to_subs":false,"_jetpack_newsletter_tier_id":0,"_jetpack_memberships_contains_paywalled_content":false,"_jetpack_memberships_contains_paid_content":false,"footnotes":"","jetpack_publicize_message":"","jetpack_publicize_feature_enabled":true,"jetpack_social_post_already_shared":true,"jetpack_social_options":{"image_generator_settings":{"template":"highway","default_image_id":0,"font":"","enabled":false},"version":2}},"categories":[203],"tags":[340,1992,5563],"class_list":["post-28755","post","type-post","status-publish","format-standard","has-post-thumbnail","hentry","category-juazeiro","tag-prefeitura-de-juazeiro","tag-prestacao-de-contas","tag-segundo-quadrimestre"],"jetpack_publicize_connections":[],"jetpack_featured_media_url":"https:\/\/blogopara.com.br\/wp-content\/uploads\/2021\/10\/Sessao-prestacao-de-contas-7.jpeg","uagb_featured_image_src":{"full":["https:\/\/blogopara.com.br\/wp-content\/uploads\/2021\/10\/Sessao-prestacao-de-contas-7.jpeg",500,332,false],"thumbnail":["https:\/\/blogopara.com.br\/wp-content\/uploads\/2021\/10\/Sessao-prestacao-de-contas-7-150x150.jpeg",150,150,true],"medium":["https:\/\/blogopara.com.br\/wp-content\/uploads\/2021\/10\/Sessao-prestacao-de-contas-7-300x199.jpeg",300,199,true],"medium_large":["https:\/\/blogopara.com.br\/wp-content\/uploads\/2021\/10\/Sessao-prestacao-de-contas-7.jpeg",500,332,false],"large":["https:\/\/blogopara.com.br\/wp-content\/uploads\/2021\/10\/Sessao-prestacao-de-contas-7.jpeg",500,332,false],"1536x1536":["https:\/\/blogopara.com.br\/wp-content\/uploads\/2021\/10\/Sessao-prestacao-de-contas-7.jpeg",500,332,false],"2048x2048":["https:\/\/blogopara.com.br\/wp-content\/uploads\/2021\/10\/Sessao-prestacao-de-contas-7.jpeg",500,332,false],"mantranews-slider-large":["https:\/\/blogopara.com.br\/wp-content\/uploads\/2021\/10\/Sessao-prestacao-de-contas-7.jpeg",500,332,false],"mantranews-featured-medium":["https:\/\/blogopara.com.br\/wp-content\/uploads\/2021\/10\/Sessao-prestacao-de-contas-7-420x307.jpeg",420,307,true],"mantranews-featured-long":["https:\/\/blogopara.com.br\/wp-content\/uploads\/2021\/10\/Sessao-prestacao-de-contas-7-300x332.jpeg",300,332,true],"mantranews-block-medium":["https:\/\/blogopara.com.br\/wp-content\/uploads\/2021\/10\/Sessao-prestacao-de-contas-7-464x290.jpeg",464,290,true],"mantranews-carousel-image":["https:\/\/blogopara.com.br\/wp-content\/uploads\/2021\/10\/Sessao-prestacao-de-contas-7.jpeg",500,332,false],"mantranews-block-thumb":["https:\/\/blogopara.com.br\/wp-content\/uploads\/2021\/10\/Sessao-prestacao-de-contas-7-322x230.jpeg",322,230,true],"mantranews-single-large":["https:\/\/blogopara.com.br\/wp-content\/uploads\/2021\/10\/Sessao-prestacao-de-contas-7.jpeg",500,332,false]},"uagb_author_info":{"display_name":"Reda\u00e7\u00e3o geral","author_link":"https:\/\/blogopara.com.br\/index.php\/author\/blogopara"},"uagb_comment_info":0,"uagb_excerpt":"A Secretaria de Finan\u00e7as da Prefeitura de Juazeiro apresentou, nesta quinta-feira (30), o Relat\u00f3rio de Gest\u00e3o Fiscal (RGF) referente ao segundo quadrimestre de 2021 e o Projeto da Lei Or\u00e7ament\u00e1ria Anual (LOA) para o exerc\u00edcio financeiro de 2022, durante uma audi\u00eancia p\u00fablica realizada no plen\u00e1rio da C\u00e2mara Municipal de Vereadores. Estiveram presentes na audi\u00eancia os&hellip;","jetpack_sharing_enabled":true,"jetpack_likes_enabled":true,"_links":{"self":[{"href":"https:\/\/blogopara.com.br\/index.php\/wp-json\/wp\/v2\/posts\/28755","targetHints":{"allow":["GET"]}}],"collection":[{"href":"https:\/\/blogopara.com.br\/index.php\/wp-json\/wp\/v2\/posts"}],"about":[{"href":"https:\/\/blogopara.com.br\/index.php\/wp-json\/wp\/v2\/types\/post"}],"author":[{"embeddable":true,"href":"https:\/\/blogopara.com.br\/index.php\/wp-json\/wp\/v2\/users\/1"}],"replies":[{"embeddable":true,"href":"https:\/\/blogopara.com.br\/index.php\/wp-json\/wp\/v2\/comments?post=28755"}],"version-history":[{"count":1,"href":"https:\/\/blogopara.com.br\/index.php\/wp-json\/wp\/v2\/posts\/28755\/revisions"}],"predecessor-version":[{"id":28757,"href":"https:\/\/blogopara.com.br\/index.php\/wp-json\/wp\/v2\/posts\/28755\/revisions\/28757"}],"wp:featuredmedia":[{"embeddable":true,"href":"https:\/\/blogopara.com.br\/index.php\/wp-json\/wp\/v2\/media\/28756"}],"wp:attachment":[{"href":"https:\/\/blogopara.com.br\/index.php\/wp-json\/wp\/v2\/media?parent=28755"}],"wp:term":[{"taxonomy":"category","embeddable":true,"href":"https:\/\/blogopara.com.br\/index.php\/wp-json\/wp\/v2\/categories?post=28755"},{"taxonomy":"post_tag","embeddable":true,"href":"https:\/\/blogopara.com.br\/index.php\/wp-json\/wp\/v2\/tags?post=28755"}],"curies":[{"name":"wp","href":"https:\/\/api.w.org\/{rel}","templated":true}]}}