{"id":28766,"date":"2021-10-01T18:39:00","date_gmt":"2021-10-01T21:39:00","guid":{"rendered":"https:\/\/blogopara.com.br\/?p=28766"},"modified":"2021-10-01T17:47:53","modified_gmt":"2021-10-01T20:47:53","slug":"farmaceutica-brasileira-faz-acordo-para-trazer-ao-pais-nova-vacina-de-dose-unica-contra-a-covid","status":"publish","type":"post","link":"https:\/\/blogopara.com.br\/index.php\/2021\/10\/01\/farmaceutica-brasileira-faz-acordo-para-trazer-ao-pais-nova-vacina-de-dose-unica-contra-a-covid","title":{"rendered":"Farmac\u00eautica brasileira faz acordo para trazer ao pa\u00eds nova vacina de dose \u00fanica contra a Covid"},"content":{"rendered":"<p style=\"text-align: justify;\">A farmac\u00eautica brasileira Biomm anunciou, na manh\u00e3 desta sexta (1\u00b0), que possui um acordo com a CanSino Biologics para importar e, num segundo momento, produzir no Brasil a vacina de dose \u00fanica contra a Covid da empresa chinesa.<\/p>\n<div id=\"ad-middle\" class=\" adRef\" style=\"text-align: justify;\" data-google-query-id=\"CK-cnY2JqvMCFUm7lQIdqMMAiw\">\n<div id=\"google_ads_iframe_\/21867286880\/folhape\/middle_0__container__\"><span style=\"font-size: revert; text-align: justify; color: initial;\">A Biomm diz que ir\u00e1 submeter \u00e0 Anvisa (Ag\u00eancia Nacional de Vigil\u00e2ncia Sanit\u00e1ria) o pedido para uso emergencial do imunizante.<\/span><\/div>\n<\/div>\n<p style=\"text-align: justify;\">A Convidecia, vacina da CanSino, utiliza um adenov\u00edrus para ensinar o sistema imune humano a identificar e combater a Covid, algo semelhante ao visto na Covishield, vacina da AstraZeneca\/Oxford j\u00e1 em uso no Brasil. O imunizante deve ser conservado em geladeira comum, de 2 \u00b0C a 8\u00b0C, o que costuma facilitar a log\u00edstica.<\/p>\n<p>A vacina da farmac\u00eautica chinesa j\u00e1 teve resultados de seguran\u00e7a e imunogenicidade publicados na revista Lancet, ainda em 2020. Ela tem aprova\u00e7\u00e3o para uso na China e aprova\u00e7\u00e3o emergencial em outros pa\u00edses, entre os quais Chile, Equador e Argentina.<\/p>\n<p>&#8220;Uma vez atendidas todas as exig\u00eancias regulat\u00f3rias, a Biomm tem condi\u00e7\u00f5es de iniciar o processo de importa\u00e7\u00e3o&#8221;, diz, em nota, a empresa, que j\u00e1 afirma haver a possibilidade de produ\u00e7\u00e3o do imunizante em sua f\u00e1brica em Nova Lima, Minas Gerais.<\/p>\n<div id=\"ad-middle1\" class=\" adRef\" style=\"text-align: justify;\" data-google-query-id=\"CICC6pSJqvMCFaO8lQIdcQkNJg\">\n<div id=\"google_ads_iframe_\/21867286880\/folhape\/middle1_0__container__\"><span style=\"font-size: revert; color: initial;\">&#8220;O acordo prev\u00ea tamb\u00e9m o prop\u00f3sito de comercializa\u00e7\u00e3o e produ\u00e7\u00e3o de todo o portf\u00f3lio de vacinas da CanSino Biologics INC. Uma vez que a valida\u00e7\u00e3o esteja conclu\u00edda, estar\u00e1 apta para inspe\u00e7\u00e3o e aprova\u00e7\u00e3o pela Anvisa&#8221;, diz a nota.<\/span><\/div>\n<\/div>\n<p style=\"text-align: justify;\">O imunizante tamb\u00e9m foi testado para uso combinado (regime heter\u00f3logo) com a Coronavac.<\/p>\n<p style=\"text-align: justify;\">Segundo dados disponibilizados em pr\u00e9-print (publica\u00e7\u00e3o ainda sem revis\u00e3o de outros especialistas), o uso da Convidecia como dose de refor\u00e7o para pessoas que tomaram Coronavac provocou substancial resposta imunog\u00eanica. O efeito \u00e9 percebido tanto ap\u00f3s a primeira quanto ap\u00f3s a segunda dose da Coronavac.<\/p>\n<p>A resposta gerada, de acordo com os dados, \u00e9 maior do que com uma dose de refor\u00e7o da pr\u00f3pria Coronavac. Com o uso da Convidecia, houve um aumento de 78 vezes no n\u00famero m\u00e9dio de anticorpos neutralizantes, comparado a um aumento de cerca de 15 vezes com uso da pr\u00f3pria Coronavac como dose extra.<\/p>\n<p>Vale destacar, por\u00e9m, que as informa\u00e7\u00f5es do pr\u00e9-print s\u00e3o baseadas em somente 300 participantes chineses.<\/p>\n<p style=\"text-align: justify;\">O uso combinado de vacinas tem se mostrado uma op\u00e7\u00e3o para aumentar a prote\u00e7\u00e3o em idosos, grupo em que a Coronavac demonstra menor potencial de prote\u00e7\u00e3o, principalmente algum tempo ap\u00f3s a imuniza\u00e7\u00e3o.<\/p>\n<p>Em junho, a Anvisa chegou a recusar o pedido de uso emergencial da Convidecia depois de a CanSino informar \u00e0 ag\u00eancia que as empresas brasileiras Belcher e o Instituto Vital Brazil n\u00e3o representavam mais a farmac\u00eautica chinesa, o que emperrou o processo regulat\u00f3rio.<\/p>\n<section class=\"bannerBillboardDetalhe\">\n<div id=\"middle\"><\/div>\n<\/section>\n<div class=\"clear\" style=\"text-align: justify;\">Por: Folhapress<\/div>\n<div class=\"spacer30\" style=\"text-align: justify;\"><\/div>\n","protected":false},"excerpt":{"rendered":"<p>A farmac\u00eautica brasileira Biomm anunciou, na manh\u00e3 desta sexta (1\u00b0), que possui um acordo com a CanSino Biologics para importar e, num segundo momento, produzir no Brasil a vacina de dose \u00fanica contra a Covid da empresa chinesa. A Biomm diz que ir\u00e1 submeter \u00e0 Anvisa (Ag\u00eancia Nacional de Vigil\u00e2ncia Sanit\u00e1ria) o pedido para uso [&hellip;]<\/p>\n","protected":false},"author":1,"featured_media":28767,"comment_status":"closed","ping_status":"open","sticky":false,"template":"","format":"standard","meta":{"_uag_custom_page_level_css":"","_monsterinsights_skip_tracking":false,"_monsterinsights_sitenote_active":false,"_monsterinsights_sitenote_note":"","_monsterinsights_sitenote_category":0,"jetpack_post_was_ever_published":false,"_jetpack_newsletter_access":"","_jetpack_dont_email_post_to_subs":false,"_jetpack_newsletter_tier_id":0,"_jetpack_memberships_contains_paywalled_content":false,"_jetpack_memberships_contains_paid_content":false,"footnotes":"","jetpack_publicize_message":"","jetpack_publicize_feature_enabled":true,"jetpack_social_post_already_shared":true,"jetpack_social_options":{"image_generator_settings":{"template":"highway","default_image_id":0,"font":"","enabled":false},"version":2}},"categories":[2801],"tags":[5574,5570,5571,5573,5572],"class_list":["post-28766","post","type-post","status-publish","format-standard","has-post-thumbnail","hentry","category-covid19","tag-dose-unico","tag-farmaceutica-brasileira","tag-faz-acordo","tag-nova-vacina","tag-trazer-ao-pais"],"jetpack_publicize_connections":[],"jetpack_featured_media_url":"https:\/\/blogopara.com.br\/wp-content\/uploads\/2021\/10\/20210803160322-mg-4188-1.jpg","uagb_featured_image_src":{"full":["https:\/\/blogopara.com.br\/wp-content\/uploads\/2021\/10\/20210803160322-mg-4188-1.jpg",500,298,false],"thumbnail":["https:\/\/blogopara.com.br\/wp-content\/uploads\/2021\/10\/20210803160322-mg-4188-1-150x150.jpg",150,150,true],"medium":["https:\/\/blogopara.com.br\/wp-content\/uploads\/2021\/10\/20210803160322-mg-4188-1-300x179.jpg",300,179,true],"medium_large":["https:\/\/blogopara.com.br\/wp-content\/uploads\/2021\/10\/20210803160322-mg-4188-1.jpg",500,298,false],"large":["https:\/\/blogopara.com.br\/wp-content\/uploads\/2021\/10\/20210803160322-mg-4188-1.jpg",500,298,false],"1536x1536":["https:\/\/blogopara.com.br\/wp-content\/uploads\/2021\/10\/20210803160322-mg-4188-1.jpg",500,298,false],"2048x2048":["https:\/\/blogopara.com.br\/wp-content\/uploads\/2021\/10\/20210803160322-mg-4188-1.jpg",500,298,false],"mantranews-slider-large":["https:\/\/blogopara.com.br\/wp-content\/uploads\/2021\/10\/20210803160322-mg-4188-1.jpg",500,298,false],"mantranews-featured-medium":["https:\/\/blogopara.com.br\/wp-content\/uploads\/2021\/10\/20210803160322-mg-4188-1-420x298.jpg",420,298,true],"mantranews-featured-long":["https:\/\/blogopara.com.br\/wp-content\/uploads\/2021\/10\/20210803160322-mg-4188-1-300x298.jpg",300,298,true],"mantranews-block-medium":["https:\/\/blogopara.com.br\/wp-content\/uploads\/2021\/10\/20210803160322-mg-4188-1-464x290.jpg",464,290,true],"mantranews-carousel-image":["https:\/\/blogopara.com.br\/wp-content\/uploads\/2021\/10\/20210803160322-mg-4188-1.jpg",500,298,false],"mantranews-block-thumb":["https:\/\/blogopara.com.br\/wp-content\/uploads\/2021\/10\/20210803160322-mg-4188-1-322x230.jpg",322,230,true],"mantranews-single-large":["https:\/\/blogopara.com.br\/wp-content\/uploads\/2021\/10\/20210803160322-mg-4188-1.jpg",500,298,false]},"uagb_author_info":{"display_name":"Reda\u00e7\u00e3o geral","author_link":"https:\/\/blogopara.com.br\/index.php\/author\/blogopara"},"uagb_comment_info":0,"uagb_excerpt":"A farmac\u00eautica brasileira Biomm anunciou, na manh\u00e3 desta sexta (1\u00b0), que possui um acordo com a CanSino Biologics para importar e, num segundo momento, produzir no Brasil a vacina de dose \u00fanica contra a Covid da empresa chinesa. A Biomm diz que ir\u00e1 submeter \u00e0 Anvisa (Ag\u00eancia Nacional de Vigil\u00e2ncia Sanit\u00e1ria) o pedido para uso&hellip;","jetpack_sharing_enabled":true,"jetpack_likes_enabled":true,"_links":{"self":[{"href":"https:\/\/blogopara.com.br\/index.php\/wp-json\/wp\/v2\/posts\/28766","targetHints":{"allow":["GET"]}}],"collection":[{"href":"https:\/\/blogopara.com.br\/index.php\/wp-json\/wp\/v2\/posts"}],"about":[{"href":"https:\/\/blogopara.com.br\/index.php\/wp-json\/wp\/v2\/types\/post"}],"author":[{"embeddable":true,"href":"https:\/\/blogopara.com.br\/index.php\/wp-json\/wp\/v2\/users\/1"}],"replies":[{"embeddable":true,"href":"https:\/\/blogopara.com.br\/index.php\/wp-json\/wp\/v2\/comments?post=28766"}],"version-history":[{"count":1,"href":"https:\/\/blogopara.com.br\/index.php\/wp-json\/wp\/v2\/posts\/28766\/revisions"}],"predecessor-version":[{"id":28768,"href":"https:\/\/blogopara.com.br\/index.php\/wp-json\/wp\/v2\/posts\/28766\/revisions\/28768"}],"wp:featuredmedia":[{"embeddable":true,"href":"https:\/\/blogopara.com.br\/index.php\/wp-json\/wp\/v2\/media\/28767"}],"wp:attachment":[{"href":"https:\/\/blogopara.com.br\/index.php\/wp-json\/wp\/v2\/media?parent=28766"}],"wp:term":[{"taxonomy":"category","embeddable":true,"href":"https:\/\/blogopara.com.br\/index.php\/wp-json\/wp\/v2\/categories?post=28766"},{"taxonomy":"post_tag","embeddable":true,"href":"https:\/\/blogopara.com.br\/index.php\/wp-json\/wp\/v2\/tags?post=28766"}],"curies":[{"name":"wp","href":"https:\/\/api.w.org\/{rel}","templated":true}]}}