{"id":28820,"date":"2021-10-04T07:45:00","date_gmt":"2021-10-04T10:45:00","guid":{"rendered":"https:\/\/blogopara.com.br\/?p=28820"},"modified":"2021-10-04T07:25:16","modified_gmt":"2021-10-04T10:25:16","slug":"ha-520-anos-rio-sao-francisco-era-descoberto-pelos-colonizadores","status":"publish","type":"post","link":"https:\/\/blogopara.com.br\/index.php\/2021\/10\/04\/ha-520-anos-rio-sao-francisco-era-descoberto-pelos-colonizadores","title":{"rendered":"H\u00e1 520 anos, Rio S\u00e3o Francisco era descoberto pelos colonizadores"},"content":{"rendered":"<p style=\"text-align: justify;\">Na manh\u00e3 de 4 de outubro de 1501, uma expedi\u00e7\u00e3o exploradora comandada por Am\u00e9rico Vesp\u00facio e Gon\u00e7alo Coelho \u2013 outros falam em Andr\u00e9 Gon\u00e7alves-, chega a foz de um grande rio, em territ\u00f3rio brasileiro, que os \u00edndios chamavam de Opar\u00e1, em tupi, rio-mar. O rio S\u00e3o Francisco estava descoberto e fora batizado assim, porque surgiu no dia deste santo. Antes, em 10 de junho, os mesmos comandantes haviam passado no litoral paraibano e fundado a Ba\u00eda de Acajutibir\u00f3, nome que o navegante florentino depois mudou para Ba\u00eda da Trai\u00e7\u00e3o, talvez por ter assistido a uma cena de antropofagia.<\/p>\n<p>Os \u201cint\u00e9rpretes\u201d da armada, conhecedores de v\u00e1rios idiomas e dialetos afroasi\u00e1ticos, estavam em d\u00favida: Que l\u00edngua era aquela falada pelo povo de pele acobreada e cabelo azeviche visto em bandos por al\u00ed? O tupi n\u00e3o era ainda conhecido dos portugueses, e o povo visto a andar em grupos pelas margens, no caso do rio S\u00e3o Francisco era os Caet\u00e9s e, de Ba\u00eda da Trai\u00e7\u00e3o, os potiguara. Ambos praticavam o canibalismo em rituais, um costume condenado pelos portugueses exploradores, rigorosos cat\u00f3licos praticantes.<\/p>\n<p>Com o correr do tempo, o S\u00e3o Francisco \u2013 assim batizado por ser descoberto no dia deste santo -, passou a ser chamado rio das Borboletas, rio da Unidade Nacional por ser naveg\u00e1vel em mais de 80% de sua extens\u00e3o e ocorrer somente em solo brasileiro, rio dos Currais, por causa da evolu\u00e7\u00e3o da cria de gado em suas margens, e o Nilo Brasileiro, por banhar \u00e1reas in\u00f3spitas, de solo est\u00e9ril e permitir irriga\u00e7\u00e3o para o cultivo agr\u00edcola.<\/p>\n<p style=\"text-align: justify;\"><strong>Fronteira natural entre cinco Estados<\/strong><\/p>\n<p style=\"text-align: justify;\">Nos dias atuais, o Velho Chico percorre cinco estados brasileiros, sendo fronteira natural entre Minas Gerais\/Bahia, Bahia\/Pernambuco e Alagoas\/Sergipe. Na segunda d\u00e9cada do S\u00e9culo XXI, ele \u00e9 respons\u00e1vel pelo fornecimento de energia el\u00e9trica para grande parte do Nordeste, concentra um dos maiores plantios de arroz do pa\u00eds em suas margens, irriga as maiores culturas de mel\u00e3o e cebola do Norte\/Nordeste, incentiva o turismo e \u00e9 cen\u00e1rio constante de filmes e novelas. Em uma delas, Velho Chico, um fato tr\u00e1gico aconteceu no dia 15 do m\u00eas passado, o afogamento do ator Domingos Montagner.<\/p>\n<p>Nas margens do rio quinhentista, se destacam registros de romances famosos, rotulados de trag\u00e9dias: Lampi\u00e3o e Maria Bonita foram mortos pela pol\u00edcia alagoana em Angicos, num bra\u00e7o do rio que passa em Sergipe, em 28 de julho de 1938. O industrial Delmiro Gouveia, o primeiro homem a utilizar a pot\u00eancia h\u00eddrica do rio como for\u00e7a motriz, acabou assassinado perto da Cachoeira da Pedra, em 10 de outubro de 1917. Antes, em 1712, o bandeirante Pasc\u00e1cio de Oliveira Ledo, que desbravou parte do Sert\u00e3o e Cariri da Para\u00edba, cometeu a fa\u00e7anha de atravessar o rio a cavalo, com a noiva gr\u00e1vida na garupa, para escapar da persegui\u00e7\u00e3o dos parentes da mo\u00e7a, que queriam mat\u00e1-lo.<\/p>\n<p>Agora, o desmatamento e as impurezas que atingem o S\u00e3o Francisco e suas margens, j\u00e1 amea\u00e7am o Farol da foz do S\u00e3o Francisco, constru\u00eddo fora da arrebenta\u00e7\u00e3o em 1873 e, hoje, dentro d\u2019\u00e1gua. O avan\u00e7o do mar for\u00e7ou a evacua\u00e7\u00e3o dos moradores da Vila do Cabe\u00e7o. Atualmente, nem os barcos podem circular nesta \u00e1rea, por causa do perigo formado pelos<\/p>\n","protected":false},"excerpt":{"rendered":"<p>Na manh\u00e3 de 4 de outubro de 1501, uma expedi\u00e7\u00e3o exploradora comandada por Am\u00e9rico Vesp\u00facio e Gon\u00e7alo Coelho \u2013 outros falam em Andr\u00e9 Gon\u00e7alves-, chega a foz de um grande rio, em territ\u00f3rio brasileiro, que os \u00edndios chamavam de Opar\u00e1, em tupi, rio-mar. O rio S\u00e3o Francisco estava descoberto e fora batizado assim, porque surgiu [&hellip;]<\/p>\n","protected":false},"author":1,"featured_media":28821,"comment_status":"closed","ping_status":"open","sticky":false,"template":"","format":"standard","meta":{"_uag_custom_page_level_css":"","_monsterinsights_skip_tracking":false,"_monsterinsights_sitenote_active":false,"_monsterinsights_sitenote_note":"","_monsterinsights_sitenote_category":0,"jetpack_post_was_ever_published":false,"_jetpack_newsletter_access":"","_jetpack_dont_email_post_to_subs":false,"_jetpack_newsletter_tier_id":0,"_jetpack_memberships_contains_paywalled_content":false,"_jetpack_memberships_contains_paid_content":false,"footnotes":"","jetpack_publicize_message":"","jetpack_publicize_feature_enabled":true,"jetpack_social_post_already_shared":true,"jetpack_social_options":{"image_generator_settings":{"template":"highway","default_image_id":0,"font":"","enabled":false},"version":2}},"categories":[200],"tags":[5606,5604,5605,9,58,45],"class_list":["post-28820","post","type-post","status-publish","format-standard","has-post-thumbnail","hentry","category-brasil","tag-degradacao","tag-descoberta","tag-integracao-nacional","tag-juazeiro","tag-petrolina","tag-velho-chico"],"jetpack_publicize_connections":[],"jetpack_featured_media_url":"https:\/\/blogopara.com.br\/wp-content\/uploads\/2021\/10\/Rio-Sao-Francisco-533x300-1.jpg","uagb_featured_image_src":{"full":["https:\/\/blogopara.com.br\/wp-content\/uploads\/2021\/10\/Rio-Sao-Francisco-533x300-1.jpg",500,281,false],"thumbnail":["https:\/\/blogopara.com.br\/wp-content\/uploads\/2021\/10\/Rio-Sao-Francisco-533x300-1-150x150.jpg",150,150,true],"medium":["https:\/\/blogopara.com.br\/wp-content\/uploads\/2021\/10\/Rio-Sao-Francisco-533x300-1-300x169.jpg",300,169,true],"medium_large":["https:\/\/blogopara.com.br\/wp-content\/uploads\/2021\/10\/Rio-Sao-Francisco-533x300-1.jpg",500,281,false],"large":["https:\/\/blogopara.com.br\/wp-content\/uploads\/2021\/10\/Rio-Sao-Francisco-533x300-1.jpg",500,281,false],"1536x1536":["https:\/\/blogopara.com.br\/wp-content\/uploads\/2021\/10\/Rio-Sao-Francisco-533x300-1.jpg",500,281,false],"2048x2048":["https:\/\/blogopara.com.br\/wp-content\/uploads\/2021\/10\/Rio-Sao-Francisco-533x300-1.jpg",500,281,false],"mantranews-slider-large":["https:\/\/blogopara.com.br\/wp-content\/uploads\/2021\/10\/Rio-Sao-Francisco-533x300-1.jpg",500,281,false],"mantranews-featured-medium":["https:\/\/blogopara.com.br\/wp-content\/uploads\/2021\/10\/Rio-Sao-Francisco-533x300-1-420x281.jpg",420,281,true],"mantranews-featured-long":["https:\/\/blogopara.com.br\/wp-content\/uploads\/2021\/10\/Rio-Sao-Francisco-533x300-1-300x281.jpg",300,281,true],"mantranews-block-medium":["https:\/\/blogopara.com.br\/wp-content\/uploads\/2021\/10\/Rio-Sao-Francisco-533x300-1-464x281.jpg",464,281,true],"mantranews-carousel-image":["https:\/\/blogopara.com.br\/wp-content\/uploads\/2021\/10\/Rio-Sao-Francisco-533x300-1.jpg",500,281,false],"mantranews-block-thumb":["https:\/\/blogopara.com.br\/wp-content\/uploads\/2021\/10\/Rio-Sao-Francisco-533x300-1-322x230.jpg",322,230,true],"mantranews-single-large":["https:\/\/blogopara.com.br\/wp-content\/uploads\/2021\/10\/Rio-Sao-Francisco-533x300-1.jpg",500,281,false]},"uagb_author_info":{"display_name":"Reda\u00e7\u00e3o geral","author_link":"https:\/\/blogopara.com.br\/index.php\/author\/blogopara"},"uagb_comment_info":0,"uagb_excerpt":"Na manh\u00e3 de 4 de outubro de 1501, uma expedi\u00e7\u00e3o exploradora comandada por Am\u00e9rico Vesp\u00facio e Gon\u00e7alo Coelho \u2013 outros falam em Andr\u00e9 Gon\u00e7alves-, chega a foz de um grande rio, em territ\u00f3rio brasileiro, que os \u00edndios chamavam de Opar\u00e1, em tupi, rio-mar. O rio S\u00e3o Francisco estava descoberto e fora batizado assim, porque surgiu&hellip;","jetpack_sharing_enabled":true,"jetpack_likes_enabled":true,"_links":{"self":[{"href":"https:\/\/blogopara.com.br\/index.php\/wp-json\/wp\/v2\/posts\/28820","targetHints":{"allow":["GET"]}}],"collection":[{"href":"https:\/\/blogopara.com.br\/index.php\/wp-json\/wp\/v2\/posts"}],"about":[{"href":"https:\/\/blogopara.com.br\/index.php\/wp-json\/wp\/v2\/types\/post"}],"author":[{"embeddable":true,"href":"https:\/\/blogopara.com.br\/index.php\/wp-json\/wp\/v2\/users\/1"}],"replies":[{"embeddable":true,"href":"https:\/\/blogopara.com.br\/index.php\/wp-json\/wp\/v2\/comments?post=28820"}],"version-history":[{"count":1,"href":"https:\/\/blogopara.com.br\/index.php\/wp-json\/wp\/v2\/posts\/28820\/revisions"}],"predecessor-version":[{"id":28822,"href":"https:\/\/blogopara.com.br\/index.php\/wp-json\/wp\/v2\/posts\/28820\/revisions\/28822"}],"wp:featuredmedia":[{"embeddable":true,"href":"https:\/\/blogopara.com.br\/index.php\/wp-json\/wp\/v2\/media\/28821"}],"wp:attachment":[{"href":"https:\/\/blogopara.com.br\/index.php\/wp-json\/wp\/v2\/media?parent=28820"}],"wp:term":[{"taxonomy":"category","embeddable":true,"href":"https:\/\/blogopara.com.br\/index.php\/wp-json\/wp\/v2\/categories?post=28820"},{"taxonomy":"post_tag","embeddable":true,"href":"https:\/\/blogopara.com.br\/index.php\/wp-json\/wp\/v2\/tags?post=28820"}],"curies":[{"name":"wp","href":"https:\/\/api.w.org\/{rel}","templated":true}]}}