{"id":28843,"date":"2021-10-04T18:20:00","date_gmt":"2021-10-04T21:20:00","guid":{"rendered":"https:\/\/blogopara.com.br\/?p=28843"},"modified":"2021-10-04T14:24:48","modified_gmt":"2021-10-04T17:24:48","slug":"acm-neto-sai-em-defesa-de-ciro-gomes-apos-ataques","status":"publish","type":"post","link":"https:\/\/blogopara.com.br\/index.php\/2021\/10\/04\/acm-neto-sai-em-defesa-de-ciro-gomes-apos-ataques","title":{"rendered":"ACM Neto sai em defesa de Ciro Gomes ap\u00f3s ataques"},"content":{"rendered":"<p style=\"text-align: justify;\">O ex-prefeito de Salvador, ACM Neto, criticou, nesta segunda-feira (4), os ataques contra o pr\u00e9-candidato \u00e0 presid\u00eancia da Rep\u00fablica, Ciro Gomes (PDT), durante a manifesta\u00e7\u00e3o contra o presidente Jair Bolsonaro, no \u00faltimo s\u00e1bado (2).<\/p>\n<p style=\"text-align: justify;\">O democrata saiu em defesa do pedetista, afirmando que aqueles que o atacaram s\u00e3o figuras que representam a extrem- esquerda, que discorda dos posicionamentos do pol\u00edtico, que j\u00e1 teceu cr\u00edticas contra o grupo.<\/p>\n<p style=\"text-align: justify;\">\u201cPrimeiro, eu n\u00e3o sou a favor desses ataques. Ali\u00e1s, eu acho que a pol\u00edtica precisa, ao contr\u00e1rio, \u00e9 de di\u00e1logo, \u00e9 de converg\u00eancia, \u00e9 de bom senso. \u00a0N\u00e3o de ataques. Veja que, nesse caso, os ataques partem da pr\u00f3pria esquerda, mas talvez porque Ciro tenha trilhado nesses \u00faltimos meses um caminho correto, um caminho de se aproximar mais do centro, um caminho de dialogar com correntes pol\u00edticas mais ao centro. E Ciro n\u00e3o tem poupado cr\u00edticas \u00e0 esquerda e \u00e0 hist\u00f3ria recente da esquerda no Brasil, o que, ali\u00e1s, \u00e9 necess\u00e1rio\u201d, disse em entrevista ao portal UOL.<\/p>\n<p style=\"text-align: justify;\">Na mesma publica\u00e7\u00e3o, Neto ainda confirmou que votou no presidente Jair Bolsonaro no segundo turno na disputa contra Fernando Haddad (PT), em 2018, al\u00e9m de dizer ser contra o impeachment do atual presidente (<a href=\"https:\/\/politicaaovivo.com\/acm-neto-critica-bolsonaro-mas-diz-ser-contra-impeachment\/\">veja aqui<\/a>).<\/p>\n<p style=\"text-align: justify;\">\n","protected":false},"excerpt":{"rendered":"<p>O ex-prefeito de Salvador, ACM Neto, criticou, nesta segunda-feira (4), os ataques contra o pr\u00e9-candidato \u00e0 presid\u00eancia da Rep\u00fablica, Ciro Gomes (PDT), durante a manifesta\u00e7\u00e3o contra o presidente Jair Bolsonaro, no \u00faltimo s\u00e1bado (2). O democrata saiu em defesa do pedetista, afirmando que aqueles que o atacaram s\u00e3o figuras que representam a extrem- esquerda, que [&hellip;]<\/p>\n","protected":false},"author":1,"featured_media":28844,"comment_status":"closed","ping_status":"open","sticky":false,"template":"","format":"standard","meta":{"_uag_custom_page_level_css":"","_monsterinsights_skip_tracking":false,"_monsterinsights_sitenote_active":false,"_monsterinsights_sitenote_note":"","_monsterinsights_sitenote_category":0,"jetpack_post_was_ever_published":false,"_jetpack_newsletter_access":"","_jetpack_dont_email_post_to_subs":false,"_jetpack_newsletter_tier_id":0,"_jetpack_memberships_contains_paywalled_content":false,"_jetpack_memberships_contains_paid_content":false,"footnotes":"","jetpack_publicize_message":"","jetpack_publicize_feature_enabled":true,"jetpack_social_post_already_shared":true,"jetpack_social_options":{"image_generator_settings":{"template":"highway","default_image_id":0,"font":"","enabled":false},"version":2}},"categories":[200],"tags":[1705,3989,1327],"class_list":["post-28843","post","type-post","status-publish","format-standard","has-post-thumbnail","hentry","category-brasil","tag-acm-neto","tag-ciro-gomes","tag-eleicoes-2022"],"jetpack_publicize_connections":[],"jetpack_featured_media_url":"https:\/\/blogopara.com.br\/wp-content\/uploads\/2021\/10\/oo.jpg","uagb_featured_image_src":{"full":["https:\/\/blogopara.com.br\/wp-content\/uploads\/2021\/10\/oo.jpg",500,333,false],"thumbnail":["https:\/\/blogopara.com.br\/wp-content\/uploads\/2021\/10\/oo-150x150.jpg",150,150,true],"medium":["https:\/\/blogopara.com.br\/wp-content\/uploads\/2021\/10\/oo-300x200.jpg",300,200,true],"medium_large":["https:\/\/blogopara.com.br\/wp-content\/uploads\/2021\/10\/oo.jpg",500,333,false],"large":["https:\/\/blogopara.com.br\/wp-content\/uploads\/2021\/10\/oo.jpg",500,333,false],"1536x1536":["https:\/\/blogopara.com.br\/wp-content\/uploads\/2021\/10\/oo.jpg",500,333,false],"2048x2048":["https:\/\/blogopara.com.br\/wp-content\/uploads\/2021\/10\/oo.jpg",500,333,false],"mantranews-slider-large":["https:\/\/blogopara.com.br\/wp-content\/uploads\/2021\/10\/oo.jpg",500,333,false],"mantranews-featured-medium":["https:\/\/blogopara.com.br\/wp-content\/uploads\/2021\/10\/oo-420x307.jpg",420,307,true],"mantranews-featured-long":["https:\/\/blogopara.com.br\/wp-content\/uploads\/2021\/10\/oo-300x333.jpg",300,333,true],"mantranews-block-medium":["https:\/\/blogopara.com.br\/wp-content\/uploads\/2021\/10\/oo-464x290.jpg",464,290,true],"mantranews-carousel-image":["https:\/\/blogopara.com.br\/wp-content\/uploads\/2021\/10\/oo.jpg",500,333,false],"mantranews-block-thumb":["https:\/\/blogopara.com.br\/wp-content\/uploads\/2021\/10\/oo-322x230.jpg",322,230,true],"mantranews-single-large":["https:\/\/blogopara.com.br\/wp-content\/uploads\/2021\/10\/oo.jpg",500,333,false]},"uagb_author_info":{"display_name":"Reda\u00e7\u00e3o geral","author_link":"https:\/\/blogopara.com.br\/index.php\/author\/blogopara"},"uagb_comment_info":0,"uagb_excerpt":"O ex-prefeito de Salvador, ACM Neto, criticou, nesta segunda-feira (4), os ataques contra o pr\u00e9-candidato \u00e0 presid\u00eancia da Rep\u00fablica, Ciro Gomes (PDT), durante a manifesta\u00e7\u00e3o contra o presidente Jair Bolsonaro, no \u00faltimo s\u00e1bado (2). O democrata saiu em defesa do pedetista, afirmando que aqueles que o atacaram s\u00e3o figuras que representam a extrem- esquerda, que&hellip;","jetpack_sharing_enabled":true,"jetpack_likes_enabled":true,"_links":{"self":[{"href":"https:\/\/blogopara.com.br\/index.php\/wp-json\/wp\/v2\/posts\/28843","targetHints":{"allow":["GET"]}}],"collection":[{"href":"https:\/\/blogopara.com.br\/index.php\/wp-json\/wp\/v2\/posts"}],"about":[{"href":"https:\/\/blogopara.com.br\/index.php\/wp-json\/wp\/v2\/types\/post"}],"author":[{"embeddable":true,"href":"https:\/\/blogopara.com.br\/index.php\/wp-json\/wp\/v2\/users\/1"}],"replies":[{"embeddable":true,"href":"https:\/\/blogopara.com.br\/index.php\/wp-json\/wp\/v2\/comments?post=28843"}],"version-history":[{"count":1,"href":"https:\/\/blogopara.com.br\/index.php\/wp-json\/wp\/v2\/posts\/28843\/revisions"}],"predecessor-version":[{"id":28845,"href":"https:\/\/blogopara.com.br\/index.php\/wp-json\/wp\/v2\/posts\/28843\/revisions\/28845"}],"wp:featuredmedia":[{"embeddable":true,"href":"https:\/\/blogopara.com.br\/index.php\/wp-json\/wp\/v2\/media\/28844"}],"wp:attachment":[{"href":"https:\/\/blogopara.com.br\/index.php\/wp-json\/wp\/v2\/media?parent=28843"}],"wp:term":[{"taxonomy":"category","embeddable":true,"href":"https:\/\/blogopara.com.br\/index.php\/wp-json\/wp\/v2\/categories?post=28843"},{"taxonomy":"post_tag","embeddable":true,"href":"https:\/\/blogopara.com.br\/index.php\/wp-json\/wp\/v2\/tags?post=28843"}],"curies":[{"name":"wp","href":"https:\/\/api.w.org\/{rel}","templated":true}]}}