{"id":2886,"date":"2019-09-02T10:09:17","date_gmt":"2019-09-02T13:09:17","guid":{"rendered":"http:\/\/blogopara.com.br\/?p=2886"},"modified":"2019-09-02T12:17:33","modified_gmt":"2019-09-02T15:17:33","slug":"juazeiro-escultura-de-sao-tiago-maior-e-uma-replica","status":"publish","type":"post","link":"https:\/\/blogopara.com.br\/index.php\/2019\/09\/02\/juazeiro-escultura-de-sao-tiago-maior-e-uma-replica","title":{"rendered":"JUAZEIRO: ESCULTURA DE S\u00c3O TIAGO MAIOR \u00c9 UMA R\u00c9PLICA"},"content":{"rendered":"<p style=\"text-align: justify;\">A escultura de S\u00e3o Tiago Maior que est\u00e1 exposta na Pra\u00e7a Cordeiro de Miranda em Juazeiro, \u00e9 na verdade uma r\u00e9plica da que est\u00e1 exposta na cidade de Bom Jesus da Lapa\/BA.<\/p>\n<p><img loading=\"lazy\" decoding=\"async\" class=\"alignnone size-medium wp-image-2888\" src=\"https:\/\/blogopara.com.br\/wp-content\/uploads\/2019\/09\/monumentos-do-santuario-do-bom-jesus-da-lapa-5-300x199.jpg\" alt=\"\" width=\"300\" height=\"199\" srcset=\"https:\/\/blogopara.com.br\/wp-content\/uploads\/2019\/09\/monumentos-do-santuario-do-bom-jesus-da-lapa-5-300x199.jpg 300w, https:\/\/blogopara.com.br\/wp-content\/uploads\/2019\/09\/monumentos-do-santuario-do-bom-jesus-da-lapa-5-768x510.jpg 768w, https:\/\/blogopara.com.br\/wp-content\/uploads\/2019\/09\/monumentos-do-santuario-do-bom-jesus-da-lapa-5-1024x680.jpg 1024w, https:\/\/blogopara.com.br\/wp-content\/uploads\/2019\/09\/monumentos-do-santuario-do-bom-jesus-da-lapa-5.jpg 1920w\" sizes=\"auto, (max-width: 300px) 100vw, 300px\" \/><\/p>\n<h5 style=\"text-align: justify;\">O AUTOR<\/h5>\n<p style=\"text-align: justify;\"><strong>Deocleciano Martins de Oliveira<\/strong>&nbsp;nasceu na cidade da Barra, na Bahia, em 9 de mar\u00e7o de 1906. Ainda adolescente, com 17 anos arriscou-se na \u00e1rea jornal\u00edstica, colaborando no jornalismo mato-grossense, quando mudou-se para Cuiab\u00e1. Mais tarde mudou-se para o Rio de Janeiro, concluiu seus estudos e entrou para o mundo jur\u00eddico, onde trilhou uma grande e brilhante carreira. Foi comiss\u00e1rio de pol\u00edcia e auditor de guerra em sua cidade, Barra. Depois, no in\u00edcio dos anos 50, tornou-se juiz no Rio de Janeiro, vindo, mais tarde, a assumir o cargo de desembargador.<\/p>\n<p style=\"text-align: justify;\">Mas foi em outra \u00e1rea que o Dr. Deocleciano, como era chamado, destacou-se ainda mais:&nbsp;<strong>nas artes<\/strong>. Teve v\u00e1rios livros publicados e foi v\u00e1rias vezes premiado pela Academia Brasileira de Letras. Tamb\u00e9m fazia desenhos e pinturas e tornou-se escultor, como&nbsp;<strong>entalhador de madeira<\/strong>, e come\u00e7ou a dedicar-se a criar&nbsp;<strong>esculturas em bronze<\/strong>. \u00c9 exatamente aqui que come\u00e7a a nossa hist\u00f3ria.<\/p>\n<h6 class=\"western\" style=\"text-align: justify;\" align=\"JUSTIFY\"><b>Dr. Deocleciano Martins de Oliveira e o Ciclo de Bronze<\/b><\/h6>\n<div class=\"fusion-fullwidth fullwidth-box hundred-percent-fullwidth non-hundred-percent-height-scrolling\">\n<div class=\"fusion-builder-row fusion-row \">\n<div class=\"fusion-layout-column fusion_builder_column fusion_builder_column_3_4  fusion-three-fourth fusion-column-first 3_4\">\n<div class=\"fusion-column-wrapper\" data-bg-url=\"\">\n<p style=\"text-align: justify;\">Na d\u00e9cada de 50, Deocleciano Martins de Oliveira deu in\u00edcio a uma bela trajet\u00f3ria, criando obras em cidades ribeirinhas do Rio S\u00e3o Francisco, sendo essas elementos culturais nativos, ligados \u00e0 cultura da regi\u00e3o e est\u00e1tuas de santos, que influenciaram em sua forma\u00e7\u00e3o espiritual, e ainda de animais que fazem parte das lendas dos povos ribeirinhos. \u00c0 trajet\u00f3ria desse movimento art\u00edstico-cultural, o pr\u00f3prio escultor deu o nome de&nbsp;<strong>Ciclo de Bronze<\/strong>.<\/p>\n<h5 style=\"text-align: justify;\">O FOLCLORE POPULAR DA HIST\u00d3RIA<\/h5>\n<p style=\"text-align: justify;\">Contam que quando o Dr.Deocleciano trouxe as duas est\u00e1tuas para Juazeiro,&nbsp; S\u00e3o Jo\u00e3o do Apocalipse e a de S\u00e3o Tiago Maior, disseram \u00e0 \u00e9poca diziam que houve um desentendimento no pagamento das obras entre o Prefeito Am\u00e9rico Tanuri e o escultor Deocleciano, por isso a est\u00e1tua de S\u00e3o Jo\u00e3o foi parar em Petrolina. Inicialmente elas ficaram uma em frente \u00e0 outra na Pra\u00e7a Imaculada Concei\u00e7\u00e3o e Pra\u00e7a da Bandeira que ainda n\u00e3o eram separadas<\/p>\n<p style=\"text-align: justify;\">Por causa do desentendimento entre&nbsp; o prefeito Am\u00e9rico Tanuri e Dr.Deocleciano, a Prefeitura de Petrolina entrou em acordo e pagou o valor pedido pelo escultor por uma est\u00e1tua, fato que gerou a d\u00favida qual das duas iria para Petrolina. Diante do impasse gerado e a grande rivalidade que existia entre as duas cidades-irm\u00e3s, criou-se a hist\u00f3ria baseada na forma das est\u00e1tuas: S\u00e3o Tiago com a vara enfincada no pedestal falou: daqui n\u00e3o saio daqui ningu\u00e9m me tira, e ficou. S\u00e3o Jo\u00e3o respondeu: cortem o meu pesco\u00e7o, mas n\u00e3o me levem para Petrolina, e foi-se o Apocalipse!<\/p>\n<h5 style=\"text-align: justify;\"><strong>A POSS\u00cdVEL VERDADE<\/strong><\/h5>\n<p style=\"text-align: justify;\">&#8220;Escultura feira por Deocleciano Martins de Oliveira, em bronze, em 1965. Chegou ao munic\u00edpio por meio de uma doa\u00e7\u00e3o feita pela CODEVASF. Est\u00e1 localizada na Avenida Cardoso de S\u00e1, no bairro Vila Eduardo, na entrada do Campus Universit\u00e1rio da UPE e da Facape&#8221;<br \/>\n&#8220;Ap\u00f3stolo Jo\u00e3o, o evangelista, est\u00e1 representada pelo homem-\u00e1guia, em mem\u00f3ria \u00e0 sua vis\u00e3o do apocalipse. Uma r\u00e9plica dessa escultura se encontra tamb\u00e9m em Petrolina (PE).&#8221;<br \/>\nOriginal est\u00e1 na gruta de Nossa Senhora da Soledade em Bom Jesus da lapa, juntamente com outras obras de Deocleciano que representam os ap\u00f3stolos de Cristo.<\/p>\n<p><img loading=\"lazy\" decoding=\"async\" class=\"alignnone size-medium wp-image-2889\" src=\"https:\/\/blogopara.com.br\/wp-content\/uploads\/2019\/09\/deocleciano-martins-de-oliveira-ciclo-de-bronze-petrolina-2-1-213x300.jpg\" alt=\"\" width=\"213\" height=\"300\" srcset=\"https:\/\/blogopara.com.br\/wp-content\/uploads\/2019\/09\/deocleciano-martins-de-oliveira-ciclo-de-bronze-petrolina-2-1-213x300.jpg 213w, https:\/\/blogopara.com.br\/wp-content\/uploads\/2019\/09\/deocleciano-martins-de-oliveira-ciclo-de-bronze-petrolina-2-1.jpg 640w\" sizes=\"auto, (max-width: 213px) 100vw, 213px\" \/><\/p>\n<p>Tudo o que for dito a respeito da obra do Dr. Deocleciano \u00e9 pouco para que se consiga expressar tanto simbolismo e beleza, ainda mais quando se sabe que tudo foi feito por amor \u00e0 sua terra natal, que foi o centro irradiador do projeto Ciclo de Bronze.<\/p>\n<pre style=\"text-align: justify;\">Fonte: Cat\u00e1logo Hist\u00f3rico, Ambiental e Tur\u00edstico - Proj. \"Conhe\u00e7a Petrolina e Juazeiro\" Col\u00e9gio Geo Petrolina e Central da Lapa.<\/pre>\n<\/div>\n<\/div>\n<\/div>\n<\/div>\n","protected":false},"excerpt":{"rendered":"<p>Deocleciano Martins de Oliveira aposentou-se em 1972 e em 1974 veio a falecer, tendo ficado, assim, a obra dos 12 ap\u00f3stolos em Bom Jesus da Lapa, incompleta.<\/p>\n","protected":false},"author":1,"featured_media":2856,"comment_status":"open","ping_status":"open","sticky":false,"template":"","format":"standard","meta":{"_uag_custom_page_level_css":"","_monsterinsights_skip_tracking":false,"_monsterinsights_sitenote_active":false,"_monsterinsights_sitenote_note":"","_monsterinsights_sitenote_category":0,"jetpack_post_was_ever_published":false,"_jetpack_newsletter_access":"","_jetpack_dont_email_post_to_subs":false,"_jetpack_newsletter_tier_id":0,"_jetpack_memberships_contains_paywalled_content":false,"_jetpack_memberships_contains_paid_content":false,"footnotes":"","jetpack_publicize_message":"","jetpack_publicize_feature_enabled":true,"jetpack_social_post_already_shared":false,"jetpack_social_options":{"image_generator_settings":{"template":"highway","default_image_id":0,"font":"","enabled":false},"version":2}},"categories":[203],"tags":[714,58,713,697],"class_list":["post-2886","post","type-post","status-publish","format-standard","has-post-thumbnail","hentry","category-juazeiro","tag-deocleciano-oliveira","tag-petrolina","tag-replica","tag-sao-tiago-maior"],"jetpack_publicize_connections":[],"jetpack_featured_media_url":"https:\/\/blogopara.com.br\/wp-content\/uploads\/2019\/08\/images-1-1.jpg","uagb_featured_image_src":{"full":["https:\/\/blogopara.com.br\/wp-content\/uploads\/2019\/08\/images-1-1.jpg",201,251,false],"thumbnail":["https:\/\/blogopara.com.br\/wp-content\/uploads\/2019\/08\/images-1-1-150x150.jpg",150,150,true],"medium":["https:\/\/blogopara.com.br\/wp-content\/uploads\/2019\/08\/images-1-1.jpg",201,251,false],"medium_large":["https:\/\/blogopara.com.br\/wp-content\/uploads\/2019\/08\/images-1-1.jpg",201,251,false],"large":["https:\/\/blogopara.com.br\/wp-content\/uploads\/2019\/08\/images-1-1.jpg",201,251,false],"1536x1536":["https:\/\/blogopara.com.br\/wp-content\/uploads\/2019\/08\/images-1-1.jpg",201,251,false],"2048x2048":["https:\/\/blogopara.com.br\/wp-content\/uploads\/2019\/08\/images-1-1.jpg",201,251,false],"mantranews-slider-large":["https:\/\/blogopara.com.br\/wp-content\/uploads\/2019\/08\/images-1-1.jpg",201,251,false],"mantranews-featured-medium":["https:\/\/blogopara.com.br\/wp-content\/uploads\/2019\/08\/images-1-1.jpg",201,251,false],"mantranews-featured-long":["https:\/\/blogopara.com.br\/wp-content\/uploads\/2019\/08\/images-1-1.jpg",201,251,false],"mantranews-block-medium":["https:\/\/blogopara.com.br\/wp-content\/uploads\/2019\/08\/images-1-1.jpg",201,251,false],"mantranews-carousel-image":["https:\/\/blogopara.com.br\/wp-content\/uploads\/2019\/08\/images-1-1.jpg",201,251,false],"mantranews-block-thumb":["https:\/\/blogopara.com.br\/wp-content\/uploads\/2019\/08\/images-1-1.jpg",184,230,false],"mantranews-single-large":["https:\/\/blogopara.com.br\/wp-content\/uploads\/2019\/08\/images-1-1.jpg",201,251,false]},"uagb_author_info":{"display_name":"Reda\u00e7\u00e3o geral","author_link":"https:\/\/blogopara.com.br\/index.php\/author\/blogopara"},"uagb_comment_info":1,"uagb_excerpt":"Deocleciano Martins de Oliveira aposentou-se em 1972 e em 1974 veio a falecer, tendo ficado, assim, a obra dos 12 ap\u00f3stolos em Bom Jesus da Lapa, incompleta.","jetpack_sharing_enabled":true,"jetpack_likes_enabled":true,"_links":{"self":[{"href":"https:\/\/blogopara.com.br\/index.php\/wp-json\/wp\/v2\/posts\/2886","targetHints":{"allow":["GET"]}}],"collection":[{"href":"https:\/\/blogopara.com.br\/index.php\/wp-json\/wp\/v2\/posts"}],"about":[{"href":"https:\/\/blogopara.com.br\/index.php\/wp-json\/wp\/v2\/types\/post"}],"author":[{"embeddable":true,"href":"https:\/\/blogopara.com.br\/index.php\/wp-json\/wp\/v2\/users\/1"}],"replies":[{"embeddable":true,"href":"https:\/\/blogopara.com.br\/index.php\/wp-json\/wp\/v2\/comments?post=2886"}],"version-history":[{"count":5,"href":"https:\/\/blogopara.com.br\/index.php\/wp-json\/wp\/v2\/posts\/2886\/revisions"}],"predecessor-version":[{"id":2896,"href":"https:\/\/blogopara.com.br\/index.php\/wp-json\/wp\/v2\/posts\/2886\/revisions\/2896"}],"wp:featuredmedia":[{"embeddable":true,"href":"https:\/\/blogopara.com.br\/index.php\/wp-json\/wp\/v2\/media\/2856"}],"wp:attachment":[{"href":"https:\/\/blogopara.com.br\/index.php\/wp-json\/wp\/v2\/media?parent=2886"}],"wp:term":[{"taxonomy":"category","embeddable":true,"href":"https:\/\/blogopara.com.br\/index.php\/wp-json\/wp\/v2\/categories?post=2886"},{"taxonomy":"post_tag","embeddable":true,"href":"https:\/\/blogopara.com.br\/index.php\/wp-json\/wp\/v2\/tags?post=2886"}],"curies":[{"name":"wp","href":"https:\/\/api.w.org\/{rel}","templated":true}]}}