{"id":29061,"date":"2021-10-11T13:48:00","date_gmt":"2021-10-11T16:48:00","guid":{"rendered":"https:\/\/blogopara.com.br\/?p=29061"},"modified":"2021-10-10T08:54:48","modified_gmt":"2021-10-10T11:54:48","slug":"damares-defende-veto-de-bolsonaro-a-prioridade-e-a-vacina-ou-e-o-absorvente","status":"publish","type":"post","link":"https:\/\/blogopara.com.br\/index.php\/2021\/10\/11\/damares-defende-veto-de-bolsonaro-a-prioridade-e-a-vacina-ou-e-o-absorvente","title":{"rendered":"Damares defende veto de Bolsonaro: &#8216;A prioridade \u00e9 a vacina ou \u00e9 o absorvente?&#8217;"},"content":{"rendered":"<p style=\"text-align: justify;\">A ministra da Mulher, Fam\u00edlia e dos Direitos Humanos (MMFDH), Damares Alves, defendeu e minimizou o veto de Jair Bolsonaro (sem partido) \u00e0 distribui\u00e7\u00e3o gratuita de absorventes para a mulheres em situa\u00e7\u00e3o de pobreza. A ministra chegou a questionar a prioridade da medida. &#8220;Hoje a gente tem que decidir, a prioridade \u00e9 a vacina ou \u00e9 o absorvente? As mulheres pobres sempre menstruaram nesse Brasil e a gente n\u00e3o viu nenhum governo se preocupar com isso. E agora o Bolsonaro \u00e9 o carrasco, porque ele n\u00e3o vai distribuir esse ano&#8221;, comentou Damares durante um evento em Francisco Beltr\u00e3o, no sudoeste do Paran\u00e1, nesta sexta-feira (8).<\/p>\n<p style=\"text-align: justify;\">Um grupo de 65 entidades da sociedade civil enviou uma carta na quinta-feira (7) a deputados e senadores para pedir a derrubada do veto do presidente Jair Bolsonaro (sem partido) a distribui\u00e7\u00e3o gratuita de absorventes (<a href=\"https:\/\/www.bahianoticias.com.br\/folha\/noticia\/136625-entidades-pedem-derrubada-do-veto-de-bolsonaro-a-distribuicao-de-absorventes.html\" target=\"_blank\" rel=\"noopener\"><strong>leia aqui<\/strong><\/a>).<\/p>\n<div style=\"text-align: justify;\"><\/div>\n<div id=\"div-gpt-ad-bn_principal_conteudo\" style=\"text-align: justify;\" data-google-query-id=\"CNuYqq3jv_MCFYO6lQIdUqcHyg\"><\/div>\n","protected":false},"excerpt":{"rendered":"<p>A ministra da Mulher, Fam\u00edlia e dos Direitos Humanos (MMFDH), Damares Alves, defendeu e minimizou o veto de Jair Bolsonaro (sem partido) \u00e0 distribui\u00e7\u00e3o gratuita de absorventes para a mulheres em situa\u00e7\u00e3o de pobreza. A ministra chegou a questionar a prioridade da medida. &#8220;Hoje a gente tem que decidir, a prioridade \u00e9 a vacina ou [&hellip;]<\/p>\n","protected":false},"author":1,"featured_media":29062,"comment_status":"closed","ping_status":"open","sticky":false,"template":"","format":"standard","meta":{"_uag_custom_page_level_css":"","_monsterinsights_skip_tracking":false,"_monsterinsights_sitenote_active":false,"_monsterinsights_sitenote_note":"","_monsterinsights_sitenote_category":0,"jetpack_post_was_ever_published":false,"_jetpack_newsletter_access":"","_jetpack_dont_email_post_to_subs":false,"_jetpack_newsletter_tier_id":0,"_jetpack_memberships_contains_paywalled_content":false,"_jetpack_memberships_contains_paid_content":false,"footnotes":"","jetpack_publicize_message":"","jetpack_publicize_feature_enabled":true,"jetpack_social_post_already_shared":true,"jetpack_social_options":{"image_generator_settings":{"template":"highway","default_image_id":0,"font":"","enabled":false},"version":2}},"categories":[200,197],"tags":[],"class_list":["post-29061","post","type-post","status-publish","format-standard","has-post-thumbnail","hentry","category-brasil","category-politica"],"jetpack_publicize_connections":[],"jetpack_featured_media_url":"https:\/\/blogopara.com.br\/wp-content\/uploads\/2021\/10\/1571270273776.jpg","uagb_featured_image_src":{"full":["https:\/\/blogopara.com.br\/wp-content\/uploads\/2021\/10\/1571270273776.jpg",500,500,false],"thumbnail":["https:\/\/blogopara.com.br\/wp-content\/uploads\/2021\/10\/1571270273776-150x150.jpg",150,150,true],"medium":["https:\/\/blogopara.com.br\/wp-content\/uploads\/2021\/10\/1571270273776-300x300.jpg",300,300,true],"medium_large":["https:\/\/blogopara.com.br\/wp-content\/uploads\/2021\/10\/1571270273776.jpg",500,500,false],"large":["https:\/\/blogopara.com.br\/wp-content\/uploads\/2021\/10\/1571270273776.jpg",500,500,false],"1536x1536":["https:\/\/blogopara.com.br\/wp-content\/uploads\/2021\/10\/1571270273776.jpg",500,500,false],"2048x2048":["https:\/\/blogopara.com.br\/wp-content\/uploads\/2021\/10\/1571270273776.jpg",500,500,false],"mantranews-slider-large":["https:\/\/blogopara.com.br\/wp-content\/uploads\/2021\/10\/1571270273776.jpg",500,500,false],"mantranews-featured-medium":["https:\/\/blogopara.com.br\/wp-content\/uploads\/2021\/10\/1571270273776-420x307.jpg",420,307,true],"mantranews-featured-long":["https:\/\/blogopara.com.br\/wp-content\/uploads\/2021\/10\/1571270273776-300x443.jpg",300,443,true],"mantranews-block-medium":["https:\/\/blogopara.com.br\/wp-content\/uploads\/2021\/10\/1571270273776-464x290.jpg",464,290,true],"mantranews-carousel-image":["https:\/\/blogopara.com.br\/wp-content\/uploads\/2021\/10\/1571270273776.jpg",500,500,false],"mantranews-block-thumb":["https:\/\/blogopara.com.br\/wp-content\/uploads\/2021\/10\/1571270273776-322x230.jpg",322,230,true],"mantranews-single-large":["https:\/\/blogopara.com.br\/wp-content\/uploads\/2021\/10\/1571270273776.jpg",500,500,false]},"uagb_author_info":{"display_name":"Reda\u00e7\u00e3o geral","author_link":"https:\/\/blogopara.com.br\/index.php\/author\/blogopara"},"uagb_comment_info":0,"uagb_excerpt":"A ministra da Mulher, Fam\u00edlia e dos Direitos Humanos (MMFDH), Damares Alves, defendeu e minimizou o veto de Jair Bolsonaro (sem partido) \u00e0 distribui\u00e7\u00e3o gratuita de absorventes para a mulheres em situa\u00e7\u00e3o de pobreza. A ministra chegou a questionar a prioridade da medida. &#8220;Hoje a gente tem que decidir, a prioridade \u00e9 a vacina ou&hellip;","jetpack_sharing_enabled":true,"jetpack_likes_enabled":true,"_links":{"self":[{"href":"https:\/\/blogopara.com.br\/index.php\/wp-json\/wp\/v2\/posts\/29061","targetHints":{"allow":["GET"]}}],"collection":[{"href":"https:\/\/blogopara.com.br\/index.php\/wp-json\/wp\/v2\/posts"}],"about":[{"href":"https:\/\/blogopara.com.br\/index.php\/wp-json\/wp\/v2\/types\/post"}],"author":[{"embeddable":true,"href":"https:\/\/blogopara.com.br\/index.php\/wp-json\/wp\/v2\/users\/1"}],"replies":[{"embeddable":true,"href":"https:\/\/blogopara.com.br\/index.php\/wp-json\/wp\/v2\/comments?post=29061"}],"version-history":[{"count":1,"href":"https:\/\/blogopara.com.br\/index.php\/wp-json\/wp\/v2\/posts\/29061\/revisions"}],"predecessor-version":[{"id":29063,"href":"https:\/\/blogopara.com.br\/index.php\/wp-json\/wp\/v2\/posts\/29061\/revisions\/29063"}],"wp:featuredmedia":[{"embeddable":true,"href":"https:\/\/blogopara.com.br\/index.php\/wp-json\/wp\/v2\/media\/29062"}],"wp:attachment":[{"href":"https:\/\/blogopara.com.br\/index.php\/wp-json\/wp\/v2\/media?parent=29061"}],"wp:term":[{"taxonomy":"category","embeddable":true,"href":"https:\/\/blogopara.com.br\/index.php\/wp-json\/wp\/v2\/categories?post=29061"},{"taxonomy":"post_tag","embeddable":true,"href":"https:\/\/blogopara.com.br\/index.php\/wp-json\/wp\/v2\/tags?post=29061"}],"curies":[{"name":"wp","href":"https:\/\/api.w.org\/{rel}","templated":true}]}}