{"id":29203,"date":"2021-10-15T08:48:00","date_gmt":"2021-10-15T11:48:00","guid":{"rendered":"https:\/\/blogopara.com.br\/?p=29203"},"modified":"2021-10-14T13:02:00","modified_gmt":"2021-10-14T16:02:00","slug":"rui-costa-se-isenta-sobre-baixos-indices-da-educacao-na-bahia-procure-os-prefeitos","status":"publish","type":"post","link":"https:\/\/blogopara.com.br\/index.php\/2021\/10\/15\/rui-costa-se-isenta-sobre-baixos-indices-da-educacao-na-bahia-procure-os-prefeitos","title":{"rendered":"Rui Costa joga a culpa nos prefeito sobre baixos \u00edndices da educa\u00e7\u00e3o na Bahia: \u201cprocure os prefeitos\u201d"},"content":{"rendered":"<p style=\"text-align: justify;\">O governador Rui Costa (PT) culpou os munic\u00edpios baianos pelo p\u00e9ssimo desempenho da Bahia na educa\u00e7\u00e3o,\u00a0<a href=\"https:\/\/www.bnews.com.br\/noticias\/principal\/educacao\/281079,ensino-medio-baiano-nao-atinge-nivel-esperado-no-ideb.html\" target=\"_blank\" rel=\"noopener\">a terceira pior do pa\u00eds<\/a>, de acordo com o \u00faltimo \u00cdndice de Desenvolvimento da Educa\u00e7\u00e3o B\u00e1sica (Ideb). Ele alega que \u00e9 preciso ter uma base forte e s\u00f3lida para que os alunos cheguem no Ensino M\u00e9dio bem preparados.<\/p>\n<p style=\"text-align: justify;\">\u201cPrecisamos perguntar em que lugar cada um largou na corrida. Teve treinamento? Alimenta\u00e7\u00e3o adequada? Teve prepara\u00e7\u00e3o f\u00edsica ou n\u00e3o? Ou a gente s\u00f3 quer olhar os resultados? Os nossos jovens tiveram creches quando na idade infantil? A Bahia ainda tem o maior n\u00famero de analfabetos. Quem \u00e9 respons\u00e1vel pela alfabetiza\u00e7\u00e3o? \u00c9 o estado ou o munic\u00edpio? A alfabetiza\u00e7\u00e3o \u00e9 o munic\u00edpio. Ent\u00e3o essa resposta n\u00e3o \u00e9 o governador que tem que dar, essa resposta quem tem que dar \u00e9 o prefeito\u201d, cravou Rui Costa.<\/p>\n<p style=\"text-align: justify;\">Ele explicou que a lei \u00e9 clara ao dizer que a atribui\u00e7\u00e3o de oferecer creche \u00e9 exclusiva dos munic\u00edpios, tanto que o estado nem pode aplicar\u00a0<a href=\"https:\/\/www.bnews.com.br\/noticias\/politica\/educacao\/306415,ministerio-da-educacao-nomeia-como-coordenador-do-fundeb-funcionario-que-ja-era-responsavel-por-erros.html\" target=\"_blank\" rel=\"noopener\">recursos do Fundeb<\/a>\u00a0para a educa\u00e7\u00e3o infantil. Rui citou que, apesar de Salvador possuir \u201cas maiores e melhores escolas e os professores mais graduados\u201d, n\u00e3o tem os melhores resultados da rede estadual.<\/p>\n<p style=\"text-align: justify;\">\u201cIsso acontece talvez seja porque cheguem pior porque nos outros [munic\u00edpios] j\u00e1 garantem\u00a0<a href=\"https:\/\/www.bnews.com.br\/noticias\/politica\/304721,projeto-tramita-na-camara-para-ofertar-programa-de-saude-nas-creches-municipais-de-salvador.html\" target=\"_blank\" rel=\"noopener\">creches<\/a>\u00a0com programas de investimentos em educa\u00e7\u00e3o e creche [&#8230;] N\u00e3o estou falando de um governo ou dois. Falo em governos que priorizam a educa\u00e7\u00e3o. Recebemos alunos que mal conseguem ler um par\u00e1grafo completo porque foram mal alfabetizados, tiveram escolas prec\u00e1rias. Educa\u00e7\u00e3o n\u00e3o \u00e9 algo que aparece em pouco tempo, muda numa gera\u00e7\u00e3o\u201d, pontuou o petista.<\/p>\n<p style=\"text-align: justify;\">Nesta quarta-feira (13), Rui esteve no Col\u00e9gio Estadual Pinto de Aguiar, em Mussurunga, onde assinou uma ordem de servi\u00e7o para reforma, amplia\u00e7\u00e3o, moderniza\u00e7\u00e3o e constru\u00e7\u00e3o de 24 escolas em Salvador. O investimento foi de quase R$ 100 milh\u00f5es.<\/p>\n","protected":false},"excerpt":{"rendered":"<p>O governador Rui Costa (PT) culpou os munic\u00edpios baianos pelo p\u00e9ssimo desempenho da Bahia na educa\u00e7\u00e3o,\u00a0a terceira pior do pa\u00eds, de acordo com o \u00faltimo \u00cdndice de Desenvolvimento da Educa\u00e7\u00e3o B\u00e1sica (Ideb). Ele alega que \u00e9 preciso ter uma base forte e s\u00f3lida para que os alunos cheguem no Ensino M\u00e9dio bem preparados. \u201cPrecisamos perguntar [&hellip;]<\/p>\n","protected":false},"author":1,"featured_media":23645,"comment_status":"closed","ping_status":"open","sticky":false,"template":"","format":"standard","meta":{"_uag_custom_page_level_css":"","_monsterinsights_skip_tracking":false,"_monsterinsights_sitenote_active":false,"_monsterinsights_sitenote_note":"","_monsterinsights_sitenote_category":0,"jetpack_post_was_ever_published":false,"_jetpack_newsletter_access":"","_jetpack_dont_email_post_to_subs":false,"_jetpack_newsletter_tier_id":0,"_jetpack_memberships_contains_paywalled_content":false,"_jetpack_memberships_contains_paid_content":false,"footnotes":"","jetpack_publicize_message":"","jetpack_publicize_feature_enabled":true,"jetpack_social_post_already_shared":true,"jetpack_social_options":{"image_generator_settings":{"template":"highway","default_image_id":0,"font":"","enabled":false},"version":2}},"categories":[199,209],"tags":[5713,788,5712,289],"class_list":["post-29203","post","type-post","status-publish","format-standard","has-post-thumbnail","hentry","category-bahia","category-educacao","tag-desempenho","tag-indice","tag-prefeitos","tag-rui-costa-pt"],"jetpack_publicize_connections":[],"jetpack_featured_media_url":"https:\/\/blogopara.com.br\/wp-content\/uploads\/2021\/05\/csm_rui_costa_reproducao_f4e9f6d75f.jpg","uagb_featured_image_src":{"full":["https:\/\/blogopara.com.br\/wp-content\/uploads\/2021\/05\/csm_rui_costa_reproducao_f4e9f6d75f.jpg",500,235,false],"thumbnail":["https:\/\/blogopara.com.br\/wp-content\/uploads\/2021\/05\/csm_rui_costa_reproducao_f4e9f6d75f-150x150.jpg",150,150,true],"medium":["https:\/\/blogopara.com.br\/wp-content\/uploads\/2021\/05\/csm_rui_costa_reproducao_f4e9f6d75f-300x141.jpg",300,141,true],"medium_large":["https:\/\/blogopara.com.br\/wp-content\/uploads\/2021\/05\/csm_rui_costa_reproducao_f4e9f6d75f.jpg",500,235,false],"large":["https:\/\/blogopara.com.br\/wp-content\/uploads\/2021\/05\/csm_rui_costa_reproducao_f4e9f6d75f.jpg",500,235,false],"1536x1536":["https:\/\/blogopara.com.br\/wp-content\/uploads\/2021\/05\/csm_rui_costa_reproducao_f4e9f6d75f.jpg",500,235,false],"2048x2048":["https:\/\/blogopara.com.br\/wp-content\/uploads\/2021\/05\/csm_rui_costa_reproducao_f4e9f6d75f.jpg",500,235,false],"mantranews-slider-large":["https:\/\/blogopara.com.br\/wp-content\/uploads\/2021\/05\/csm_rui_costa_reproducao_f4e9f6d75f.jpg",500,235,false],"mantranews-featured-medium":["https:\/\/blogopara.com.br\/wp-content\/uploads\/2021\/05\/csm_rui_costa_reproducao_f4e9f6d75f-420x235.jpg",420,235,true],"mantranews-featured-long":["https:\/\/blogopara.com.br\/wp-content\/uploads\/2021\/05\/csm_rui_costa_reproducao_f4e9f6d75f-300x235.jpg",300,235,true],"mantranews-block-medium":["https:\/\/blogopara.com.br\/wp-content\/uploads\/2021\/05\/csm_rui_costa_reproducao_f4e9f6d75f-464x235.jpg",464,235,true],"mantranews-carousel-image":["https:\/\/blogopara.com.br\/wp-content\/uploads\/2021\/05\/csm_rui_costa_reproducao_f4e9f6d75f.jpg",500,235,false],"mantranews-block-thumb":["https:\/\/blogopara.com.br\/wp-content\/uploads\/2021\/05\/csm_rui_costa_reproducao_f4e9f6d75f-322x230.jpg",322,230,true],"mantranews-single-large":["https:\/\/blogopara.com.br\/wp-content\/uploads\/2021\/05\/csm_rui_costa_reproducao_f4e9f6d75f.jpg",500,235,false]},"uagb_author_info":{"display_name":"Reda\u00e7\u00e3o geral","author_link":"https:\/\/blogopara.com.br\/index.php\/author\/blogopara"},"uagb_comment_info":0,"uagb_excerpt":"O governador Rui Costa (PT) culpou os munic\u00edpios baianos pelo p\u00e9ssimo desempenho da Bahia na educa\u00e7\u00e3o,\u00a0a terceira pior do pa\u00eds, de acordo com o \u00faltimo \u00cdndice de Desenvolvimento da Educa\u00e7\u00e3o B\u00e1sica (Ideb). Ele alega que \u00e9 preciso ter uma base forte e s\u00f3lida para que os alunos cheguem no Ensino M\u00e9dio bem preparados. \u201cPrecisamos perguntar&hellip;","jetpack_sharing_enabled":true,"jetpack_likes_enabled":true,"_links":{"self":[{"href":"https:\/\/blogopara.com.br\/index.php\/wp-json\/wp\/v2\/posts\/29203","targetHints":{"allow":["GET"]}}],"collection":[{"href":"https:\/\/blogopara.com.br\/index.php\/wp-json\/wp\/v2\/posts"}],"about":[{"href":"https:\/\/blogopara.com.br\/index.php\/wp-json\/wp\/v2\/types\/post"}],"author":[{"embeddable":true,"href":"https:\/\/blogopara.com.br\/index.php\/wp-json\/wp\/v2\/users\/1"}],"replies":[{"embeddable":true,"href":"https:\/\/blogopara.com.br\/index.php\/wp-json\/wp\/v2\/comments?post=29203"}],"version-history":[{"count":2,"href":"https:\/\/blogopara.com.br\/index.php\/wp-json\/wp\/v2\/posts\/29203\/revisions"}],"predecessor-version":[{"id":29206,"href":"https:\/\/blogopara.com.br\/index.php\/wp-json\/wp\/v2\/posts\/29203\/revisions\/29206"}],"wp:featuredmedia":[{"embeddable":true,"href":"https:\/\/blogopara.com.br\/index.php\/wp-json\/wp\/v2\/media\/23645"}],"wp:attachment":[{"href":"https:\/\/blogopara.com.br\/index.php\/wp-json\/wp\/v2\/media?parent=29203"}],"wp:term":[{"taxonomy":"category","embeddable":true,"href":"https:\/\/blogopara.com.br\/index.php\/wp-json\/wp\/v2\/categories?post=29203"},{"taxonomy":"post_tag","embeddable":true,"href":"https:\/\/blogopara.com.br\/index.php\/wp-json\/wp\/v2\/tags?post=29203"}],"curies":[{"name":"wp","href":"https:\/\/api.w.org\/{rel}","templated":true}]}}