{"id":29218,"date":"2021-10-15T07:45:00","date_gmt":"2021-10-15T10:45:00","guid":{"rendered":"https:\/\/blogopara.com.br\/?p=29218"},"modified":"2021-10-14T22:54:18","modified_gmt":"2021-10-15T01:54:18","slug":"em-audiencia-publica-na-camara-de-vereadores-ciclistas-pedem-mais-seguranca-no-transito","status":"publish","type":"post","link":"https:\/\/blogopara.com.br\/index.php\/2021\/10\/15\/em-audiencia-publica-na-camara-de-vereadores-ciclistas-pedem-mais-seguranca-no-transito","title":{"rendered":"Em audi\u00eancia p\u00fablica na C\u00e2mara de Vereadores, ciclistas pedem mais seguran\u00e7a no tr\u00e2nsito"},"content":{"rendered":"<p style=\"text-align: justify;\">A\u00e7\u00f5es para maior seguran\u00e7a de ciclistas no tr\u00e2nsito, programas de educa\u00e7\u00e3o no tr\u00e2nsito para uma conviv\u00eancia civilizada com motoristas, pol\u00edticas de mobilidade urbana, cria\u00e7\u00e3o de ciclovias e ciclofaixas, interdi\u00e7\u00e3o de vias p\u00fablicas para a pr\u00e1tica do ciclismo. Essas foram algumas das sugest\u00f5es levantadas na noite desta quinta-feira (14) durante Audi\u00eancia P\u00fablica na C\u00e2mara de Vereadores de Juazeiro, para debater sobre a seguran\u00e7a dos ciclistas e a mobilidade urbana, entendendo a bicicleta como meio de transporte, esporte e lazer. A proposi\u00e7\u00e3o foi dos vereadores Lourival Quirino (PCdoB) e Alex Tanuri (PP).<\/p>\n<p style=\"text-align: justify;\">A Audi\u00eancia reuniu representantes de v\u00e1rios \u00f3rg\u00e3os municipais, a triatleta Ana Augusta e entidades ligadas aos ciclistas.<\/p>\n<p style=\"text-align: justify;\">A Sess\u00e3o foi presidida pelo vereador Renato Brand\u00e3o (PL) e secretariada pelo vereador Nalvinho Leopoldo (Patriotas). Na sua fala o vereador Lourival Quirino destacou a import\u00e2ncia do ciclismo, e que a cidade infelizmente n\u00e3o tem infraestrutura necess\u00e1ria para a cria\u00e7\u00e3o de ciclovias e ciclofaixas, mas que \u00e9 poss\u00edvel a cria\u00e7\u00e3o de pol\u00edticas p\u00fablicas para a conviv\u00eancia e o respeito entre os motoristas e os ciclistas.<\/p>\n<p style=\"text-align: justify;\">O vereador Alex Tanuri enfatizou a trajet\u00f3ria familiar de desportistas, sendo o seu saudoso pai, o ex-vereador Jos\u00e9 Carlos Tanuri, o autor da lei municipal sobre o dia do Ciclista. &#8220;O poder executivo precisa agir r\u00e1pido, houve uma reuni\u00e3o no dia 30 de setembro com os ciclistas, mas at\u00e9 a presente data nada foi feito para mudar a triste realidade da falta de condi\u00e7\u00f5es para os ciclistas em nossa cidade&#8221;, ressaltou o vereador.<\/p>\n<p style=\"text-align: justify;\">A triatleta Ana Augusta cobrou do poder p\u00fablico e dos vereadores empenho na busca por melhorias para os ciclistas, &#8220;Sei que \u00e9 dif\u00edcil por quest\u00e3o de infraestrutura mudar a realidade da cidade com a constru\u00e7\u00e3o de ciclovias e ciclofaixas, mas a\u00e7\u00f5es simples como interditar vias por algum tempo do dia pode contribuir significativamente para salvar vidas, e fomentar o esporte em nossa cidade. Uma outra quest\u00e3o seria a busca parcerias, empresas que poderiam ajudar na sinaliza\u00e7\u00e3o, fizemos isso por conta pr\u00f3pria, mas infelizmente em algumas rodovias federais o Denit retirou as placas&#8221;, afirmou Ana Augusta.<\/p>\n<p>O ciclista conhecido por Irm\u00e3o Edilson, que lidera o \u00a0GCPVida ( Grupo de Ciclistas Pedalando pela Vida) o mais antigo grupo da regi\u00e3o, lembrou das dificuldades quando ele come\u00e7ou a pedalar pela cidade, os acidentes que sofreu e os riscos de realizar o pedal urbano, &#8220;prefiro o pedalar pelas trilhas, \u00e9 mais seguro, n\u00e3o corremos tantos riscos. Mas achei muito importante esse momento para debatermos sobre a seguran\u00e7a dos ciclistas em nossa cidade&#8221;.<\/p>\n<p style=\"text-align: justify;\">No final foi encaminhado que haver\u00e1 novas reuni\u00f5es com o poder p\u00fablico, os vereadores e as entidades, para juntos encontrarem solu\u00e7\u00f5es para quest\u00f5es debatidas. O vereador Lourival informou que nas pr\u00f3ximas sess\u00f5es ir\u00e1 apresentar algumas propostas para o segmento e para garantir o lazer e o esporte para toda a popula\u00e7\u00e3o.<\/p>\n<p style=\"text-align: justify;\">\n","protected":false},"excerpt":{"rendered":"<p>A\u00e7\u00f5es para maior seguran\u00e7a de ciclistas no tr\u00e2nsito, programas de educa\u00e7\u00e3o no tr\u00e2nsito para uma conviv\u00eancia civilizada com motoristas, pol\u00edticas de mobilidade urbana, cria\u00e7\u00e3o de ciclovias e ciclofaixas, interdi\u00e7\u00e3o de vias p\u00fablicas para a pr\u00e1tica do ciclismo. Essas foram algumas das sugest\u00f5es levantadas na noite desta quinta-feira (14) durante Audi\u00eancia P\u00fablica na C\u00e2mara de Vereadores [&hellip;]<\/p>\n","protected":false},"author":1,"featured_media":29219,"comment_status":"closed","ping_status":"open","sticky":false,"template":"","format":"standard","meta":{"_uag_custom_page_level_css":"","_monsterinsights_skip_tracking":false,"_monsterinsights_sitenote_active":false,"_monsterinsights_sitenote_note":"","_monsterinsights_sitenote_category":0,"jetpack_post_was_ever_published":false,"_jetpack_newsletter_access":"","_jetpack_dont_email_post_to_subs":false,"_jetpack_newsletter_tier_id":0,"_jetpack_memberships_contains_paywalled_content":false,"_jetpack_memberships_contains_paid_content":false,"footnotes":"","jetpack_publicize_message":"","jetpack_publicize_feature_enabled":true,"jetpack_social_post_already_shared":true,"jetpack_social_options":{"image_generator_settings":{"template":"highway","default_image_id":0,"font":"","enabled":false},"version":2}},"categories":[208,197],"tags":[155,5717,5716,1832,138],"class_list":["post-29218","post","type-post","status-publish","format-standard","has-post-thumbnail","hentry","category-esporte","category-politica","tag-alex-tanuri","tag-ana-augusta","tag-ciclista","tag-lourival-quirino","tag-seguranca"],"jetpack_publicize_connections":[],"jetpack_featured_media_url":"https:\/\/blogopara.com.br\/wp-content\/uploads\/2021\/10\/gggggg.jpg","uagb_featured_image_src":{"full":["https:\/\/blogopara.com.br\/wp-content\/uploads\/2021\/10\/gggggg.jpg",500,500,false],"thumbnail":["https:\/\/blogopara.com.br\/wp-content\/uploads\/2021\/10\/gggggg-150x150.jpg",150,150,true],"medium":["https:\/\/blogopara.com.br\/wp-content\/uploads\/2021\/10\/gggggg-300x300.jpg",300,300,true],"medium_large":["https:\/\/blogopara.com.br\/wp-content\/uploads\/2021\/10\/gggggg.jpg",500,500,false],"large":["https:\/\/blogopara.com.br\/wp-content\/uploads\/2021\/10\/gggggg.jpg",500,500,false],"1536x1536":["https:\/\/blogopara.com.br\/wp-content\/uploads\/2021\/10\/gggggg.jpg",500,500,false],"2048x2048":["https:\/\/blogopara.com.br\/wp-content\/uploads\/2021\/10\/gggggg.jpg",500,500,false],"mantranews-slider-large":["https:\/\/blogopara.com.br\/wp-content\/uploads\/2021\/10\/gggggg.jpg",500,500,false],"mantranews-featured-medium":["https:\/\/blogopara.com.br\/wp-content\/uploads\/2021\/10\/gggggg-420x307.jpg",420,307,true],"mantranews-featured-long":["https:\/\/blogopara.com.br\/wp-content\/uploads\/2021\/10\/gggggg-300x443.jpg",300,443,true],"mantranews-block-medium":["https:\/\/blogopara.com.br\/wp-content\/uploads\/2021\/10\/gggggg-464x290.jpg",464,290,true],"mantranews-carousel-image":["https:\/\/blogopara.com.br\/wp-content\/uploads\/2021\/10\/gggggg.jpg",500,500,false],"mantranews-block-thumb":["https:\/\/blogopara.com.br\/wp-content\/uploads\/2021\/10\/gggggg-322x230.jpg",322,230,true],"mantranews-single-large":["https:\/\/blogopara.com.br\/wp-content\/uploads\/2021\/10\/gggggg.jpg",500,500,false]},"uagb_author_info":{"display_name":"Reda\u00e7\u00e3o geral","author_link":"https:\/\/blogopara.com.br\/index.php\/author\/blogopara"},"uagb_comment_info":0,"uagb_excerpt":"A\u00e7\u00f5es para maior seguran\u00e7a de ciclistas no tr\u00e2nsito, programas de educa\u00e7\u00e3o no tr\u00e2nsito para uma conviv\u00eancia civilizada com motoristas, pol\u00edticas de mobilidade urbana, cria\u00e7\u00e3o de ciclovias e ciclofaixas, interdi\u00e7\u00e3o de vias p\u00fablicas para a pr\u00e1tica do ciclismo. Essas foram algumas das sugest\u00f5es levantadas na noite desta quinta-feira (14) durante Audi\u00eancia P\u00fablica na C\u00e2mara de Vereadores&hellip;","jetpack_sharing_enabled":true,"jetpack_likes_enabled":true,"_links":{"self":[{"href":"https:\/\/blogopara.com.br\/index.php\/wp-json\/wp\/v2\/posts\/29218","targetHints":{"allow":["GET"]}}],"collection":[{"href":"https:\/\/blogopara.com.br\/index.php\/wp-json\/wp\/v2\/posts"}],"about":[{"href":"https:\/\/blogopara.com.br\/index.php\/wp-json\/wp\/v2\/types\/post"}],"author":[{"embeddable":true,"href":"https:\/\/blogopara.com.br\/index.php\/wp-json\/wp\/v2\/users\/1"}],"replies":[{"embeddable":true,"href":"https:\/\/blogopara.com.br\/index.php\/wp-json\/wp\/v2\/comments?post=29218"}],"version-history":[{"count":4,"href":"https:\/\/blogopara.com.br\/index.php\/wp-json\/wp\/v2\/posts\/29218\/revisions"}],"predecessor-version":[{"id":29223,"href":"https:\/\/blogopara.com.br\/index.php\/wp-json\/wp\/v2\/posts\/29218\/revisions\/29223"}],"wp:featuredmedia":[{"embeddable":true,"href":"https:\/\/blogopara.com.br\/index.php\/wp-json\/wp\/v2\/media\/29219"}],"wp:attachment":[{"href":"https:\/\/blogopara.com.br\/index.php\/wp-json\/wp\/v2\/media?parent=29218"}],"wp:term":[{"taxonomy":"category","embeddable":true,"href":"https:\/\/blogopara.com.br\/index.php\/wp-json\/wp\/v2\/categories?post=29218"},{"taxonomy":"post_tag","embeddable":true,"href":"https:\/\/blogopara.com.br\/index.php\/wp-json\/wp\/v2\/tags?post=29218"}],"curies":[{"name":"wp","href":"https:\/\/api.w.org\/{rel}","templated":true}]}}