{"id":29273,"date":"2021-10-17T15:34:00","date_gmt":"2021-10-17T18:34:00","guid":{"rendered":"https:\/\/blogopara.com.br\/?p=29273"},"modified":"2021-10-16T17:36:21","modified_gmt":"2021-10-16T20:36:21","slug":"juazeiro-dnit-anuncia-inicio-da-licitacao-da-travessia-urbana-a-prefeita-suzana-ramos-comemora-vem-mais-desenvolvimento","status":"publish","type":"post","link":"https:\/\/blogopara.com.br\/index.php\/2021\/10\/17\/juazeiro-dnit-anuncia-inicio-da-licitacao-da-travessia-urbana-a-prefeita-suzana-ramos-comemora-vem-mais-desenvolvimento","title":{"rendered":"Juazeiro: DNIT anuncia in\u00edcio da licita\u00e7\u00e3o da Travessia Urbana, a prefeita Suzana Ramos comemora: \u201cVem mais desenvolvimento\u201d"},"content":{"rendered":"<p class=\"xmsonormal\" style=\"text-align: justify;\">Em reuni\u00e3o na sede do Departamento Nacional de Infraestrutura de Transportes (DNIT), em Salvador, nesta sexta-feira (15), a prefeita Suzana Ramos comemorou mais um passo importante para a retomada da obra da Travessia Urbana de Juazeiro. Acompanhada do deputado federal Adolfo Viana, do secret\u00e1rio de Obras e Desenvolvimento Urbano, Anderson Freire, a gestora ouviu do superintendente regional do \u00f3rg\u00e3o federal, Amauri Souza Lima, a confirma\u00e7\u00e3o da abertura dos processos licitat\u00f3rios no m\u00eas de novembro e a contrata\u00e7\u00e3o da obra ainda em dezembro.<\/p>\n<p class=\"xmsonormal\" style=\"text-align: justify;\">Segundo Amauri Lima, com o or\u00e7amento que foi aprovado recentemente pelo Congresso Nacional, o processo licitat\u00f3rio ser\u00e1 iniciado. \u201cEstamos trabalhando nos atos preparat\u00f3rios, no edital, para que no m\u00eas de novembro a gente consiga concluir e fazer o processo licitat\u00f3rio. E se tudo ocorrer bem, contratar ainda no m\u00eas de dezembro as obras de continuidade. A tend\u00eancia \u00e9 n\u00f3s licitarmos, contratarmos e executarmos os viadutos, os aterros e melhorar a condi\u00e7\u00e3o de trafegabilidade dentro da cidade\u201d, enfatizou o superintendente do DNIT na Bahia.<\/p>\n<p class=\"xmsonormal\" style=\"text-align: justify;\">A prefeita Suzana Ramos celebrou a not\u00edcia. \u201cEstou muito satisfeita com as palavras do superintendente sobre essa obra t\u00e3o sonhada pelos juazeirenses. A Travessia Urbana, se Deus quiser, vai sair e vamos ver nossa cidade cada vez mais no rumo do desenvolvimento. Vamos trazer a\u00e7\u00f5es grandes que verdadeiramente mudem a realidade de cada pessoa no munic\u00edpio. Estamos monitorando de perto cada andamento da situa\u00e7\u00e3o dessa obra e creio que em breve vamos comemorar mais ainda\u201d, destacou a gestora.<\/p>\n<p class=\"xmsonormal\" style=\"text-align: justify;\">J\u00e1 o deputado federal Adolfo Viana se comprometeu a continuar na articula\u00e7\u00e3o junto ao DNIT. \u201cEssa \u00e9 uma obra muito esperada para toda Juazeiro e n\u00f3s estamos trabalhando muito para que ela vire uma realidade. Me comprometo a continuar em contato com o DNIT para que tudo ocorra da melhor forma poss\u00edvel\u201d, finalizou o parlamentar.<\/p>\n","protected":false},"excerpt":{"rendered":"<p>Em reuni\u00e3o na sede do Departamento Nacional de Infraestrutura de Transportes (DNIT), em Salvador, nesta sexta-feira (15), a prefeita Suzana Ramos comemorou mais um passo importante para a retomada da obra da Travessia Urbana de Juazeiro. Acompanhada do deputado federal Adolfo Viana, do secret\u00e1rio de Obras e Desenvolvimento Urbano, Anderson Freire, a gestora ouviu do [&hellip;]<\/p>\n","protected":false},"author":1,"featured_media":28005,"comment_status":"closed","ping_status":"open","sticky":false,"template":"","format":"standard","meta":{"_uag_custom_page_level_css":"","_monsterinsights_skip_tracking":false,"_monsterinsights_sitenote_active":false,"_monsterinsights_sitenote_note":"","_monsterinsights_sitenote_category":0,"jetpack_post_was_ever_published":false,"_jetpack_newsletter_access":"","_jetpack_dont_email_post_to_subs":false,"_jetpack_newsletter_tier_id":0,"_jetpack_memberships_contains_paywalled_content":false,"_jetpack_memberships_contains_paid_content":false,"footnotes":"","jetpack_publicize_message":"","jetpack_publicize_feature_enabled":true,"jetpack_social_post_already_shared":true,"jetpack_social_options":{"image_generator_settings":{"template":"highway","default_image_id":0,"font":"","enabled":false},"version":2}},"categories":[203,197],"tags":[],"class_list":["post-29273","post","type-post","status-publish","format-standard","has-post-thumbnail","hentry","category-juazeiro","category-politica"],"jetpack_publicize_connections":[],"jetpack_featured_media_url":"https:\/\/blogopara.com.br\/wp-content\/uploads\/2021\/09\/Suzana-e-Adolfo-foto-Arquivo.jpeg","uagb_featured_image_src":{"full":["https:\/\/blogopara.com.br\/wp-content\/uploads\/2021\/09\/Suzana-e-Adolfo-foto-Arquivo.jpeg",500,377,false],"thumbnail":["https:\/\/blogopara.com.br\/wp-content\/uploads\/2021\/09\/Suzana-e-Adolfo-foto-Arquivo-150x150.jpeg",150,150,true],"medium":["https:\/\/blogopara.com.br\/wp-content\/uploads\/2021\/09\/Suzana-e-Adolfo-foto-Arquivo-300x226.jpeg",300,226,true],"medium_large":["https:\/\/blogopara.com.br\/wp-content\/uploads\/2021\/09\/Suzana-e-Adolfo-foto-Arquivo.jpeg",500,377,false],"large":["https:\/\/blogopara.com.br\/wp-content\/uploads\/2021\/09\/Suzana-e-Adolfo-foto-Arquivo.jpeg",500,377,false],"1536x1536":["https:\/\/blogopara.com.br\/wp-content\/uploads\/2021\/09\/Suzana-e-Adolfo-foto-Arquivo.jpeg",500,377,false],"2048x2048":["https:\/\/blogopara.com.br\/wp-content\/uploads\/2021\/09\/Suzana-e-Adolfo-foto-Arquivo.jpeg",500,377,false],"mantranews-slider-large":["https:\/\/blogopara.com.br\/wp-content\/uploads\/2021\/09\/Suzana-e-Adolfo-foto-Arquivo.jpeg",500,377,false],"mantranews-featured-medium":["https:\/\/blogopara.com.br\/wp-content\/uploads\/2021\/09\/Suzana-e-Adolfo-foto-Arquivo-420x307.jpeg",420,307,true],"mantranews-featured-long":["https:\/\/blogopara.com.br\/wp-content\/uploads\/2021\/09\/Suzana-e-Adolfo-foto-Arquivo-300x377.jpeg",300,377,true],"mantranews-block-medium":["https:\/\/blogopara.com.br\/wp-content\/uploads\/2021\/09\/Suzana-e-Adolfo-foto-Arquivo-464x290.jpeg",464,290,true],"mantranews-carousel-image":["https:\/\/blogopara.com.br\/wp-content\/uploads\/2021\/09\/Suzana-e-Adolfo-foto-Arquivo.jpeg",500,377,false],"mantranews-block-thumb":["https:\/\/blogopara.com.br\/wp-content\/uploads\/2021\/09\/Suzana-e-Adolfo-foto-Arquivo-322x230.jpeg",322,230,true],"mantranews-single-large":["https:\/\/blogopara.com.br\/wp-content\/uploads\/2021\/09\/Suzana-e-Adolfo-foto-Arquivo.jpeg",500,377,false]},"uagb_author_info":{"display_name":"Reda\u00e7\u00e3o geral","author_link":"https:\/\/blogopara.com.br\/index.php\/author\/blogopara"},"uagb_comment_info":0,"uagb_excerpt":"Em reuni\u00e3o na sede do Departamento Nacional de Infraestrutura de Transportes (DNIT), em Salvador, nesta sexta-feira (15), a prefeita Suzana Ramos comemorou mais um passo importante para a retomada da obra da Travessia Urbana de Juazeiro. Acompanhada do deputado federal Adolfo Viana, do secret\u00e1rio de Obras e Desenvolvimento Urbano, Anderson Freire, a gestora ouviu do&hellip;","jetpack_sharing_enabled":true,"jetpack_likes_enabled":true,"_links":{"self":[{"href":"https:\/\/blogopara.com.br\/index.php\/wp-json\/wp\/v2\/posts\/29273","targetHints":{"allow":["GET"]}}],"collection":[{"href":"https:\/\/blogopara.com.br\/index.php\/wp-json\/wp\/v2\/posts"}],"about":[{"href":"https:\/\/blogopara.com.br\/index.php\/wp-json\/wp\/v2\/types\/post"}],"author":[{"embeddable":true,"href":"https:\/\/blogopara.com.br\/index.php\/wp-json\/wp\/v2\/users\/1"}],"replies":[{"embeddable":true,"href":"https:\/\/blogopara.com.br\/index.php\/wp-json\/wp\/v2\/comments?post=29273"}],"version-history":[{"count":1,"href":"https:\/\/blogopara.com.br\/index.php\/wp-json\/wp\/v2\/posts\/29273\/revisions"}],"predecessor-version":[{"id":29274,"href":"https:\/\/blogopara.com.br\/index.php\/wp-json\/wp\/v2\/posts\/29273\/revisions\/29274"}],"wp:featuredmedia":[{"embeddable":true,"href":"https:\/\/blogopara.com.br\/index.php\/wp-json\/wp\/v2\/media\/28005"}],"wp:attachment":[{"href":"https:\/\/blogopara.com.br\/index.php\/wp-json\/wp\/v2\/media?parent=29273"}],"wp:term":[{"taxonomy":"category","embeddable":true,"href":"https:\/\/blogopara.com.br\/index.php\/wp-json\/wp\/v2\/categories?post=29273"},{"taxonomy":"post_tag","embeddable":true,"href":"https:\/\/blogopara.com.br\/index.php\/wp-json\/wp\/v2\/tags?post=29273"}],"curies":[{"name":"wp","href":"https:\/\/api.w.org\/{rel}","templated":true}]}}