{"id":29353,"date":"2021-10-19T14:55:00","date_gmt":"2021-10-19T17:55:00","guid":{"rendered":"https:\/\/blogopara.com.br\/?p=29353"},"modified":"2021-10-19T09:04:37","modified_gmt":"2021-10-19T12:04:37","slug":"brasil-registra-menor-media-movel-de-mortes-desde-o-inicio-da-pandemia","status":"publish","type":"post","link":"https:\/\/blogopara.com.br\/index.php\/2021\/10\/19\/brasil-registra-menor-media-movel-de-mortes-desde-o-inicio-da-pandemia","title":{"rendered":"Brasil registra menor m\u00e9dia m\u00f3vel de mortes desde o in\u00edcio da pandemia"},"content":{"rendered":"<p style=\"text-align: justify;\">O\u00a0<a href=\"https:\/\/www.folhape.com.br\/noticias\/covid-19-brasil-tem-183-mortes-e-7446-novos-em-24-horas\/202219\/\">boletim\u00a0<\/a>divulgado na noite de ontem (18) mostra que a m\u00e9dia m\u00f3vel de mortes est\u00e1 em 379,5, acompanhada pela queda expressiva tamb\u00e9m no n\u00famero de novos casos da doen\u00e7a, que est\u00e1 em 12,3 mil ao dia.<\/p>\n<div id=\"ad-middle\" class=\" adRef\" style=\"text-align: justify;\" data-google-query-id=\"CLGJwOG11vMCFUG1lQIdeioDWA\">\n<div id=\"google_ads_iframe_\/21867286880\/folhape\/middle_0__container__\"><span style=\"font-size: revert; color: initial;\">\u201cN\u00f3s temos um Sistema \u00danico de Sa\u00fade (SUS) forte, com mais de 38 mil salas de vacina\u00e7\u00e3o, capaz de vacinar mais de 2 milh\u00f5es de brasileiros e um governo extremamente preocupado com a vida. Por isso, adquiriu mais de 550 milh\u00f5es de doses de vacinas [contra a] covid-19, investiu bilh\u00f5es com habilita\u00e7\u00e3o de leitos de unidades de terapia intensiva (UTIs) e vacinou mais de 90% da popula\u00e7\u00e3o brasileira com a primeira dose. Vacina \u00e9 a sa\u00edda para acabar com o car\u00e1ter pand\u00eamico da doen\u00e7a. S\u00f3 assim vamos retornar para o nosso normal\u201d, afirmou em nota o ministro da Sa\u00fade, Marcelo Queiroga.<\/span><\/div>\n<\/div>\n<p style=\"text-align: justify;\">Segundo Queiroga, o sucesso da ampla campanha de vacina\u00e7\u00e3o deve se estender para 2022 com a compra antecipada de 354 milh\u00f5es de doses de vacinas aprovadas no pa\u00eds. O plano de vacina\u00e7\u00e3o para 2022 foi apresentado no in\u00edcio do m\u00eas de outubro.<\/p>\n<p style=\"text-align: justify;\">\u201cN\u00f3s j\u00e1 temos asseguradas mais de 300 milh\u00f5es de doses para vacinar a nossa popula\u00e7\u00e3o. \u00c9 uma vacina\u00e7\u00e3o um pouco diferente do que aconteceu em 2021, porque n\u00e3o \u00e9 uma vacina\u00e7\u00e3o prim\u00e1ria. Mas, o mais importante \u00e9: teremos doses de vacinas para todos\u201d, declarou Queiroga.<\/p>\n<p style=\"text-align: justify;\">O painel de vacina\u00e7\u00e3o do Minist\u00e9rio da Sa\u00fade mostra que mais de 108 milh\u00f5es de brasileiros j\u00e1 cumpriram integralmente o esquema vacinal. Essa popula\u00e7\u00e3o corresponde a 68% do p\u00fablico-alvo da campanha do Programa Nacional de Imuniza\u00e7\u00e3o (PNI). A ferramenta informa, ainda, que 3,6 milh\u00f5es de pessoas j\u00e1 tomaram a dose de refor\u00e7o, recomendada para pessoas acima de 60 anos, imunossuprimidos (aqueles cujos mecanismos normais de defesa contra infec\u00e7\u00e3o est\u00e3o comprometidos) e profissionais de sa\u00fade.<\/p>\n<div id=\"ad-middle1\" class=\" adRef\" style=\"text-align: justify;\" data-google-query-id=\"CKvo3eO11vMCFUS5lQIdf-kHKw\">\u00a0<\/div>\n<div data-google-query-id=\"CKvo3eO11vMCFUS5lQIdf-kHKw\">Por:<strong>\u00a0Ag\u00eancia Brasil<\/strong><\/div>\n<div data-google-query-id=\"CKvo3eO11vMCFUS5lQIdf-kHKw\">\u00a0<\/div>\n\n\n<p><\/p>\n","protected":false},"excerpt":{"rendered":"<p>O\u00a0boletim\u00a0divulgado na noite de ontem (18) mostra que a m\u00e9dia m\u00f3vel de mortes est\u00e1 em 379,5, acompanhada pela queda expressiva tamb\u00e9m no n\u00famero de novos casos da doen\u00e7a, que est\u00e1 em 12,3 mil ao dia. \u201cN\u00f3s temos um Sistema \u00danico de Sa\u00fade (SUS) forte, com mais de 38 mil salas de vacina\u00e7\u00e3o, capaz de vacinar [&hellip;]<\/p>\n","protected":false},"author":1,"featured_media":29354,"comment_status":"closed","ping_status":"open","sticky":false,"template":"","format":"standard","meta":{"_uag_custom_page_level_css":"","_monsterinsights_skip_tracking":false,"_monsterinsights_sitenote_active":false,"_monsterinsights_sitenote_note":"","_monsterinsights_sitenote_category":0,"jetpack_post_was_ever_published":false,"_jetpack_newsletter_access":"","_jetpack_dont_email_post_to_subs":false,"_jetpack_newsletter_tier_id":0,"_jetpack_memberships_contains_paywalled_content":false,"_jetpack_memberships_contains_paid_content":false,"footnotes":"","jetpack_publicize_message":"","jetpack_publicize_feature_enabled":true,"jetpack_social_post_already_shared":true,"jetpack_social_options":{"image_generator_settings":{"template":"highway","default_image_id":0,"font":"","enabled":false},"version":2}},"categories":[203],"tags":[14,3155,5750,92],"class_list":["post-29353","post","type-post","status-publish","format-standard","has-post-thumbnail","hentry","category-juazeiro","tag-brasil","tag-covid-19-2","tag-menor-media","tag-mortes"],"jetpack_publicize_connections":[],"jetpack_featured_media_url":"https:\/\/blogopara.com.br\/wp-content\/uploads\/2021\/10\/vacinacao-tabatinga-mcamgo-abr-190120211818-19.jpg","uagb_featured_image_src":{"full":["https:\/\/blogopara.com.br\/wp-content\/uploads\/2021\/10\/vacinacao-tabatinga-mcamgo-abr-190120211818-19.jpg",500,298,false],"thumbnail":["https:\/\/blogopara.com.br\/wp-content\/uploads\/2021\/10\/vacinacao-tabatinga-mcamgo-abr-190120211818-19-150x150.jpg",150,150,true],"medium":["https:\/\/blogopara.com.br\/wp-content\/uploads\/2021\/10\/vacinacao-tabatinga-mcamgo-abr-190120211818-19-300x179.jpg",300,179,true],"medium_large":["https:\/\/blogopara.com.br\/wp-content\/uploads\/2021\/10\/vacinacao-tabatinga-mcamgo-abr-190120211818-19.jpg",500,298,false],"large":["https:\/\/blogopara.com.br\/wp-content\/uploads\/2021\/10\/vacinacao-tabatinga-mcamgo-abr-190120211818-19.jpg",500,298,false],"1536x1536":["https:\/\/blogopara.com.br\/wp-content\/uploads\/2021\/10\/vacinacao-tabatinga-mcamgo-abr-190120211818-19.jpg",500,298,false],"2048x2048":["https:\/\/blogopara.com.br\/wp-content\/uploads\/2021\/10\/vacinacao-tabatinga-mcamgo-abr-190120211818-19.jpg",500,298,false],"mantranews-slider-large":["https:\/\/blogopara.com.br\/wp-content\/uploads\/2021\/10\/vacinacao-tabatinga-mcamgo-abr-190120211818-19.jpg",500,298,false],"mantranews-featured-medium":["https:\/\/blogopara.com.br\/wp-content\/uploads\/2021\/10\/vacinacao-tabatinga-mcamgo-abr-190120211818-19-420x298.jpg",420,298,true],"mantranews-featured-long":["https:\/\/blogopara.com.br\/wp-content\/uploads\/2021\/10\/vacinacao-tabatinga-mcamgo-abr-190120211818-19-300x298.jpg",300,298,true],"mantranews-block-medium":["https:\/\/blogopara.com.br\/wp-content\/uploads\/2021\/10\/vacinacao-tabatinga-mcamgo-abr-190120211818-19-464x290.jpg",464,290,true],"mantranews-carousel-image":["https:\/\/blogopara.com.br\/wp-content\/uploads\/2021\/10\/vacinacao-tabatinga-mcamgo-abr-190120211818-19.jpg",500,298,false],"mantranews-block-thumb":["https:\/\/blogopara.com.br\/wp-content\/uploads\/2021\/10\/vacinacao-tabatinga-mcamgo-abr-190120211818-19-322x230.jpg",322,230,true],"mantranews-single-large":["https:\/\/blogopara.com.br\/wp-content\/uploads\/2021\/10\/vacinacao-tabatinga-mcamgo-abr-190120211818-19.jpg",500,298,false]},"uagb_author_info":{"display_name":"Reda\u00e7\u00e3o geral","author_link":"https:\/\/blogopara.com.br\/index.php\/author\/blogopara"},"uagb_comment_info":0,"uagb_excerpt":"O\u00a0boletim\u00a0divulgado na noite de ontem (18) mostra que a m\u00e9dia m\u00f3vel de mortes est\u00e1 em 379,5, acompanhada pela queda expressiva tamb\u00e9m no n\u00famero de novos casos da doen\u00e7a, que est\u00e1 em 12,3 mil ao dia. \u201cN\u00f3s temos um Sistema \u00danico de Sa\u00fade (SUS) forte, com mais de 38 mil salas de vacina\u00e7\u00e3o, capaz de vacinar&hellip;","jetpack_sharing_enabled":true,"jetpack_likes_enabled":true,"_links":{"self":[{"href":"https:\/\/blogopara.com.br\/index.php\/wp-json\/wp\/v2\/posts\/29353","targetHints":{"allow":["GET"]}}],"collection":[{"href":"https:\/\/blogopara.com.br\/index.php\/wp-json\/wp\/v2\/posts"}],"about":[{"href":"https:\/\/blogopara.com.br\/index.php\/wp-json\/wp\/v2\/types\/post"}],"author":[{"embeddable":true,"href":"https:\/\/blogopara.com.br\/index.php\/wp-json\/wp\/v2\/users\/1"}],"replies":[{"embeddable":true,"href":"https:\/\/blogopara.com.br\/index.php\/wp-json\/wp\/v2\/comments?post=29353"}],"version-history":[{"count":1,"href":"https:\/\/blogopara.com.br\/index.php\/wp-json\/wp\/v2\/posts\/29353\/revisions"}],"predecessor-version":[{"id":29355,"href":"https:\/\/blogopara.com.br\/index.php\/wp-json\/wp\/v2\/posts\/29353\/revisions\/29355"}],"wp:featuredmedia":[{"embeddable":true,"href":"https:\/\/blogopara.com.br\/index.php\/wp-json\/wp\/v2\/media\/29354"}],"wp:attachment":[{"href":"https:\/\/blogopara.com.br\/index.php\/wp-json\/wp\/v2\/media?parent=29353"}],"wp:term":[{"taxonomy":"category","embeddable":true,"href":"https:\/\/blogopara.com.br\/index.php\/wp-json\/wp\/v2\/categories?post=29353"},{"taxonomy":"post_tag","embeddable":true,"href":"https:\/\/blogopara.com.br\/index.php\/wp-json\/wp\/v2\/tags?post=29353"}],"curies":[{"name":"wp","href":"https:\/\/api.w.org\/{rel}","templated":true}]}}