{"id":29369,"date":"2021-10-20T09:06:00","date_gmt":"2021-10-20T12:06:00","guid":{"rendered":"https:\/\/blogopara.com.br\/?p=29369"},"modified":"2021-10-19T21:17:54","modified_gmt":"2021-10-20T00:17:54","slug":"joseph-bandeira-se-encontra-com-o-senador-jaques-wagner-em-salvador-em-prol-dos-interesses-de-juazeiro","status":"publish","type":"post","link":"https:\/\/blogopara.com.br\/index.php\/2021\/10\/20\/joseph-bandeira-se-encontra-com-o-senador-jaques-wagner-em-salvador-em-prol-dos-interesses-de-juazeiro","title":{"rendered":"Joseph Bandeira se encontra com o senador Jaques Wagner, em Salvador: &#8220;Em prol dos interesses de Juazeiro&#8221;"},"content":{"rendered":"<p style=\"text-align: justify;\">Joseph Bandeira, ex-prefeito de Juazeiro, o senador Jaques Wagner e o deputado Roberto Carlos estiveram reunidos na tarde desta segunda-feira (18) em Salvador. O encontro foi para discutir investimentos para a cidade de Juazeiro e regi\u00e3o. Pr\u00e9-candidato ao governo da Bahia nas elei\u00e7\u00f5es de 2022, Jaques Wagner ainda foi presenteado com uma camisa da Juazeirense, com seu nome e o n\u00famero 13 (analogia ao PT).<\/p>\n<p style=\"text-align: justify;\">&#8220;A\u00a0tarde desta segunda-feira, participei de um bate papo agrad\u00e1vel, com os amigos de longas datas: o senador e futuro governador da Bahia, Jaques Wagner, e o amigo Joseph Bandeira, ex-prefeito de Juazeiro. Na oportunidade, tratamos sobre importantes a\u00e7\u00f5es que garantir\u00e3o o progresso do nosso Estado, bem como para Juazeiro e regi\u00e3o&#8221;, escreveu o parlamentar em uma foto publicada nas redes sociais.<\/p>\n<p style=\"text-align: justify;\">&#8220;Grande Encontro em Salvador em prol dos interesses de Juazeiro (BA), com Jaques Wagner, Deputado Roberto Carlos e Jos\u00e9 Barbosa Neto, hoje, dia 18 de outubro&#8221;, tamb\u00e9m escreveu Joseph Bandeira.<\/p>\n<p style=\"text-align: justify;\">O encontro tamb\u00e9m pode ser visto como uma articula\u00e7\u00e3o para os alinhamentos pol\u00edticos para as\u00a0elei\u00e7\u00f5es de 2022, j\u00e1 que Jaques Wagner j\u00e1 anunciou sua pr\u00e9-candidatura ao Governo do Estado, e o munic\u00edpio mantem uma boa rela\u00e7\u00e3o com a atual gest\u00e3o estadual, de Rui Costa, mesmo sem ter tido apoio do mesmo nas elei\u00e7\u00f5es municipais de 2018. Na ocasi\u00e3o, o Estado defendia a reelei\u00e7\u00e3o de Paulo Bomfim, que foi derrotado\u00a0pela atual prefeita, Suzana Ramos.<\/p>\n<p style=\"text-align: justify;\">Fonte de informa\u00e7\u00f5es: RedeGN<\/p>\n","protected":false},"excerpt":{"rendered":"<p>Joseph Bandeira, ex-prefeito de Juazeiro, o senador Jaques Wagner e o deputado Roberto Carlos estiveram reunidos na tarde desta segunda-feira (18) em Salvador. O encontro foi para discutir investimentos para a cidade de Juazeiro e regi\u00e3o. Pr\u00e9-candidato ao governo da Bahia nas elei\u00e7\u00f5es de 2022, Jaques Wagner ainda foi presenteado com uma camisa da Juazeirense, [&hellip;]<\/p>\n","protected":false},"author":1,"featured_media":29370,"comment_status":"closed","ping_status":"open","sticky":false,"template":"","format":"standard","meta":{"_uag_custom_page_level_css":"","_monsterinsights_skip_tracking":false,"_monsterinsights_sitenote_active":false,"_monsterinsights_sitenote_note":"","_monsterinsights_sitenote_category":0,"jetpack_post_was_ever_published":false,"_jetpack_newsletter_access":"","_jetpack_dont_email_post_to_subs":false,"_jetpack_newsletter_tier_id":0,"_jetpack_memberships_contains_paywalled_content":false,"_jetpack_memberships_contains_paid_content":false,"footnotes":"","jetpack_publicize_message":"","jetpack_publicize_feature_enabled":true,"jetpack_social_post_already_shared":true,"jetpack_social_options":{"image_generator_settings":{"template":"highway","default_image_id":0,"font":"","enabled":false},"version":2}},"categories":[203,197],"tags":[1327,3656,1103],"class_list":["post-29369","post","type-post","status-publish","format-standard","has-post-thumbnail","hentry","category-juazeiro","category-politica","tag-eleicoes-2022","tag-jaques-wagner","tag-joseph-bandeira"],"jetpack_publicize_connections":[],"jetpack_featured_media_url":"https:\/\/blogopara.com.br\/wp-content\/uploads\/2021\/10\/WhatsApp-Image-2021-10-18-at-17_06_03.jpeg","uagb_featured_image_src":{"full":["https:\/\/blogopara.com.br\/wp-content\/uploads\/2021\/10\/WhatsApp-Image-2021-10-18-at-17_06_03.jpeg",500,344,false],"thumbnail":["https:\/\/blogopara.com.br\/wp-content\/uploads\/2021\/10\/WhatsApp-Image-2021-10-18-at-17_06_03-150x150.jpeg",150,150,true],"medium":["https:\/\/blogopara.com.br\/wp-content\/uploads\/2021\/10\/WhatsApp-Image-2021-10-18-at-17_06_03-300x206.jpeg",300,206,true],"medium_large":["https:\/\/blogopara.com.br\/wp-content\/uploads\/2021\/10\/WhatsApp-Image-2021-10-18-at-17_06_03.jpeg",500,344,false],"large":["https:\/\/blogopara.com.br\/wp-content\/uploads\/2021\/10\/WhatsApp-Image-2021-10-18-at-17_06_03.jpeg",500,344,false],"1536x1536":["https:\/\/blogopara.com.br\/wp-content\/uploads\/2021\/10\/WhatsApp-Image-2021-10-18-at-17_06_03.jpeg",500,344,false],"2048x2048":["https:\/\/blogopara.com.br\/wp-content\/uploads\/2021\/10\/WhatsApp-Image-2021-10-18-at-17_06_03.jpeg",500,344,false],"mantranews-slider-large":["https:\/\/blogopara.com.br\/wp-content\/uploads\/2021\/10\/WhatsApp-Image-2021-10-18-at-17_06_03.jpeg",500,344,false],"mantranews-featured-medium":["https:\/\/blogopara.com.br\/wp-content\/uploads\/2021\/10\/WhatsApp-Image-2021-10-18-at-17_06_03-420x307.jpeg",420,307,true],"mantranews-featured-long":["https:\/\/blogopara.com.br\/wp-content\/uploads\/2021\/10\/WhatsApp-Image-2021-10-18-at-17_06_03-300x344.jpeg",300,344,true],"mantranews-block-medium":["https:\/\/blogopara.com.br\/wp-content\/uploads\/2021\/10\/WhatsApp-Image-2021-10-18-at-17_06_03-464x290.jpeg",464,290,true],"mantranews-carousel-image":["https:\/\/blogopara.com.br\/wp-content\/uploads\/2021\/10\/WhatsApp-Image-2021-10-18-at-17_06_03.jpeg",500,344,false],"mantranews-block-thumb":["https:\/\/blogopara.com.br\/wp-content\/uploads\/2021\/10\/WhatsApp-Image-2021-10-18-at-17_06_03-322x230.jpeg",322,230,true],"mantranews-single-large":["https:\/\/blogopara.com.br\/wp-content\/uploads\/2021\/10\/WhatsApp-Image-2021-10-18-at-17_06_03.jpeg",500,344,false]},"uagb_author_info":{"display_name":"Reda\u00e7\u00e3o geral","author_link":"https:\/\/blogopara.com.br\/index.php\/author\/blogopara"},"uagb_comment_info":0,"uagb_excerpt":"Joseph Bandeira, ex-prefeito de Juazeiro, o senador Jaques Wagner e o deputado Roberto Carlos estiveram reunidos na tarde desta segunda-feira (18) em Salvador. O encontro foi para discutir investimentos para a cidade de Juazeiro e regi\u00e3o. Pr\u00e9-candidato ao governo da Bahia nas elei\u00e7\u00f5es de 2022, Jaques Wagner ainda foi presenteado com uma camisa da Juazeirense,&hellip;","jetpack_sharing_enabled":true,"jetpack_likes_enabled":true,"_links":{"self":[{"href":"https:\/\/blogopara.com.br\/index.php\/wp-json\/wp\/v2\/posts\/29369","targetHints":{"allow":["GET"]}}],"collection":[{"href":"https:\/\/blogopara.com.br\/index.php\/wp-json\/wp\/v2\/posts"}],"about":[{"href":"https:\/\/blogopara.com.br\/index.php\/wp-json\/wp\/v2\/types\/post"}],"author":[{"embeddable":true,"href":"https:\/\/blogopara.com.br\/index.php\/wp-json\/wp\/v2\/users\/1"}],"replies":[{"embeddable":true,"href":"https:\/\/blogopara.com.br\/index.php\/wp-json\/wp\/v2\/comments?post=29369"}],"version-history":[{"count":1,"href":"https:\/\/blogopara.com.br\/index.php\/wp-json\/wp\/v2\/posts\/29369\/revisions"}],"predecessor-version":[{"id":29371,"href":"https:\/\/blogopara.com.br\/index.php\/wp-json\/wp\/v2\/posts\/29369\/revisions\/29371"}],"wp:featuredmedia":[{"embeddable":true,"href":"https:\/\/blogopara.com.br\/index.php\/wp-json\/wp\/v2\/media\/29370"}],"wp:attachment":[{"href":"https:\/\/blogopara.com.br\/index.php\/wp-json\/wp\/v2\/media?parent=29369"}],"wp:term":[{"taxonomy":"category","embeddable":true,"href":"https:\/\/blogopara.com.br\/index.php\/wp-json\/wp\/v2\/categories?post=29369"},{"taxonomy":"post_tag","embeddable":true,"href":"https:\/\/blogopara.com.br\/index.php\/wp-json\/wp\/v2\/tags?post=29369"}],"curies":[{"name":"wp","href":"https:\/\/api.w.org\/{rel}","templated":true}]}}