{"id":29391,"date":"2021-10-20T18:38:00","date_gmt":"2021-10-20T21:38:00","guid":{"rendered":"https:\/\/blogopara.com.br\/?p=29391"},"modified":"2021-10-19T22:51:57","modified_gmt":"2021-10-20T01:51:57","slug":"__trashed-3","status":"publish","type":"post","link":"https:\/\/blogopara.com.br\/index.php\/2021\/10\/20\/__trashed-3","title":{"rendered":"Prefeitura de Juazeiro capacita servidores da SEDES para relacionamento interpessoal no ambiente de trabalho"},"content":{"rendered":"<p class=\"x_MsoNormal\" style=\"text-align: justify;\">Os servidores da Secretaria de Desenvolvimento Social, Mulher e Diversidade (SEDES) participaram, nesta ter\u00e7a-feira (19), da capacita\u00e7\u00e3o \u2018Relacionamento interpessoal no ambiente de trabalho\u2019, ministrado pela facilitadora L\u00facia Palmeira, da Lutrabe. A forma\u00e7\u00e3o foi oferecida pela Prefeitura de Juazeiro, atrav\u00e9s da Ger\u00eancia de Educa\u00e7\u00e3o Permanente da SEDES, no audit\u00f3rio da Pracinha da Cultura, no bairro Tabuleiro.<\/p>\n<p class=\"x_MsoNormal\" style=\"text-align: justify;\">De acordo com o gestor da SEDES, Teobaldo Pedro, a forma\u00e7\u00e3o visa melhorar as rela\u00e7\u00f5es no ambiente de trabalho. \u201cNosso objetivo \u00e9 oferecer um ambiente de trabalho com rela\u00e7\u00f5es mais saud\u00e1veis para todos os servidores e, consequentemente, qualificar a presta\u00e7\u00e3o dos servi\u00e7os e atendimento da assist\u00eancia social\u201d, frisou o secret\u00e1rio.<\/p>\n<p class=\"x_MsoNormal\" style=\"text-align: justify;\">Segundo a gerente de Educa\u00e7\u00e3o Permanente, Paola Rodrigues, o curso abriu o calend\u00e1rio de capacita\u00e7\u00f5es da Ger\u00eancia, que prev\u00ea, ainda, outras atividades voltadas especificamente para os servidores da SEDES. \u201cJ\u00e1 temos uma programa\u00e7\u00e3o de capacita\u00e7\u00f5es e palestras que foi definida a partir das necessidades dos servidores da secretaria e dos usu\u00e1rios dos nossos servi\u00e7os, a fim de ampliar a forma\u00e7\u00e3o dos servidores e melhorar o nosso atendimento\u201d, relatou Paola.<\/p>\n<p class=\"x_MsoNormal\" style=\"text-align: justify;\">Cerca de 50 servidores participaram da forma\u00e7\u00e3o, entre funcion\u00e1rios da Secretaria de Desenvolvimento Social, Mulher e Diversidade e dos seus equipamentos.<\/p>\n","protected":false},"excerpt":{"rendered":"<p>Os servidores da Secretaria de Desenvolvimento Social, Mulher e Diversidade (SEDES) participaram, nesta ter\u00e7a-feira (19), da capacita\u00e7\u00e3o \u2018Relacionamento interpessoal no ambiente de trabalho\u2019, ministrado pela facilitadora L\u00facia Palmeira, da Lutrabe. A forma\u00e7\u00e3o foi oferecida pela Prefeitura de Juazeiro, atrav\u00e9s da Ger\u00eancia de Educa\u00e7\u00e3o Permanente da SEDES, no audit\u00f3rio da Pracinha da Cultura, no bairro Tabuleiro. [&hellip;]<\/p>\n","protected":false},"author":1,"featured_media":29394,"comment_status":"closed","ping_status":"open","sticky":false,"template":"","format":"standard","meta":{"_uag_custom_page_level_css":"","_monsterinsights_skip_tracking":false,"_monsterinsights_sitenote_active":false,"_monsterinsights_sitenote_note":"","_monsterinsights_sitenote_category":0,"jetpack_post_was_ever_published":false,"_jetpack_newsletter_access":"","_jetpack_dont_email_post_to_subs":false,"_jetpack_newsletter_tier_id":0,"_jetpack_memberships_contains_paywalled_content":false,"_jetpack_memberships_contains_paid_content":false,"footnotes":"","jetpack_publicize_message":"","jetpack_publicize_feature_enabled":true,"jetpack_social_post_already_shared":true,"jetpack_social_options":{"image_generator_settings":{"template":"highway","default_image_id":0,"font":"","enabled":false},"version":2}},"categories":[203,204],"tags":[1714,50,825],"class_list":["post-29391","post","type-post","status-publish","format-standard","has-post-thumbnail","hentry","category-juazeiro","category-social","tag-capacitacao","tag-pastor-teobaldo","tag-servidores"],"jetpack_publicize_connections":[],"jetpack_featured_media_url":"https:\/\/blogopara.com.br\/wp-content\/uploads\/2021\/10\/thumbnail_Educacao-Permanente-02.jpg","uagb_featured_image_src":{"full":["https:\/\/blogopara.com.br\/wp-content\/uploads\/2021\/10\/thumbnail_Educacao-Permanente-02.jpg",500,333,false],"thumbnail":["https:\/\/blogopara.com.br\/wp-content\/uploads\/2021\/10\/thumbnail_Educacao-Permanente-02-150x150.jpg",150,150,true],"medium":["https:\/\/blogopara.com.br\/wp-content\/uploads\/2021\/10\/thumbnail_Educacao-Permanente-02-300x200.jpg",300,200,true],"medium_large":["https:\/\/blogopara.com.br\/wp-content\/uploads\/2021\/10\/thumbnail_Educacao-Permanente-02.jpg",500,333,false],"large":["https:\/\/blogopara.com.br\/wp-content\/uploads\/2021\/10\/thumbnail_Educacao-Permanente-02.jpg",500,333,false],"1536x1536":["https:\/\/blogopara.com.br\/wp-content\/uploads\/2021\/10\/thumbnail_Educacao-Permanente-02.jpg",500,333,false],"2048x2048":["https:\/\/blogopara.com.br\/wp-content\/uploads\/2021\/10\/thumbnail_Educacao-Permanente-02.jpg",500,333,false],"mantranews-slider-large":["https:\/\/blogopara.com.br\/wp-content\/uploads\/2021\/10\/thumbnail_Educacao-Permanente-02.jpg",500,333,false],"mantranews-featured-medium":["https:\/\/blogopara.com.br\/wp-content\/uploads\/2021\/10\/thumbnail_Educacao-Permanente-02-420x307.jpg",420,307,true],"mantranews-featured-long":["https:\/\/blogopara.com.br\/wp-content\/uploads\/2021\/10\/thumbnail_Educacao-Permanente-02-300x333.jpg",300,333,true],"mantranews-block-medium":["https:\/\/blogopara.com.br\/wp-content\/uploads\/2021\/10\/thumbnail_Educacao-Permanente-02-464x290.jpg",464,290,true],"mantranews-carousel-image":["https:\/\/blogopara.com.br\/wp-content\/uploads\/2021\/10\/thumbnail_Educacao-Permanente-02.jpg",500,333,false],"mantranews-block-thumb":["https:\/\/blogopara.com.br\/wp-content\/uploads\/2021\/10\/thumbnail_Educacao-Permanente-02-322x230.jpg",322,230,true],"mantranews-single-large":["https:\/\/blogopara.com.br\/wp-content\/uploads\/2021\/10\/thumbnail_Educacao-Permanente-02.jpg",500,333,false]},"uagb_author_info":{"display_name":"Reda\u00e7\u00e3o geral","author_link":"https:\/\/blogopara.com.br\/index.php\/author\/blogopara"},"uagb_comment_info":0,"uagb_excerpt":"Os servidores da Secretaria de Desenvolvimento Social, Mulher e Diversidade (SEDES) participaram, nesta ter\u00e7a-feira (19), da capacita\u00e7\u00e3o \u2018Relacionamento interpessoal no ambiente de trabalho\u2019, ministrado pela facilitadora L\u00facia Palmeira, da Lutrabe. A forma\u00e7\u00e3o foi oferecida pela Prefeitura de Juazeiro, atrav\u00e9s da Ger\u00eancia de Educa\u00e7\u00e3o Permanente da SEDES, no audit\u00f3rio da Pracinha da Cultura, no bairro Tabuleiro.&hellip;","jetpack_sharing_enabled":true,"jetpack_likes_enabled":true,"_links":{"self":[{"href":"https:\/\/blogopara.com.br\/index.php\/wp-json\/wp\/v2\/posts\/29391","targetHints":{"allow":["GET"]}}],"collection":[{"href":"https:\/\/blogopara.com.br\/index.php\/wp-json\/wp\/v2\/posts"}],"about":[{"href":"https:\/\/blogopara.com.br\/index.php\/wp-json\/wp\/v2\/types\/post"}],"author":[{"embeddable":true,"href":"https:\/\/blogopara.com.br\/index.php\/wp-json\/wp\/v2\/users\/1"}],"replies":[{"embeddable":true,"href":"https:\/\/blogopara.com.br\/index.php\/wp-json\/wp\/v2\/comments?post=29391"}],"version-history":[{"count":1,"href":"https:\/\/blogopara.com.br\/index.php\/wp-json\/wp\/v2\/posts\/29391\/revisions"}],"predecessor-version":[{"id":29392,"href":"https:\/\/blogopara.com.br\/index.php\/wp-json\/wp\/v2\/posts\/29391\/revisions\/29392"}],"wp:featuredmedia":[{"embeddable":true,"href":"https:\/\/blogopara.com.br\/index.php\/wp-json\/wp\/v2\/media\/29394"}],"wp:attachment":[{"href":"https:\/\/blogopara.com.br\/index.php\/wp-json\/wp\/v2\/media?parent=29391"}],"wp:term":[{"taxonomy":"category","embeddable":true,"href":"https:\/\/blogopara.com.br\/index.php\/wp-json\/wp\/v2\/categories?post=29391"},{"taxonomy":"post_tag","embeddable":true,"href":"https:\/\/blogopara.com.br\/index.php\/wp-json\/wp\/v2\/tags?post=29391"}],"curies":[{"name":"wp","href":"https:\/\/api.w.org\/{rel}","templated":true}]}}