{"id":29493,"date":"2021-10-23T19:34:00","date_gmt":"2021-10-23T22:34:00","guid":{"rendered":"https:\/\/blogopara.com.br\/?p=29493"},"modified":"2021-10-23T13:35:37","modified_gmt":"2021-10-23T16:35:37","slug":"comeca-terca-feira-26-o-i-festival-de-cantoria-e-cantadores-em-formato-online","status":"publish","type":"post","link":"https:\/\/blogopara.com.br\/index.php\/2021\/10\/23\/comeca-terca-feira-26-o-i-festival-de-cantoria-e-cantadores-em-formato-online","title":{"rendered":"Come\u00e7a ter\u00e7a-feira (26) o I Festival de Cantoria e Cantadores em formato online"},"content":{"rendered":"<p style=\"text-align: justify;\">Com a participa\u00e7\u00e3o confirmada de mais de 12 artistas, entre nomes nacionais e talentos nordestinos, come\u00e7a nesta ter\u00e7a-feira (26) e vai at\u00e9 o dia 29, o I Festival de Cantoria e Cantadores. Transmitido pelo canal do Youtube da Sincronia Filmes, a partir das 19h30, o encontro online vai promover tamb\u00e9m uma s\u00e9rie de bate-papos musicados e palestras, em formato hibrido, para os alunos das escolas p\u00fablicas de Petrolina \u2013 PE.<\/p>\n<p style=\"text-align: justify;\">De acordo com os curadores do evento, Maviael e Marcone Melo, o festival ser\u00e1 um grande encontro da m\u00fasica autoral e da diversidade de estilos e ritmos.<\/p>\n<p style=\"text-align: justify;\">V\u00e3o se apresentar durante os quatro dias os cantores e compositores Maciel Melo (Iguaraci &#8211; PE), Ceumar (S\u00e3o Paulo &#8211; SP), Camila Yasmine (Petrolina &#8211; PE), Nilton Freitas (Uau\u00e1-BA), Mariano Carvalho (Salgueiro-PE), Paulinho Pedra Azul (Pedra Azul-MG), \u00c1lisson Menezes (Vit\u00f3ria da Conquista-BA), Jo\u00e3o Sereno (Juazeiro-BA), Gean Ramos (Jatob\u00e1-PE), Ivan Greg (Petrolina), al\u00e9m dos curadores, Marcone Melo (Petrolina &#8211; PE) e Maviael Melo (Salvador \u2013 BA).<\/p>\n<p style=\"text-align: justify;\">O I Festival de Cantoria e Cantadores tem realiza\u00e7\u00e3o e produ\u00e7\u00e3o executiva da Melodia Produ\u00e7\u00f5es e conta com incentivo cultural da Fundarpe e da Secretaria de Cultura do Governo de Pernambuco (Secult-PE), atrav\u00e9s da sua aprova\u00e7\u00e3o no 3\u00ba Edital Funcultura de M\u00fasica 2018\/2019.<\/p>\n","protected":false},"excerpt":{"rendered":"<p>Com a participa\u00e7\u00e3o confirmada de mais de 12 artistas, entre nomes nacionais e talentos nordestinos, come\u00e7a nesta ter\u00e7a-feira (26) e vai at\u00e9 o dia 29, o I Festival de Cantoria e Cantadores. Transmitido pelo canal do Youtube da Sincronia Filmes, a partir das 19h30, o encontro online vai promover tamb\u00e9m uma s\u00e9rie de bate-papos musicados [&hellip;]<\/p>\n","protected":false},"author":1,"featured_media":29494,"comment_status":"closed","ping_status":"closed","sticky":false,"template":"","format":"standard","meta":{"_uag_custom_page_level_css":"","_monsterinsights_skip_tracking":false,"_monsterinsights_sitenote_active":false,"_monsterinsights_sitenote_note":"","_monsterinsights_sitenote_category":0,"jetpack_post_was_ever_published":false,"_jetpack_newsletter_access":"","_jetpack_dont_email_post_to_subs":false,"_jetpack_newsletter_tier_id":0,"_jetpack_memberships_contains_paywalled_content":false,"_jetpack_memberships_contains_paid_content":false,"footnotes":"","jetpack_publicize_message":"","jetpack_publicize_feature_enabled":true,"jetpack_social_post_already_shared":true,"jetpack_social_options":{"image_generator_settings":{"template":"highway","default_image_id":0,"font":"","enabled":false},"version":2}},"categories":[1506],"tags":[5804,5801,5805,5803,5802],"class_list":["post-29493","post","type-post","status-publish","format-standard","has-post-thumbnail","hentry","category-cultura","tag-cantadores","tag-comeca","tag-formato-online","tag-i-festival-de-cantoria","tag-terca-feira26"],"jetpack_publicize_connections":[],"jetpack_featured_media_url":"https:\/\/blogopara.com.br\/wp-content\/uploads\/2021\/10\/WhatsApp-Image-2021-10-22-at-15.24.08.jpeg","uagb_featured_image_src":{"full":["https:\/\/blogopara.com.br\/wp-content\/uploads\/2021\/10\/WhatsApp-Image-2021-10-22-at-15.24.08.jpeg",500,500,false],"thumbnail":["https:\/\/blogopara.com.br\/wp-content\/uploads\/2021\/10\/WhatsApp-Image-2021-10-22-at-15.24.08-150x150.jpeg",150,150,true],"medium":["https:\/\/blogopara.com.br\/wp-content\/uploads\/2021\/10\/WhatsApp-Image-2021-10-22-at-15.24.08-300x300.jpeg",300,300,true],"medium_large":["https:\/\/blogopara.com.br\/wp-content\/uploads\/2021\/10\/WhatsApp-Image-2021-10-22-at-15.24.08.jpeg",500,500,false],"large":["https:\/\/blogopara.com.br\/wp-content\/uploads\/2021\/10\/WhatsApp-Image-2021-10-22-at-15.24.08.jpeg",500,500,false],"1536x1536":["https:\/\/blogopara.com.br\/wp-content\/uploads\/2021\/10\/WhatsApp-Image-2021-10-22-at-15.24.08.jpeg",500,500,false],"2048x2048":["https:\/\/blogopara.com.br\/wp-content\/uploads\/2021\/10\/WhatsApp-Image-2021-10-22-at-15.24.08.jpeg",500,500,false],"mantranews-slider-large":["https:\/\/blogopara.com.br\/wp-content\/uploads\/2021\/10\/WhatsApp-Image-2021-10-22-at-15.24.08.jpeg",500,500,false],"mantranews-featured-medium":["https:\/\/blogopara.com.br\/wp-content\/uploads\/2021\/10\/WhatsApp-Image-2021-10-22-at-15.24.08-420x307.jpeg",420,307,true],"mantranews-featured-long":["https:\/\/blogopara.com.br\/wp-content\/uploads\/2021\/10\/WhatsApp-Image-2021-10-22-at-15.24.08-300x443.jpeg",300,443,true],"mantranews-block-medium":["https:\/\/blogopara.com.br\/wp-content\/uploads\/2021\/10\/WhatsApp-Image-2021-10-22-at-15.24.08-464x290.jpeg",464,290,true],"mantranews-carousel-image":["https:\/\/blogopara.com.br\/wp-content\/uploads\/2021\/10\/WhatsApp-Image-2021-10-22-at-15.24.08.jpeg",500,500,false],"mantranews-block-thumb":["https:\/\/blogopara.com.br\/wp-content\/uploads\/2021\/10\/WhatsApp-Image-2021-10-22-at-15.24.08-322x230.jpeg",322,230,true],"mantranews-single-large":["https:\/\/blogopara.com.br\/wp-content\/uploads\/2021\/10\/WhatsApp-Image-2021-10-22-at-15.24.08.jpeg",500,500,false]},"uagb_author_info":{"display_name":"Reda\u00e7\u00e3o geral","author_link":"https:\/\/blogopara.com.br\/index.php\/author\/blogopara"},"uagb_comment_info":0,"uagb_excerpt":"Com a participa\u00e7\u00e3o confirmada de mais de 12 artistas, entre nomes nacionais e talentos nordestinos, come\u00e7a nesta ter\u00e7a-feira (26) e vai at\u00e9 o dia 29, o I Festival de Cantoria e Cantadores. Transmitido pelo canal do Youtube da Sincronia Filmes, a partir das 19h30, o encontro online vai promover tamb\u00e9m uma s\u00e9rie de bate-papos musicados&hellip;","jetpack_sharing_enabled":true,"jetpack_likes_enabled":true,"_links":{"self":[{"href":"https:\/\/blogopara.com.br\/index.php\/wp-json\/wp\/v2\/posts\/29493","targetHints":{"allow":["GET"]}}],"collection":[{"href":"https:\/\/blogopara.com.br\/index.php\/wp-json\/wp\/v2\/posts"}],"about":[{"href":"https:\/\/blogopara.com.br\/index.php\/wp-json\/wp\/v2\/types\/post"}],"author":[{"embeddable":true,"href":"https:\/\/blogopara.com.br\/index.php\/wp-json\/wp\/v2\/users\/1"}],"replies":[{"embeddable":true,"href":"https:\/\/blogopara.com.br\/index.php\/wp-json\/wp\/v2\/comments?post=29493"}],"version-history":[{"count":1,"href":"https:\/\/blogopara.com.br\/index.php\/wp-json\/wp\/v2\/posts\/29493\/revisions"}],"predecessor-version":[{"id":29495,"href":"https:\/\/blogopara.com.br\/index.php\/wp-json\/wp\/v2\/posts\/29493\/revisions\/29495"}],"wp:featuredmedia":[{"embeddable":true,"href":"https:\/\/blogopara.com.br\/index.php\/wp-json\/wp\/v2\/media\/29494"}],"wp:attachment":[{"href":"https:\/\/blogopara.com.br\/index.php\/wp-json\/wp\/v2\/media?parent=29493"}],"wp:term":[{"taxonomy":"category","embeddable":true,"href":"https:\/\/blogopara.com.br\/index.php\/wp-json\/wp\/v2\/categories?post=29493"},{"taxonomy":"post_tag","embeddable":true,"href":"https:\/\/blogopara.com.br\/index.php\/wp-json\/wp\/v2\/tags?post=29493"}],"curies":[{"name":"wp","href":"https:\/\/api.w.org\/{rel}","templated":true}]}}