{"id":29500,"date":"2021-10-23T08:41:00","date_gmt":"2021-10-23T11:41:00","guid":{"rendered":"https:\/\/blogopara.com.br\/?p=29500"},"modified":"2021-10-22T19:49:14","modified_gmt":"2021-10-22T22:49:14","slug":"abertas-inscricoes-para-semana-de-fisica-2021-do-campus-petrolina-do-ifsertaope","status":"publish","type":"post","link":"https:\/\/blogopara.com.br\/index.php\/2021\/10\/23\/abertas-inscricoes-para-semana-de-fisica-2021-do-campus-petrolina-do-ifsertaope","title":{"rendered":"Abertas inscri\u00e7\u00f5es para Semana de F\u00edsica 2021 do campus Petrolina do IFSert\u00e3oPE"},"content":{"rendered":"<div class=\"mc-column content-text active-extra-styles \" data-block-type=\"unstyled\" data-block-weight=\"34\" data-block-id=\"2\">\n<p class=\"content-text__container \" style=\"text-align: justify;\" data-track-category=\"Link no Texto\" data-track-links=\"\">Com o objetivo de fomentar a divulga\u00e7\u00e3o cient\u00edfica, ser\u00e1 realizada entre os dias 03 e 05 de novembro, a Semana de F\u00edsica 2021 do campus Petrolina do Instituto Federal do Sert\u00e3o Pernambucano (IFSert\u00e3oPE).<\/p>\n<\/div>\n<div class=\"wall protected-content\">\n<div class=\"mc-column content-text active-extra-styles \" style=\"text-align: justify;\" data-block-type=\"unstyled\" data-block-weight=\"43\" data-block-id=\"3\">\n<p class=\"content-text__container \" data-track-category=\"Link no Texto\" data-track-links=\"\">A programa\u00e7\u00e3o conta com mesas-redonda e palestras que abordar\u00e3o temas como: \u2018Origens da F\u00edsica Estat\u00edstica &#8211; Probabilidades e modelos f\u00edsicos\u2019, \u2018A f\u00edsica dos dispositivos bioinspirados\u2019, \u2018Spintr\u00f4nica: uma revolu\u00e7\u00e3o no armazenamento e processamento dados\u2019, \u2018Lua: o que sabemos sobre nosso sat\u00e9lite natural\u2019, entre outros.<\/p>\n<\/div>\n<div class=\"mc-column content-text active-extra-styles \" style=\"text-align: justify;\" data-block-type=\"unstyled\" data-block-weight=\"37\" data-block-id=\"4\">\n<p class=\"content-text__container \" data-track-category=\"Link no Texto\" data-track-links=\"\">O evento que celebra os 15 anos do curso de Licenciatura em F\u00edsica ser\u00e1 online e aberto \u00e0 comunidade. Os interessados podem se inscrever atrav\u00e9s do\u00a0<a href=\"https:\/\/ifeventos.ifsertao-pe.edu.br\/event\/517\" target=\"_blank\" rel=\"noopener\">site<\/a>. Outras informa\u00e7\u00f5es podem ser obtidas na\u00a0<a href=\"https:\/\/www.instagram.com\/semanafisica_ifsertaope\/\" target=\"_blank\" rel=\"noopener\">rede social do evento<\/a>.<\/p>\n<\/div>\n<\/div>\n<div><\/div>\n<div class=\"block-podcast\" style=\"text-align: justify;\">Por g1 Petrolina<\/div>\n","protected":false},"excerpt":{"rendered":"<p>Com o objetivo de fomentar a divulga\u00e7\u00e3o cient\u00edfica, ser\u00e1 realizada entre os dias 03 e 05 de novembro, a Semana de F\u00edsica 2021 do campus Petrolina do Instituto Federal do Sert\u00e3o Pernambucano (IFSert\u00e3oPE). A programa\u00e7\u00e3o conta com mesas-redonda e palestras que abordar\u00e3o temas como: \u2018Origens da F\u00edsica Estat\u00edstica &#8211; Probabilidades e modelos f\u00edsicos\u2019, \u2018A f\u00edsica [&hellip;]<\/p>\n","protected":false},"author":1,"featured_media":29501,"comment_status":"closed","ping_status":"open","sticky":false,"template":"","format":"standard","meta":{"_uag_custom_page_level_css":"","_monsterinsights_skip_tracking":false,"_monsterinsights_sitenote_active":false,"_monsterinsights_sitenote_note":"","_monsterinsights_sitenote_category":0,"jetpack_post_was_ever_published":false,"_jetpack_newsletter_access":"","_jetpack_dont_email_post_to_subs":false,"_jetpack_newsletter_tier_id":0,"_jetpack_memberships_contains_paywalled_content":false,"_jetpack_memberships_contains_paid_content":false,"footnotes":"","jetpack_publicize_message":"","jetpack_publicize_feature_enabled":true,"jetpack_social_post_already_shared":true,"jetpack_social_options":{"image_generator_settings":{"template":"highway","default_image_id":0,"font":"","enabled":false},"version":2}},"categories":[851],"tags":[5079,5809,5810,5808],"class_list":["post-29500","post","type-post","status-publish","format-standard","has-post-thumbnail","hentry","category-petrolina","tag-abertas-inscricoes","tag-campus-petrolina","tag-ifsertao-pe","tag-semana-de-fisica-2021"],"jetpack_publicize_connections":[],"jetpack_featured_media_url":"https:\/\/blogopara.com.br\/wp-content\/uploads\/2021\/10\/if_sertao-pe_campus_petrolina_cortada.jpg","uagb_featured_image_src":{"full":["https:\/\/blogopara.com.br\/wp-content\/uploads\/2021\/10\/if_sertao-pe_campus_petrolina_cortada.jpg",500,313,false],"thumbnail":["https:\/\/blogopara.com.br\/wp-content\/uploads\/2021\/10\/if_sertao-pe_campus_petrolina_cortada-150x150.jpg",150,150,true],"medium":["https:\/\/blogopara.com.br\/wp-content\/uploads\/2021\/10\/if_sertao-pe_campus_petrolina_cortada-300x188.jpg",300,188,true],"medium_large":["https:\/\/blogopara.com.br\/wp-content\/uploads\/2021\/10\/if_sertao-pe_campus_petrolina_cortada.jpg",500,313,false],"large":["https:\/\/blogopara.com.br\/wp-content\/uploads\/2021\/10\/if_sertao-pe_campus_petrolina_cortada.jpg",500,313,false],"1536x1536":["https:\/\/blogopara.com.br\/wp-content\/uploads\/2021\/10\/if_sertao-pe_campus_petrolina_cortada.jpg",500,313,false],"2048x2048":["https:\/\/blogopara.com.br\/wp-content\/uploads\/2021\/10\/if_sertao-pe_campus_petrolina_cortada.jpg",500,313,false],"mantranews-slider-large":["https:\/\/blogopara.com.br\/wp-content\/uploads\/2021\/10\/if_sertao-pe_campus_petrolina_cortada.jpg",500,313,false],"mantranews-featured-medium":["https:\/\/blogopara.com.br\/wp-content\/uploads\/2021\/10\/if_sertao-pe_campus_petrolina_cortada-420x307.jpg",420,307,true],"mantranews-featured-long":["https:\/\/blogopara.com.br\/wp-content\/uploads\/2021\/10\/if_sertao-pe_campus_petrolina_cortada-300x313.jpg",300,313,true],"mantranews-block-medium":["https:\/\/blogopara.com.br\/wp-content\/uploads\/2021\/10\/if_sertao-pe_campus_petrolina_cortada-464x290.jpg",464,290,true],"mantranews-carousel-image":["https:\/\/blogopara.com.br\/wp-content\/uploads\/2021\/10\/if_sertao-pe_campus_petrolina_cortada.jpg",500,313,false],"mantranews-block-thumb":["https:\/\/blogopara.com.br\/wp-content\/uploads\/2021\/10\/if_sertao-pe_campus_petrolina_cortada-322x230.jpg",322,230,true],"mantranews-single-large":["https:\/\/blogopara.com.br\/wp-content\/uploads\/2021\/10\/if_sertao-pe_campus_petrolina_cortada.jpg",500,313,false]},"uagb_author_info":{"display_name":"Reda\u00e7\u00e3o geral","author_link":"https:\/\/blogopara.com.br\/index.php\/author\/blogopara"},"uagb_comment_info":0,"uagb_excerpt":"Com o objetivo de fomentar a divulga\u00e7\u00e3o cient\u00edfica, ser\u00e1 realizada entre os dias 03 e 05 de novembro, a Semana de F\u00edsica 2021 do campus Petrolina do Instituto Federal do Sert\u00e3o Pernambucano (IFSert\u00e3oPE). A programa\u00e7\u00e3o conta com mesas-redonda e palestras que abordar\u00e3o temas como: \u2018Origens da F\u00edsica Estat\u00edstica &#8211; Probabilidades e modelos f\u00edsicos\u2019, \u2018A f\u00edsica&hellip;","jetpack_sharing_enabled":true,"jetpack_likes_enabled":true,"_links":{"self":[{"href":"https:\/\/blogopara.com.br\/index.php\/wp-json\/wp\/v2\/posts\/29500","targetHints":{"allow":["GET"]}}],"collection":[{"href":"https:\/\/blogopara.com.br\/index.php\/wp-json\/wp\/v2\/posts"}],"about":[{"href":"https:\/\/blogopara.com.br\/index.php\/wp-json\/wp\/v2\/types\/post"}],"author":[{"embeddable":true,"href":"https:\/\/blogopara.com.br\/index.php\/wp-json\/wp\/v2\/users\/1"}],"replies":[{"embeddable":true,"href":"https:\/\/blogopara.com.br\/index.php\/wp-json\/wp\/v2\/comments?post=29500"}],"version-history":[{"count":1,"href":"https:\/\/blogopara.com.br\/index.php\/wp-json\/wp\/v2\/posts\/29500\/revisions"}],"predecessor-version":[{"id":29502,"href":"https:\/\/blogopara.com.br\/index.php\/wp-json\/wp\/v2\/posts\/29500\/revisions\/29502"}],"wp:featuredmedia":[{"embeddable":true,"href":"https:\/\/blogopara.com.br\/index.php\/wp-json\/wp\/v2\/media\/29501"}],"wp:attachment":[{"href":"https:\/\/blogopara.com.br\/index.php\/wp-json\/wp\/v2\/media?parent=29500"}],"wp:term":[{"taxonomy":"category","embeddable":true,"href":"https:\/\/blogopara.com.br\/index.php\/wp-json\/wp\/v2\/categories?post=29500"},{"taxonomy":"post_tag","embeddable":true,"href":"https:\/\/blogopara.com.br\/index.php\/wp-json\/wp\/v2\/tags?post=29500"}],"curies":[{"name":"wp","href":"https:\/\/api.w.org\/{rel}","templated":true}]}}