{"id":29616,"date":"2021-10-26T17:07:00","date_gmt":"2021-10-26T20:07:00","guid":{"rendered":"https:\/\/blogopara.com.br\/?p=29616"},"modified":"2021-10-26T13:12:41","modified_gmt":"2021-10-26T16:12:41","slug":"iel-pe-promove-o-curso-comunicacao-empresarial-e-oratoria-em-novembro","status":"publish","type":"post","link":"https:\/\/blogopara.com.br\/index.php\/2021\/10\/26\/iel-pe-promove-o-curso-comunicacao-empresarial-e-oratoria-em-novembro","title":{"rendered":"IEL-PE promove o curso \u201cComunica\u00e7\u00e3o Empresarial e Orat\u00f3ria\u201d em novembro"},"content":{"rendered":"<p style=\"text-align: justify;\">Conversar, negociar, defender ideias, vender produtos. Seja qual for a ocasi\u00e3o, comunicar-se bem tem se mostrado cada vez mais necess\u00e1rio. Tendo em vista a import\u00e2ncia da comunica\u00e7\u00e3o no ambiente corporativo, a Escola de Neg\u00f3cios do Instituto Euvaldo Lodi de Pernambuco (IEL \u2013 PE) ir\u00e1 promover, entre os dias 19 e 20 de novembro, o curso \u201cComunica\u00e7\u00e3o Empresarial e Orat\u00f3ria\u201d. Com carga hor\u00e1ria total de 12h, a capacita\u00e7\u00e3o ser\u00e1 presencial e ir\u00e1 ensinar como funcionam as estrat\u00e9gias para viabilizar o aperfei\u00e7oamento da capacidade de comunica\u00e7\u00e3o.<\/p>\n<p style=\"text-align: justify;\">De acordo com a gestora do Sistema FIEPE no Sert\u00e3o do S\u00e3o Francisco, Anniely Trindade, poder\u00e3o participar empres\u00e1rios, diretores, gestores e demais profissionais que buscam aprimorar a habilidade de comunica\u00e7\u00e3o e orat\u00f3ria, al\u00e9m de estudantes que tenham interesse na tem\u00e1tica. \u201cDe forma clara e muito din\u00e2mica, o curso vai oferecer uma s\u00e9rie de conte\u00fados visando aprimorar o entendimento e a compreens\u00e3o sobre os fundamentos e a import\u00e2ncia da comunica\u00e7\u00e3o nas rela\u00e7\u00f5es humanas\u201d, ressaltou.<\/p>\n<p style=\"text-align: justify;\">A gestora enfatizou ainda que os participantes tamb\u00e9m v\u00e3o se aprofundar em tem\u00e1ticas como vocabul\u00e1rio adequado, controle emocional, t\u00e9cnicas para inibir o medo e o nervosismo, al\u00e9m de oferecer uma aprendizagem de autoconhecimento. As aulas ocorrer\u00e3o na sexta-feira, das 18h \u00e0s 22h, e no s\u00e1bado, das 8h \u00e0s 12h e 13h \u00e0s 17h. Outras informa\u00e7\u00f5es podem ser obtidas pelo WhatsApp (81) 999164-9752, pelo telefone 0800 600 9606 ou atrav\u00e9s do e-mail: comercialiel@sistemafiepe.org.br.<\/p>\n<p style=\"text-align: justify;\">Clas Comunica\u00e7\u00e3o e Marketing<\/p>\n","protected":false},"excerpt":{"rendered":"<p>Conversar, negociar, defender ideias, vender produtos. Seja qual for a ocasi\u00e3o, comunicar-se bem tem se mostrado cada vez mais necess\u00e1rio. Tendo em vista a import\u00e2ncia da comunica\u00e7\u00e3o no ambiente corporativo, a Escola de Neg\u00f3cios do Instituto Euvaldo Lodi de Pernambuco (IEL \u2013 PE) ir\u00e1 promover, entre os dias 19 e 20 de novembro, o curso [&hellip;]<\/p>\n","protected":false},"author":1,"featured_media":29617,"comment_status":"closed","ping_status":"open","sticky":false,"template":"","format":"standard","meta":{"_uag_custom_page_level_css":"","_monsterinsights_skip_tracking":false,"_monsterinsights_sitenote_active":false,"_monsterinsights_sitenote_note":"","_monsterinsights_sitenote_category":0,"jetpack_post_was_ever_published":false,"_jetpack_newsletter_access":"","_jetpack_dont_email_post_to_subs":false,"_jetpack_newsletter_tier_id":0,"_jetpack_memberships_contains_paywalled_content":false,"_jetpack_memberships_contains_paid_content":false,"footnotes":"","jetpack_publicize_message":"","jetpack_publicize_feature_enabled":true,"jetpack_social_post_already_shared":true,"jetpack_social_options":{"image_generator_settings":{"template":"highway","default_image_id":0,"font":"","enabled":false},"version":2}},"categories":[1507],"tags":[5866,2628,5865,4391],"class_list":["post-29616","post","type-post","status-publish","format-standard","has-post-thumbnail","hentry","category-pernambuco","tag-comunicacao-empresarial-e-oratoria","tag-curso","tag-iel_pe","tag-promove"],"jetpack_publicize_connections":[],"jetpack_featured_media_url":"https:\/\/blogopara.com.br\/wp-content\/uploads\/2021\/10\/WhatsApp-Image-2021-10-26-at-10.52.17.jpeg","uagb_featured_image_src":{"full":["https:\/\/blogopara.com.br\/wp-content\/uploads\/2021\/10\/WhatsApp-Image-2021-10-26-at-10.52.17.jpeg",500,500,false],"thumbnail":["https:\/\/blogopara.com.br\/wp-content\/uploads\/2021\/10\/WhatsApp-Image-2021-10-26-at-10.52.17-150x150.jpeg",150,150,true],"medium":["https:\/\/blogopara.com.br\/wp-content\/uploads\/2021\/10\/WhatsApp-Image-2021-10-26-at-10.52.17-300x300.jpeg",300,300,true],"medium_large":["https:\/\/blogopara.com.br\/wp-content\/uploads\/2021\/10\/WhatsApp-Image-2021-10-26-at-10.52.17.jpeg",500,500,false],"large":["https:\/\/blogopara.com.br\/wp-content\/uploads\/2021\/10\/WhatsApp-Image-2021-10-26-at-10.52.17.jpeg",500,500,false],"1536x1536":["https:\/\/blogopara.com.br\/wp-content\/uploads\/2021\/10\/WhatsApp-Image-2021-10-26-at-10.52.17.jpeg",500,500,false],"2048x2048":["https:\/\/blogopara.com.br\/wp-content\/uploads\/2021\/10\/WhatsApp-Image-2021-10-26-at-10.52.17.jpeg",500,500,false],"mantranews-slider-large":["https:\/\/blogopara.com.br\/wp-content\/uploads\/2021\/10\/WhatsApp-Image-2021-10-26-at-10.52.17.jpeg",500,500,false],"mantranews-featured-medium":["https:\/\/blogopara.com.br\/wp-content\/uploads\/2021\/10\/WhatsApp-Image-2021-10-26-at-10.52.17-420x307.jpeg",420,307,true],"mantranews-featured-long":["https:\/\/blogopara.com.br\/wp-content\/uploads\/2021\/10\/WhatsApp-Image-2021-10-26-at-10.52.17-300x443.jpeg",300,443,true],"mantranews-block-medium":["https:\/\/blogopara.com.br\/wp-content\/uploads\/2021\/10\/WhatsApp-Image-2021-10-26-at-10.52.17-464x290.jpeg",464,290,true],"mantranews-carousel-image":["https:\/\/blogopara.com.br\/wp-content\/uploads\/2021\/10\/WhatsApp-Image-2021-10-26-at-10.52.17.jpeg",500,500,false],"mantranews-block-thumb":["https:\/\/blogopara.com.br\/wp-content\/uploads\/2021\/10\/WhatsApp-Image-2021-10-26-at-10.52.17-322x230.jpeg",322,230,true],"mantranews-single-large":["https:\/\/blogopara.com.br\/wp-content\/uploads\/2021\/10\/WhatsApp-Image-2021-10-26-at-10.52.17.jpeg",500,500,false]},"uagb_author_info":{"display_name":"Reda\u00e7\u00e3o geral","author_link":"https:\/\/blogopara.com.br\/index.php\/author\/blogopara"},"uagb_comment_info":0,"uagb_excerpt":"Conversar, negociar, defender ideias, vender produtos. Seja qual for a ocasi\u00e3o, comunicar-se bem tem se mostrado cada vez mais necess\u00e1rio. Tendo em vista a import\u00e2ncia da comunica\u00e7\u00e3o no ambiente corporativo, a Escola de Neg\u00f3cios do Instituto Euvaldo Lodi de Pernambuco (IEL \u2013 PE) ir\u00e1 promover, entre os dias 19 e 20 de novembro, o curso&hellip;","jetpack_sharing_enabled":true,"jetpack_likes_enabled":true,"_links":{"self":[{"href":"https:\/\/blogopara.com.br\/index.php\/wp-json\/wp\/v2\/posts\/29616","targetHints":{"allow":["GET"]}}],"collection":[{"href":"https:\/\/blogopara.com.br\/index.php\/wp-json\/wp\/v2\/posts"}],"about":[{"href":"https:\/\/blogopara.com.br\/index.php\/wp-json\/wp\/v2\/types\/post"}],"author":[{"embeddable":true,"href":"https:\/\/blogopara.com.br\/index.php\/wp-json\/wp\/v2\/users\/1"}],"replies":[{"embeddable":true,"href":"https:\/\/blogopara.com.br\/index.php\/wp-json\/wp\/v2\/comments?post=29616"}],"version-history":[{"count":1,"href":"https:\/\/blogopara.com.br\/index.php\/wp-json\/wp\/v2\/posts\/29616\/revisions"}],"predecessor-version":[{"id":29618,"href":"https:\/\/blogopara.com.br\/index.php\/wp-json\/wp\/v2\/posts\/29616\/revisions\/29618"}],"wp:featuredmedia":[{"embeddable":true,"href":"https:\/\/blogopara.com.br\/index.php\/wp-json\/wp\/v2\/media\/29617"}],"wp:attachment":[{"href":"https:\/\/blogopara.com.br\/index.php\/wp-json\/wp\/v2\/media?parent=29616"}],"wp:term":[{"taxonomy":"category","embeddable":true,"href":"https:\/\/blogopara.com.br\/index.php\/wp-json\/wp\/v2\/categories?post=29616"},{"taxonomy":"post_tag","embeddable":true,"href":"https:\/\/blogopara.com.br\/index.php\/wp-json\/wp\/v2\/tags?post=29616"}],"curies":[{"name":"wp","href":"https:\/\/api.w.org\/{rel}","templated":true}]}}