{"id":2970,"date":"2019-09-07T08:26:38","date_gmt":"2019-09-07T11:26:38","guid":{"rendered":"http:\/\/blogopara.com.br\/?p=2970"},"modified":"2019-09-07T08:41:46","modified_gmt":"2019-09-07T11:41:46","slug":"7-setembro-sera-marcado-com-a-exposicao-da-muricoca-gigante-no-circuito-do-desfile","status":"publish","type":"post","link":"https:\/\/blogopara.com.br\/index.php\/2019\/09\/07\/7-setembro-sera-marcado-com-a-exposicao-da-muricoca-gigante-no-circuito-do-desfile","title":{"rendered":"7 setembro ser\u00e1 marcado com a exposi\u00e7\u00e3o da Muri\u00e7oca gigante no circuito do desfile"},"content":{"rendered":"<p style=\"text-align: justify;\">A muri\u00e7oca, a nossa inesper\u00e1vel e indesej\u00e1vel amiga de tantos anos, ser\u00e1 a grande atra\u00e7\u00e3o do desfile de 7 setembro de 2019. O monumento estar\u00e1 exposto pr\u00f3ximo a pra\u00e7a onde ficava o vaporzinho na orla da cidade. Logo ap\u00f3s o desfile oficial, ter\u00e1 uma carreata pelas ruas da cidade.<\/p>\n","protected":false},"excerpt":{"rendered":"<p>A muri\u00e7oca, a nossa inesper\u00e1vel e indesej\u00e1vel amiga de tantos anos, ser\u00e1 a grande atra\u00e7\u00e3o do desfile de 7 setembro de 2019. O monumento estar\u00e1 exposto pr\u00f3ximo a pra\u00e7a onde ficava o vaporzinho na orla da cidade.<\/p>\n","protected":false},"author":1,"featured_media":2971,"comment_status":"open","ping_status":"open","sticky":false,"template":"","format":"standard","meta":{"_uag_custom_page_level_css":"","_monsterinsights_skip_tracking":false,"_monsterinsights_sitenote_active":false,"_monsterinsights_sitenote_note":"","_monsterinsights_sitenote_category":0,"jetpack_post_was_ever_published":false,"_jetpack_newsletter_access":"","_jetpack_dont_email_post_to_subs":false,"_jetpack_newsletter_tier_id":0,"_jetpack_memberships_contains_paywalled_content":false,"_jetpack_memberships_contains_paid_content":false,"footnotes":"","jetpack_publicize_message":"","jetpack_publicize_feature_enabled":true,"jetpack_social_post_already_shared":true,"jetpack_social_options":{"image_generator_settings":{"template":"highway","default_image_id":0,"font":"","enabled":false},"version":2}},"categories":[203],"tags":[143,728,15],"class_list":["post-2970","post","type-post","status-publish","format-standard","has-post-thumbnail","hentry","category-juazeiro","tag-juazeiro-da-bahia","tag-muricoca","tag-paulo-bomfim"],"jetpack_publicize_connections":[],"jetpack_featured_media_url":"https:\/\/blogopara.com.br\/wp-content\/uploads\/2019\/09\/8083ddc2-d619-4c13-a4f3-bc38fc2d7e66.jpg","uagb_featured_image_src":{"full":["https:\/\/blogopara.com.br\/wp-content\/uploads\/2019\/09\/8083ddc2-d619-4c13-a4f3-bc38fc2d7e66.jpg",720,1280,false],"thumbnail":["https:\/\/blogopara.com.br\/wp-content\/uploads\/2019\/09\/8083ddc2-d619-4c13-a4f3-bc38fc2d7e66-150x150.jpg",150,150,true],"medium":["https:\/\/blogopara.com.br\/wp-content\/uploads\/2019\/09\/8083ddc2-d619-4c13-a4f3-bc38fc2d7e66-169x300.jpg",169,300,true],"medium_large":["https:\/\/blogopara.com.br\/wp-content\/uploads\/2019\/09\/8083ddc2-d619-4c13-a4f3-bc38fc2d7e66.jpg",640,1138,false],"large":["https:\/\/blogopara.com.br\/wp-content\/uploads\/2019\/09\/8083ddc2-d619-4c13-a4f3-bc38fc2d7e66-576x1024.jpg",576,1024,true],"1536x1536":["https:\/\/blogopara.com.br\/wp-content\/uploads\/2019\/09\/8083ddc2-d619-4c13-a4f3-bc38fc2d7e66.jpg",720,1280,false],"2048x2048":["https:\/\/blogopara.com.br\/wp-content\/uploads\/2019\/09\/8083ddc2-d619-4c13-a4f3-bc38fc2d7e66.jpg",720,1280,false],"mantranews-slider-large":["https:\/\/blogopara.com.br\/wp-content\/uploads\/2019\/09\/8083ddc2-d619-4c13-a4f3-bc38fc2d7e66.jpg",417,741,false],"mantranews-featured-medium":["https:\/\/blogopara.com.br\/wp-content\/uploads\/2019\/09\/8083ddc2-d619-4c13-a4f3-bc38fc2d7e66.jpg",173,307,false],"mantranews-featured-long":["https:\/\/blogopara.com.br\/wp-content\/uploads\/2019\/09\/8083ddc2-d619-4c13-a4f3-bc38fc2d7e66.jpg",249,443,false],"mantranews-block-medium":["https:\/\/blogopara.com.br\/wp-content\/uploads\/2019\/09\/8083ddc2-d619-4c13-a4f3-bc38fc2d7e66.jpg",163,290,false],"mantranews-carousel-image":["https:\/\/blogopara.com.br\/wp-content\/uploads\/2019\/09\/8083ddc2-d619-4c13-a4f3-bc38fc2d7e66.jpg",281,500,false],"mantranews-block-thumb":["https:\/\/blogopara.com.br\/wp-content\/uploads\/2019\/09\/8083ddc2-d619-4c13-a4f3-bc38fc2d7e66.jpg",129,230,false],"mantranews-single-large":["https:\/\/blogopara.com.br\/wp-content\/uploads\/2019\/09\/8083ddc2-d619-4c13-a4f3-bc38fc2d7e66.jpg",361,642,false]},"uagb_author_info":{"display_name":"Reda\u00e7\u00e3o geral","author_link":"https:\/\/blogopara.com.br\/index.php\/author\/blogopara"},"uagb_comment_info":0,"uagb_excerpt":"A muri\u00e7oca, a nossa inesper\u00e1vel e indesej\u00e1vel amiga de tantos anos, ser\u00e1 a grande atra\u00e7\u00e3o do desfile de 7 setembro de 2019. O monumento estar\u00e1 exposto pr\u00f3ximo a pra\u00e7a onde ficava o vaporzinho na orla da cidade.","jetpack_sharing_enabled":true,"jetpack_likes_enabled":true,"_links":{"self":[{"href":"https:\/\/blogopara.com.br\/index.php\/wp-json\/wp\/v2\/posts\/2970","targetHints":{"allow":["GET"]}}],"collection":[{"href":"https:\/\/blogopara.com.br\/index.php\/wp-json\/wp\/v2\/posts"}],"about":[{"href":"https:\/\/blogopara.com.br\/index.php\/wp-json\/wp\/v2\/types\/post"}],"author":[{"embeddable":true,"href":"https:\/\/blogopara.com.br\/index.php\/wp-json\/wp\/v2\/users\/1"}],"replies":[{"embeddable":true,"href":"https:\/\/blogopara.com.br\/index.php\/wp-json\/wp\/v2\/comments?post=2970"}],"version-history":[{"count":3,"href":"https:\/\/blogopara.com.br\/index.php\/wp-json\/wp\/v2\/posts\/2970\/revisions"}],"predecessor-version":[{"id":2974,"href":"https:\/\/blogopara.com.br\/index.php\/wp-json\/wp\/v2\/posts\/2970\/revisions\/2974"}],"wp:featuredmedia":[{"embeddable":true,"href":"https:\/\/blogopara.com.br\/index.php\/wp-json\/wp\/v2\/media\/2971"}],"wp:attachment":[{"href":"https:\/\/blogopara.com.br\/index.php\/wp-json\/wp\/v2\/media?parent=2970"}],"wp:term":[{"taxonomy":"category","embeddable":true,"href":"https:\/\/blogopara.com.br\/index.php\/wp-json\/wp\/v2\/categories?post=2970"},{"taxonomy":"post_tag","embeddable":true,"href":"https:\/\/blogopara.com.br\/index.php\/wp-json\/wp\/v2\/tags?post=2970"}],"curies":[{"name":"wp","href":"https:\/\/api.w.org\/{rel}","templated":true}]}}