{"id":29713,"date":"2021-10-28T19:35:00","date_gmt":"2021-10-28T22:35:00","guid":{"rendered":"https:\/\/blogopara.com.br\/?p=29713"},"modified":"2021-10-28T17:44:17","modified_gmt":"2021-10-28T20:44:17","slug":"pm-e-impedido-de-entrar-armado-em-agencia-do-bb-de-petrolina-instituicao-esclarece","status":"publish","type":"post","link":"https:\/\/blogopara.com.br\/index.php\/2021\/10\/28\/pm-e-impedido-de-entrar-armado-em-agencia-do-bb-de-petrolina-instituicao-esclarece","title":{"rendered":"PM \u00e9 impedido de entrar armado em ag\u00eancia do BB de Petrolina; institui\u00e7\u00e3o esclarece"},"content":{"rendered":"\n\n\n\n\n\n\n\n\n\n<p style=\"text-align: justify;\">Um policial militar do estado do Cear\u00e1 n\u00e3o escondeu seu aborrecimento com um fato ocorrido na ag\u00eancia do Banco do Brasil (BB) na manh\u00e3 de ontem (26). De acordo com o soldado Gildenes Rodrigues, ele estava \u00e0 paisana e precisava ter acesso \u00e0 ag\u00eancia, mas foi impedido de entrar com sua arma.<\/p>\n<p style=\"text-align: justify;\">\u201cFui informado pelo seguran\u00e7a da ag\u00eancia que, caso eu quisesse adentrar na ag\u00eancia, eu teria que deixar minha arma num arm\u00e1rio, totalmente exposto, na entressala da ag\u00eancia. Como estava muito apressado, tive que fazer. Coloquei minha arma l\u00e1, resolvi o mais breve poss\u00edvel meu problema e fui embora\u201d, afirmou.<\/p>\n<p style=\"text-align: justify;\">Inconformado com a situa\u00e7\u00e3o, o PM retornou no come\u00e7o da tarde \u00e0 ag\u00eancia e pediu para falar com a ger\u00eancia, e recebeu a informa\u00e7\u00e3o que nenhum agente de seguran\u00e7a p\u00fablica que n\u00e3o esteja fardado \u2013 ou seja, em servi\u00e7o \u2013 poderia \u2013 poderia entrar armado na ag\u00eancia. \u201cEu questionei qual a base legal da medida, j\u00e1 que meu porte de arma \u00e9 nacional e posso trafegar em todo territ\u00f3rio nacional, para minha seguran\u00e7a. Mas disseram apenas que n\u00e3o tinha uma base legal, era apenas uma norma interna\u201d, afirmou Gildenes.<\/p>\n<p style=\"text-align: justify;\">A reportagem procurou a ger\u00eancia da ag\u00eancia do BB, que justificou que n\u00e3o poderia conceder entrevista sobre o assunto, mas declarou que o caso do PM n\u00e3o foi o \u00fanico. No entanto, o Blog foi informado pela institui\u00e7\u00e3o que essa norma interna n\u00e3o existe mais. A partir de agora, mesmo \u00e0 paisana um policial ou qualquer agente de seguran\u00e7a p\u00fablica poder\u00e1 entrar armado \u00e0 ag\u00eancia, desde que apresente uma documenta\u00e7\u00e3o identificando a institui\u00e7\u00e3o \u00e0 qual pertence.<\/p>\n<p>por: Antonio Carlos Miranda \/\/ 27 de outubro de 2021<\/p>\n<p>\u00a0<\/p>\n<p style=\"text-align: justify;\">\u00a0<\/p>\n\n\n<p><\/p>\n","protected":false},"excerpt":{"rendered":"<p>Um policial militar do estado do Cear\u00e1 n\u00e3o escondeu seu aborrecimento com um fato ocorrido na ag\u00eancia do Banco do Brasil (BB) na manh\u00e3 de ontem (26). De acordo com o soldado Gildenes Rodrigues, ele estava \u00e0 paisana e precisava ter acesso \u00e0 ag\u00eancia, mas foi impedido de entrar com sua arma. \u201cFui informado pelo [&hellip;]<\/p>\n","protected":false},"author":1,"featured_media":29715,"comment_status":"closed","ping_status":"open","sticky":false,"template":"","format":"standard","meta":{"_uag_custom_page_level_css":"","_monsterinsights_skip_tracking":false,"_monsterinsights_sitenote_active":false,"_monsterinsights_sitenote_note":"","_monsterinsights_sitenote_category":0,"jetpack_post_was_ever_published":false,"_jetpack_newsletter_access":"","_jetpack_dont_email_post_to_subs":false,"_jetpack_newsletter_tier_id":0,"_jetpack_memberships_contains_paywalled_content":false,"_jetpack_memberships_contains_paid_content":false,"footnotes":"","jetpack_publicize_message":"","jetpack_publicize_feature_enabled":true,"jetpack_social_post_already_shared":true,"jetpack_social_options":{"image_generator_settings":{"template":"highway","default_image_id":0,"font":"","enabled":false},"version":2}},"categories":[851],"tags":[5916,5915,5917,5914],"class_list":["post-29713","post","type-post","status-publish","format-standard","has-post-thumbnail","hentry","category-petrolina","tag-agencia-bb-de-petrolina","tag-entrar-armado","tag-instituicao-esclarece","tag-pm-impedido"],"jetpack_publicize_connections":[],"jetpack_featured_media_url":"https:\/\/blogopara.com.br\/wp-content\/uploads\/2021\/10\/d1144411-4ce8-4551-bb6c-fe3b14ecf0cc.jpg","uagb_featured_image_src":{"full":["https:\/\/blogopara.com.br\/wp-content\/uploads\/2021\/10\/d1144411-4ce8-4551-bb6c-fe3b14ecf0cc.jpg",500,496,false],"thumbnail":["https:\/\/blogopara.com.br\/wp-content\/uploads\/2021\/10\/d1144411-4ce8-4551-bb6c-fe3b14ecf0cc-150x150.jpg",150,150,true],"medium":["https:\/\/blogopara.com.br\/wp-content\/uploads\/2021\/10\/d1144411-4ce8-4551-bb6c-fe3b14ecf0cc-300x298.jpg",300,298,true],"medium_large":["https:\/\/blogopara.com.br\/wp-content\/uploads\/2021\/10\/d1144411-4ce8-4551-bb6c-fe3b14ecf0cc.jpg",500,496,false],"large":["https:\/\/blogopara.com.br\/wp-content\/uploads\/2021\/10\/d1144411-4ce8-4551-bb6c-fe3b14ecf0cc.jpg",500,496,false],"1536x1536":["https:\/\/blogopara.com.br\/wp-content\/uploads\/2021\/10\/d1144411-4ce8-4551-bb6c-fe3b14ecf0cc.jpg",500,496,false],"2048x2048":["https:\/\/blogopara.com.br\/wp-content\/uploads\/2021\/10\/d1144411-4ce8-4551-bb6c-fe3b14ecf0cc.jpg",500,496,false],"mantranews-slider-large":["https:\/\/blogopara.com.br\/wp-content\/uploads\/2021\/10\/d1144411-4ce8-4551-bb6c-fe3b14ecf0cc.jpg",500,496,false],"mantranews-featured-medium":["https:\/\/blogopara.com.br\/wp-content\/uploads\/2021\/10\/d1144411-4ce8-4551-bb6c-fe3b14ecf0cc-420x307.jpg",420,307,true],"mantranews-featured-long":["https:\/\/blogopara.com.br\/wp-content\/uploads\/2021\/10\/d1144411-4ce8-4551-bb6c-fe3b14ecf0cc-300x443.jpg",300,443,true],"mantranews-block-medium":["https:\/\/blogopara.com.br\/wp-content\/uploads\/2021\/10\/d1144411-4ce8-4551-bb6c-fe3b14ecf0cc-464x290.jpg",464,290,true],"mantranews-carousel-image":["https:\/\/blogopara.com.br\/wp-content\/uploads\/2021\/10\/d1144411-4ce8-4551-bb6c-fe3b14ecf0cc.jpg",500,496,false],"mantranews-block-thumb":["https:\/\/blogopara.com.br\/wp-content\/uploads\/2021\/10\/d1144411-4ce8-4551-bb6c-fe3b14ecf0cc-322x230.jpg",322,230,true],"mantranews-single-large":["https:\/\/blogopara.com.br\/wp-content\/uploads\/2021\/10\/d1144411-4ce8-4551-bb6c-fe3b14ecf0cc.jpg",500,496,false]},"uagb_author_info":{"display_name":"Reda\u00e7\u00e3o geral","author_link":"https:\/\/blogopara.com.br\/index.php\/author\/blogopara"},"uagb_comment_info":0,"uagb_excerpt":"Um policial militar do estado do Cear\u00e1 n\u00e3o escondeu seu aborrecimento com um fato ocorrido na ag\u00eancia do Banco do Brasil (BB) na manh\u00e3 de ontem (26). De acordo com o soldado Gildenes Rodrigues, ele estava \u00e0 paisana e precisava ter acesso \u00e0 ag\u00eancia, mas foi impedido de entrar com sua arma. \u201cFui informado pelo&hellip;","jetpack_sharing_enabled":true,"jetpack_likes_enabled":true,"_links":{"self":[{"href":"https:\/\/blogopara.com.br\/index.php\/wp-json\/wp\/v2\/posts\/29713","targetHints":{"allow":["GET"]}}],"collection":[{"href":"https:\/\/blogopara.com.br\/index.php\/wp-json\/wp\/v2\/posts"}],"about":[{"href":"https:\/\/blogopara.com.br\/index.php\/wp-json\/wp\/v2\/types\/post"}],"author":[{"embeddable":true,"href":"https:\/\/blogopara.com.br\/index.php\/wp-json\/wp\/v2\/users\/1"}],"replies":[{"embeddable":true,"href":"https:\/\/blogopara.com.br\/index.php\/wp-json\/wp\/v2\/comments?post=29713"}],"version-history":[{"count":1,"href":"https:\/\/blogopara.com.br\/index.php\/wp-json\/wp\/v2\/posts\/29713\/revisions"}],"predecessor-version":[{"id":29716,"href":"https:\/\/blogopara.com.br\/index.php\/wp-json\/wp\/v2\/posts\/29713\/revisions\/29716"}],"wp:featuredmedia":[{"embeddable":true,"href":"https:\/\/blogopara.com.br\/index.php\/wp-json\/wp\/v2\/media\/29715"}],"wp:attachment":[{"href":"https:\/\/blogopara.com.br\/index.php\/wp-json\/wp\/v2\/media?parent=29713"}],"wp:term":[{"taxonomy":"category","embeddable":true,"href":"https:\/\/blogopara.com.br\/index.php\/wp-json\/wp\/v2\/categories?post=29713"},{"taxonomy":"post_tag","embeddable":true,"href":"https:\/\/blogopara.com.br\/index.php\/wp-json\/wp\/v2\/tags?post=29713"}],"curies":[{"name":"wp","href":"https:\/\/api.w.org\/{rel}","templated":true}]}}