{"id":29717,"date":"2021-10-29T08:45:00","date_gmt":"2021-10-29T11:45:00","guid":{"rendered":"https:\/\/blogopara.com.br\/?p=29717"},"modified":"2021-10-28T18:40:52","modified_gmt":"2021-10-28T21:40:52","slug":"o-que-e-o-metaverso-apontado-como-o-futuro-do-facebook-por-mark-zuckerberg","status":"publish","type":"post","link":"https:\/\/blogopara.com.br\/index.php\/2021\/10\/29\/o-que-e-o-metaverso-apontado-como-o-futuro-do-facebook-por-mark-zuckerberg","title":{"rendered":"O que \u00e9 o metaverso, apontado como o futuro do Facebook por Mark Zuckerberg"},"content":{"rendered":"<div class=\"mc-column content-text active-extra-styles \" data-block-type=\"unstyled\" data-block-weight=\"46\" data-block-id=\"2\">\n<p class=\"content-text__container \" style=\"text-align: justify;\" data-track-category=\"Link no Texto\" data-track-links=\"\">\u201cAcredito que faremos uma transi\u00e7\u00e3o e as pessoas deixar\u00e3o de nos ver como uma empresa principalmente de m\u00eddia social para uma\u00a0<span class=\"highlight highlighted\">empresa do metaverso<\/span>\u201d. Foi assim que\u00a0<a href=\"https:\/\/g1.globo.com\/tudo-sobre\/mark-zuckerberg\/\">Mark Zuckerberg<\/a>, dono do\u00a0<a href=\"https:\/\/g1.globo.com\/tudo-sobre\/facebook\/\">Facebook<\/a>, desenhou o futuro da sua empresa, que\u00a0<a href=\"https:\/\/g1.globo.com\/tecnologia\/noticia\/2021\/10\/28\/facebook-novo-nome-meta.ghtml\">agora passar\u00e1 a se chamar &#8220;Meta&#8221;<\/a>.<\/p>\n<\/div>\n<div class=\"wall protected-content\">\n<div class=\"mc-column content-text active-extra-styles\" style=\"text-align: justify;\" data-block-type=\"raw\" data-block-weight=\"15\" data-block-id=\"3\">\n<p><span style=\"font-size: revert; color: initial;\">A afirma\u00e7\u00e3o, feita em junho durante uma entrevista para o site especializado em tecnologia \u201cThe Verge\u201d, j\u00e1 come\u00e7ou a ser colocada em pr\u00e1tica. Al\u00e9m da mudan\u00e7a de identidade, a rede social divulgou recentemente um investimento de <\/span><a style=\"font-size: revert;\" href=\"https:\/\/g1.globo.com\/inovacao\/noticia\/2021\/09\/27\/facebook-investira-us-50-milhoes-para-construir-metaverso.ghtml\">US$ 50 milh\u00f5es para construir o tal metaverso<\/a><span style=\"font-size: revert; color: initial;\">.<\/span><\/p>\n<\/div>\n<div class=\"mc-column content-text active-extra-styles\" style=\"text-align: justify;\" data-block-type=\"raw\" data-block-weight=\"5\" data-block-id=\"5\">\n<p class=\"content-text__container\">\u00a0<\/p>\n<div class=\"content-intertitle\">\n<h2>Mas o que \u00e9 isso?<\/h2>\n<\/div>\n<p>\u00a0<\/p>\n<\/div>\n<div class=\"row medium-uncollapsed content-media content-photo\" style=\"text-align: justify;\" data-block-type=\"backstage-photo\" data-block-id=\"6\">\n<div class=\"column medium-22 large-20 medium-centered content-media__container\">\n<div class=\"content-media-container glb-skeleton-box\">\n<figure class=\"content-media-figure\"><\/figure>\n<\/div>\n<p class=\"content-media__description \">Mark Zuckerberg chega para a apresenta\u00e7\u00e3o do Galaxy S7, em Barcelona, enquanto a plateia usa \u00f3culos de realidade virtual\u00a0<\/p>\n<\/div>\n<\/div>\n<div class=\"content-ads content-ads--reveal\" style=\"text-align: justify;\" data-block-type=\"ads\" data-block-id=\"7\">\n<div id=\"banner_materia2\" class=\"tag-manager-publicidade-container mc-has-reveal mc-has-ad-lazyload tag-manager-publicidade-banner_materia2 tag-manager-publicidade-container--carregado tag-manager-publicidade-container--visivel\" data-id=\"banner_materia2\" data-req=\"true\" data-google-query-id=\"CJuYuPn87fMCFboDuQYddvwAmw\" data-cid=\"138368225529\" data-lid=\"5816549899\">\n<div id=\"google_ads_iframe_\/95377733\/tvg_G1\/Tecnologia_3__container__\"><span style=\"font-size: revert; color: initial;\">O termo apareceu pela primeira vez no livro de fic\u00e7\u00e3o cient\u00edfica \u201cSnow Crash\u201d, de 1992, escrito por Neal Stephenson. Por ser um conceito amplo, a forma mais direta de definir o termo talvez seja recorrendo \u00e0 sua origem:<\/span><\/div>\n<\/div>\n<\/div>\n<div class=\"mc-column content-text active-extra-styles\" style=\"text-align: justify;\" data-block-type=\"raw\" data-block-weight=\"46\" data-block-id=\"9\">\n<p class=\"content-text__container\">\u00a0<\/p>\n<blockquote class=\"content-blockquote theme-border-color-primary-before\"><p>\u201cEnt\u00e3o Hiro [o protagonista de \u201cSnow Crash\u201d] na verdade n\u00e3o est\u00e1 ali. Ele est\u00e1 em um\u00a0<span class=\"highlight highlighted\">universo gerado informaticamente que o computador desenha sobre os seus \u00f3culos<\/span>\u00a0e bombeia para dentro de seus fones de ouvido. Na g\u00edria, este lugar imagin\u00e1rio \u00e9 conhecido como o metaverso.\u201d<\/p><\/blockquote>\n<p>\u00a0<\/p>\n<\/div>\n<div class=\"mc-column content-text active-extra-styles \" style=\"text-align: justify;\" data-block-type=\"unstyled\" data-block-weight=\"40\" data-block-id=\"10\">\n<p class=\"content-text__container \" data-track-category=\"Link no Texto\" data-track-links=\"\">A descri\u00e7\u00e3o lembra a tecnologia de realidade virtual (VR, na sigla em ingl\u00eas) \u2013 aquela dos headsets que se colocam na cabe\u00e7a. Mas na vis\u00e3o de Zuckerberg e outros executivos do mercado,\u00a0<span class=\"highlight\">a novidade n\u00e3o se restringe somente a isso.<\/span><\/p>\n<\/div>\n<div class=\"mc-column content-text active-extra-styles \" style=\"text-align: justify;\" data-block-type=\"unstyled\" data-block-weight=\"35\" data-block-id=\"11\">\n<p class=\"content-text__container \" data-track-category=\"Link no Texto\" data-track-links=\"\">Ela deve envolver tamb\u00e9m a realidade aumentada (AR, na sigla em ingl\u00eas), tecnologia que sobrep\u00f5e elementos digitais no mundo real, como os\u00a0<a href=\"https:\/\/g1.globo.com\/pop-arte\/noticia\/2020\/07\/08\/rosto-de-influenciadora-por-que-ex-bbbs-e-celebridades-estao-cada-vez-mais-parecidos.ghtml\">filtros que mudam os rostos das pessoas<\/a> no Instagram ou no TikT<\/p>\n<\/div>\n<div class=\"bs-video-block mc-column  content-media content-video\" style=\"text-align: justify;\" data-block-type=\"backstage-video\" data-block-id=\"12\">\n<div class=\"content-media__container\">\n<div class=\"content-video__bigger-player-description-fixer\">\n<article class=\"content-video\">\n<section class=\"content-video__video-container\">\n<div class=\"content-video__video\">\n<div id=\"wp3-player-2\" class=\"clappr-player\" tabindex=\"9999\" data-player=\"\">\n<div class=\"media-control touch media-control-hide\">\n<div class=\"media-control-panel\">\n<div class=\"media-control-panel__upper\">\n<div class=\"opposites-container\">\n<div class=\"media-control-position__right\"><span style=\"color: initial; font-size: revert;\">Facebook revela novo sinal na California ap\u00f3s mudar o nome para &#8216;Meta&#8217;<\/span><\/div>\n<\/div>\n<\/div>\n<\/div>\n<\/div>\n<\/div>\n<\/div>\n<\/section>\n<\/article>\n<\/div>\n<\/div>\n<\/div>\n<div class=\"mc-column content-text active-extra-styles \" style=\"text-align: justify;\" data-block-type=\"unstyled\" data-block-weight=\"27\" data-block-id=\"13\">\n<p class=\"content-text__container \" data-track-category=\"Link no Texto\" data-track-links=\"\">A inten\u00e7\u00e3o \u00e9 misturar diversos elementos digitais com o mundo f\u00edsico, como no filme \u201cMinority Report\u201d, estrelado por Tom Cruise, que interage com proje\u00e7\u00f5es feitas no ar.<\/p>\n<\/div>\n<div class=\"mc-column content-text active-extra-styles \" style=\"text-align: justify;\" data-block-type=\"unstyled\" data-block-weight=\"20\" data-block-id=\"14\">\n<p class=\"content-text__container \" data-track-category=\"Link no Texto\" data-track-links=\"\">Em um\u00a0<a href=\"https:\/\/g1.globo.com\/tecnologia\/noticia\/2021\/10\/28\/facebook-novo-nome-meta.ghtml\">evento realizado<\/a>\u00a0nesta quinta (28), o Facebook demonstrou como imagina alguns elementos desse universo, como na imagem abaixo:<\/p>\n<\/div>\n<div class=\"content-ads content-ads--reveal\" style=\"text-align: justify;\" data-block-type=\"ads\" data-block-id=\"15\">\n<div id=\"banner_materia__f2690826-4612-4c85-8b5e-ec1ae610155a\" class=\"tag-manager-publicidade-container mc-has-reveal mc-has-ad-lazyload tag-manager-publicidade-banner_materia__f2690826-4612-4c85-8b5e-ec1ae610155a tag-manager-publicidade-container--carregado tag-manager-publicidade-container--visivel\" data-id=\"banner_materia__f2690826-4612-4c85-8b5e-ec1ae610155a\" data-req=\"true\" data-google-query-id=\"CK6P6_n87fMCFbE4uQYdIRUPaw\" data-cid=\"null\" data-lid=\"null\">\n<div id=\"google_ads_iframe_\/95377733\/tvg_G1\/Tecnologia_4__container__\"><span style=\"font-size: revert; color: initial;\">A partir disso, o setor <\/span><span class=\"highlight\" style=\"font-size: revert;\">pensa em criar um espa\u00e7o cibern\u00e9tico em que os avatares poderiam navegar por diferentes universos<\/span><span style=\"font-size: revert; color: initial;\">.<\/span><\/div>\n<\/div>\n<\/div>\n<div class=\"mc-column content-text active-extra-styles\" style=\"text-align: justify;\" data-block-type=\"raw\" data-block-weight=\"22\" data-block-id=\"18\">\n<p class=\"content-text__container\">\u00a0<\/p>\n<blockquote class=\"content-blockquote theme-border-color-primary-before\"><p>\u201cVoc\u00ea pode pensar no metaverso como uma internet materializada, onde em vez de apenas visualizar o conte\u00fado, voc\u00ea est\u00e1 nele\u201d, projetou Zuckerberg.<\/p><\/blockquote>\n<p>\u00a0<\/p>\n<p><span style=\"font-size: revert; color: initial;\">Para o dono do Facebook, as pessoas usariam \u00f3culos para visualizar itens digitais \u201cpor cima\u201d do mundo real e \u201cacessar\u201d o metaverso a qualquer momento. A empresa, inclusive, trabalha em outros acess\u00f3rios para ajudar a controlar e<\/span><\/p>\n<\/div>\n<div class=\"bs-video-block mc-column  content-media content-video\" style=\"text-align: justify;\" data-block-type=\"backstage-video\" data-block-id=\"20\">\n<div class=\"content-media__container\">\n<div class=\"content-video__bigger-player-description-fixer\">\n<article class=\"content-video\">\n<section class=\"content-video__video-container\">\n<div class=\"content-video__video\">\n<div id=\"wp3-player-3\" class=\"clappr-player\" tabindex=\"9999\" data-player=\"\">\n<div class=\"drawer-header drawer-header--hidden\"><span style=\"color: initial; font-size: revert;\">Veja como funciona a pulseira inteligente do Facebook<\/span><\/div>\n<\/div>\n<\/div>\n<\/section>\n<\/article>\n<\/div>\n<\/div>\n<\/div>\n<div class=\"mc-column content-text active-extra-styles \" style=\"text-align: justify;\" data-block-type=\"unstyled\" data-block-weight=\"27\" data-block-id=\"21\">\n<p class=\"content-text__container \" data-track-category=\"Link no Texto\" data-track-links=\"\"><span class=\"highlight highlighted\">\u00c9 dif\u00edcil dizer se um dia essa vis\u00e3o ir\u00e1 se concretizar<\/span>, j\u00e1 que os produtos dispon\u00edveis atualmente n\u00e3o possuem essa capacidade\u00a0<em>(veja outros desafios mais abaixo)<\/em>.<\/p>\n<\/div>\n<div class=\"content-ads content-ads--reveal\" style=\"text-align: justify;\" data-block-type=\"ads\" data-block-id=\"22\">\n<div id=\"banner_materia__60329294-7a55-4d28-b2b2-93c555a8c990\" class=\"tag-manager-publicidade-container mc-has-reveal mc-has-ad-lazyload tag-manager-publicidade-banner_materia__60329294-7a55-4d28-b2b2-93c555a8c990 tag-manager-publicidade-container--carregado tag-manager-publicidade-container--visivel\" data-id=\"banner_materia__60329294-7a55-4d28-b2b2-93c555a8c990\" data-req=\"true\" data-google-query-id=\"COmAvfr87fMCFWQDuQYd3lcEgw\" data-cid=\"null\" data-lid=\"null\">\n<div id=\"google_ads_iframe_\/95377733\/tvg_G1\/Tecnologia_5__container__\"><span style=\"font-size: revert; color: initial;\">Esse n\u00e3o \u00e9 o \u00fanico conceito de metaverso \u2013 h\u00e1 outras empresas interessadas no tema e algumas delas defendem j\u00e1 terem incorporado alguns elementos da novidade.<\/span><\/div>\n<\/div>\n<\/div>\n<div class=\"mc-column content-text active-extra-styles \" style=\"text-align: justify;\" data-block-type=\"unstyled\" data-block-weight=\"36\" data-block-id=\"24\">\n<p class=\"content-text__container \" data-track-category=\"Link no Texto\" data-track-links=\"\">A Epic Games, desenvolvedora do\u00a0<a href=\"https:\/\/g1.globo.com\/pop-arte\/Games\/noticia\/fortnite-battle-royale-vai-ser-lancado-para-smartphones.ghtml\">Fortnite<\/a>, aposta alto no conceito e colocou algumas ideias em pr\u00e1tica: o game j\u00e1 realizou shows virtuais, como o do rapper americano\u00a0<a href=\"https:\/\/g1.globo.com\/pop-arte\/games\/noticia\/2020\/04\/24\/travis-scott-faz-show-em-fortnite-para-14-milhoes-de-fas.ghtml\">Travis Scott que reuniu 12,3 milh\u00f5es de jogadores<\/a>.<\/p>\n<\/div>\n<div class=\"mc-column content-text active-extra-styles \" style=\"text-align: justify;\" data-block-type=\"unstyled\" data-block-weight=\"23\" data-block-id=\"25\">\n<p class=\"content-text__container \" data-track-category=\"Link no Texto\" data-track-links=\"\">Em abril, a empresa levantou\u00a0<span class=\"highlight highlighted\">US$ 1 bilh\u00e3o<\/span>\u00a0em uma rodada de investimentos para financiar &#8220;sua vis\u00e3o de longo prazo para o metaverso&#8221;.<\/p>\n<\/div>\n<div class=\"mc-column content-text active-extra-styles \" style=\"text-align: justify;\" data-block-type=\"unstyled\" data-block-weight=\"27\" data-block-id=\"26\">\n<p class=\"content-text__container \" data-track-category=\"Link no Texto\" data-track-links=\"\">Um dos pilares do metaverso \u00e9 a ideia de reunir as pessoas nesses ambientes virtuais e o entretenimento deve ser o primeiro a explorar as possibilidades.<\/p>\n<\/div>\n<div class=\"mc-column content-text active-extra-styles\" style=\"text-align: justify;\" data-block-type=\"raw\" data-block-weight=\"5\" data-block-id=\"27\">\n<p class=\"content-text__container\">\u00a0<\/p>\n<div class=\"content-intertitle\">\n<h2>Cada um no seu quadrado?<\/h2>\n<\/div>\n<p>\u00a0<\/p>\n<\/div>\n<div class=\"mc-column content-text active-extra-styles \" style=\"text-align: justify;\" data-block-type=\"unstyled\" data-block-weight=\"34\" data-block-id=\"28\">\n<p class=\"content-text__container \" data-track-category=\"Link no Texto\" data-track-links=\"\">Uma das grandes quest\u00f5es do metaverso \u00e9 a interoperabilidade.\u00a0<span class=\"highlight\">Ou seja, o avatar de uma pessoa ser\u00e1 o mesmo quando ela acessar o espa\u00e7o criado pelo Facebook e o espa\u00e7o criado pela Epic Games?<\/span><\/p>\n<\/div>\n<div class=\"mc-column content-text active-extra-styles \" style=\"text-align: justify;\" data-block-type=\"unstyled\" data-block-weight=\"30\" data-block-id=\"29\">\n<p class=\"content-text__container \" data-track-category=\"Link no Texto\" data-track-links=\"\">Os executivos t\u00eam falado que esse \u00e9 o objetivo. No entanto, se o hist\u00f3rico do setor de tecnologia servir como b\u00fassola, n\u00e3o h\u00e1 garantias de que isso v\u00e1 acontecer.<\/p>\n<p class=\"content-text__container \" data-track-category=\"Link no Texto\" data-track-links=\"\"><span style=\"font-size: revert; color: initial;\">O Facebook, por exemplo, n\u00e3o \u00e9 conhecido por ser uma plataforma aberta. Ao longo dos anos, a empresa adquiriu ou tentou adquirir os concorrentes que amea\u00e7aram a sua exist\u00eancia, <\/span><a style=\"font-size: revert;\" href=\"http:\/\/g1.globo.com\/tecnologia\/noticia\/2012\/04\/facebook-anuncia-compra-do-instagram.html\">como ocorreu com o Instagram<\/a><span style=\"font-size: revert; color: initial;\">, em 2012.<\/span><\/p>\n<\/div>\n<div class=\"content-ads content-ads--reveal\" style=\"text-align: justify;\" data-block-type=\"ads\" data-block-id=\"32\">\n<div id=\"banner_materia__c019c0bc-f7cd-49ed-989d-789799fe0705\" class=\"tag-manager-publicidade-container mc-has-reveal mc-has-ad-lazyload tag-manager-publicidade-banner_materia__c019c0bc-f7cd-49ed-989d-789799fe0705 tag-manager-publicidade-container--carregado tag-manager-publicidade-container--visivel\" data-id=\"banner_materia__c019c0bc-f7cd-49ed-989d-789799fe0705\" data-req=\"true\" data-google-query-id=\"CJTTsvr87fMCFY8zuQYdZm4F_g\" data-cid=\"null\" data-lid=\"null\">\n<div id=\"google_ads_iframe_\/95377733\/tvg_G1\/Tecnologia_6__container__\"><span style=\"font-size: revert; color: initial;\">Nessa vis\u00e3o interoper\u00e1vel, outra tecnologia da moda entra em cena: o <\/span><a style=\"font-size: revert;\" href=\"https:\/\/g1.globo.com\/economia\/noticia\/entenda-o-que-e-blockchain-a-tecnologia-por-tras-do-bitcoin.ghtml\">blockchain<\/a><span style=\"font-size: revert; color: initial;\">, que funciona como \u201clivro cont\u00e1bil\u201d digital que computa v\u00e1rios tipos de transa\u00e7\u00f5es e tem registros espalhados por v\u00e1rios computadores.<\/span><\/div>\n<\/div>\n<\/div>\n<div class=\"mc-column content-text active-extra-styles \" style=\"text-align: justify;\" data-block-type=\"unstyled\" data-block-weight=\"36\" data-block-id=\"34\">\n<p class=\"content-text__container \" data-track-category=\"Link no Texto\" data-track-links=\"\">A tecnologia, que\u00a0<a href=\"https:\/\/g1.globo.com\/pop-arte\/noticia\/2021\/03\/16\/nft-como-funciona-o-registro-de-colecoes-digitais-que-ja-valem-milhoes-de-dolares.ghtml\">forma a base dos NFTs<\/a>\u00a0(&#8220;token n\u00e3o fung\u00edveis&#8221;, em tradu\u00e7\u00e3o livre), poderia ser usada para comprovar que uma pessoa \u00e9 dona de determinado item digital atrav\u00e9s de v\u00e1rios cen\u00e1rios diferentes do metaverso.<\/p>\n<\/div>\n<div class=\"mc-column content-text active-extra-styles\" style=\"text-align: justify;\" data-block-type=\"raw\" data-block-weight=\"15\" data-block-id=\"35\">\n<p><span style=\"font-size: revert; color: initial;\">No Fortnite, as pessoas compram itens e skins (que transformam o avatar em um personagem espec\u00edfico) para ganhar status dentro do game. H\u00e1 ainda pessoas que criam os itens digitais para ganhar dinheiro e marcas que decidem utilizar o game como vitrine.<\/span><\/p>\n<\/div>\n<div class=\"row medium-uncollapsed content-media content-photo\" style=\"text-align: justify;\" data-block-type=\"backstage-photo\" data-block-id=\"37\">\n<div class=\"mc-column content-media__container\">\n<p class=\"content-media__description \"><span style=\"font-size: revert; color: initial;\">Essa ideia de exclusividade, luxo e objetos de desejo do mundo f\u00edsico tamb\u00e9m deve se estender ao metaverso.<\/span><\/p>\n<\/div>\n<\/div>\n<div class=\"mc-column content-text active-extra-styles\" style=\"text-align: justify;\" data-block-type=\"raw\" data-block-weight=\"3\" data-block-id=\"39\">\n<p class=\"content-text__container\">\u00a0<\/p>\n<div class=\"content-intertitle\">\n<h2>Quais os problemas?<\/h2>\n<\/div>\n<p>\u00a0<\/p>\n<\/div>\n<div class=\"mc-column content-text active-extra-styles \" style=\"text-align: justify;\" data-block-type=\"unstyled\" data-block-weight=\"6\" data-block-id=\"40\">\n<p class=\"content-text__container \" data-track-category=\"Link no Texto\" data-track-links=\"\">Ainda h\u00e1 muitos entraves tecnol\u00f3gicos:<\/p>\n<\/div>\n<div class=\"mc-column content-text active-extra-styles\" style=\"text-align: justify;\" data-block-type=\"raw\" data-block-weight=\"106\" data-block-id=\"41\">\n<p class=\"content-text__container\">\u00a0<\/p>\n<ul class=\"content-unordered-list\">\n<li>N\u00e3o h\u00e1 dispositivos pequenos e potentes o suficiente que sejam capazes de oferecer a experi\u00eancia imaginada do metaverso;<\/li>\n<li>N\u00e3o se sabe se as pessoas estar\u00e3o realmente dispostas a vestir um acess\u00f3rio para entrar no mundo virtual;<\/li>\n<li>Os headsets de realidade virtual mais avan\u00e7ados custam a partir de US$ 300 (R$ 1.670, na cota\u00e7\u00e3o atual) e ainda n\u00e3o s\u00e3o sucesso de vendas ao redor do mundo \u2013 em muitos pa\u00edses sequer s\u00e3o vendidos;<\/li>\n<li>Os ambientes digitais com centenas ou milhares de pessoas exigir\u00e3o uma conex\u00e3o com a internet melhor, algo que pode avan\u00e7ar com o\u00a0<a href=\"https:\/\/g1.globo.com\/economia\/tecnologia\/noticia\/2021\/03\/12\/guia-do-5g-quando-a-tecnologia-chegara-ao-brasil-veja-perguntas-e-respostas.ghtml\">5G<\/a>, que ainda est\u00e1 em seus primeiros passos ao redor do mundo.<\/li>\n<\/ul>\n<p><span style=\"color: initial; font-size: revert;\">Al\u00e9m desses obst\u00e1culos, <\/span><span class=\"highlight highlighted\" style=\"font-size: revert;\">existem quest\u00f5es em aberto sobre o controle das intera\u00e7\u00f5es nesse ambiente<\/span><span style=\"color: initial; font-size: revert;\">. H\u00e1 anos, as redes sociais enfrentam um problema crescente com a modera\u00e7\u00e3o de conte\u00fado \u2013 e a\u00a0<\/span><a style=\"font-size: revert;\" href=\"https:\/\/g1.globo.com\/economia\/tecnologia\/noticia\/2020\/10\/28\/twitter-e-facebook-defendem-sua-imunidade-na-internet-antes-de-audiencia-no-senado-americano.ghtml\">press\u00e3o por regulamenta\u00e7\u00e3o e responsabiliza\u00e7\u00e3o tem aumentado<\/a><span style=\"color: initial; font-size: revert;\">.<\/span><\/p>\n<\/div>\n<div class=\"mc-column content-text active-extra-styles \" style=\"text-align: justify;\" data-block-type=\"unstyled\" data-block-weight=\"49\" data-block-id=\"44\">\n<p class=\"content-text__container \" data-track-category=\"Link no Texto\" data-track-links=\"\">Uma s\u00e9rie de documentos vazados sugerem que o Facebook\u00a0<a href=\"https:\/\/g1.globo.com\/tecnologia\/noticia\/2021\/10\/23\/documentos-vazados-do-facebook-em-reportagens-da-imprensa-americana.ghtml\">sabia da radicaliza\u00e7\u00e3o de usu\u00e1rios na rede social<\/a>, mas demorou a tomar uma atitude, por exemplo. Em meio \u00e0s not\u00edcias negativas, os investimentos no metaverso podem soar como uma tentativa de desviar os olhares do p\u00fablico para uma novidade.<\/p>\n<\/div>\n<div class=\"mc-column content-text active-extra-styles \" style=\"text-align: justify;\" data-block-type=\"unstyled\" data-block-weight=\"34\" data-block-id=\"45\">\n<p class=\"content-text__container \" data-track-category=\"Link no Texto\" data-track-links=\"\">O Facebook, inclusive, n\u00e3o est\u00e1 nessa jogada \u00e0 toa. Em 2014, a\u00a0<a href=\"http:\/\/g1.globo.com\/tecnologia\/noticia\/2014\/03\/facebook-compra-empresa-de-oculos-de-realidade-virtual-por-us-2-bilhoes.html\">empresa comprou a Oculus,<\/a>\u00a0empresa que fabrica headsets de realidade virtual, por\u00a0<span class=\"highlight highlighted\">US$ 2 bilh\u00f5es<\/span>\u00a0e ainda busca recuperar esse investimento.<\/p>\n<\/div>\n<div class=\"mc-column content-text active-extra-styles \" style=\"text-align: justify;\" data-block-type=\"unstyled\" data-block-weight=\"26\" data-block-id=\"46\">\n<p class=\"content-text__container \" data-track-category=\"Link no Texto\" data-track-links=\"\">Outras preocupa\u00e7\u00f5es com o metaverso incluem a coleta dos dados dos usu\u00e1rios, algo j\u00e1 discutido na era dos smartphones, e com uma poss\u00edvel vigil\u00e2ncia constante.<\/p>\n<\/div>\n<div class=\"mc-column content-text active-extra-styles \" style=\"text-align: justify;\" data-block-type=\"unstyled\" data-block-weight=\"44\" data-block-id=\"47\">\n<p class=\"content-text__container \" data-track-category=\"Link no Texto\" data-track-links=\"\">A desigualdade social tamb\u00e9m pode criar um ambiente elitizado. Os aparelhos ainda s\u00e3o caros e em um recorte para o Brasil, ao menos\u00a0<a href=\"https:\/\/g1.globo.com\/tecnologia\/noticia\/2021\/10\/19\/desconectados-leilao-do-5g-acontecera-com-ao-menos-17percent-dos-domicilios-sem-internet.ghtml\">17% dos domic\u00edlios sem internet no Brasil sequer possuem internet<\/a>\u00a0\u2013 o n\u00famero \u00e9 maior nas regi\u00f5es Norte e Nordeste.<\/p>\n<\/div>\n<div class=\"mc-column content-text active-extra-styles \" style=\"text-align: justify;\" data-block-type=\"unstyled\" data-block-weight=\"37\" data-block-id=\"48\">\n<p class=\"content-text__container \" data-track-category=\"Link no Texto\" data-track-links=\"\">Esses desafios j\u00e1 est\u00e3o postos na internet, e no metaverso podem ganhar uma nova propor\u00e7\u00e3o. Apesar das muitas perguntas sem respostas, a novidade n\u00e3o tem afugentado os investimentos e as apostas das grandes empresas de tecnologia.<\/p>\n<\/div>\n<div class=\"mc-column content-text active-extra-styles\" style=\"text-align: justify;\" data-block-type=\"raw\" data-block-weight=\"4\" data-block-id=\"49\">\n<p class=\"content-text__container\">\u00a0<\/p>\n<div class=\"content-intertitle\">\n<h2>Quem mais est\u00e1 nessa?<\/h2>\n<\/div>\n<p>\u00a0<\/p>\n<\/div>\n<div class=\"mc-column content-text active-extra-styles \" style=\"text-align: justify;\" data-block-type=\"unstyled\" data-block-weight=\"16\" data-block-id=\"50\">\n<p class=\"content-text__container \" data-track-category=\"Link no Texto\" data-track-links=\"\">Al\u00e9m da Epic Games e do Facebook, outras grandes empresas est\u00e3o de olho nessa novidade.<\/p>\n<\/div>\n<div class=\"mc-column content-text active-extra-styles\" style=\"text-align: justify;\" data-block-type=\"raw\" data-block-weight=\"84\" data-block-id=\"51\">\n<p class=\"content-text__container\">\u00a0<\/p>\n<ul class=\"content-unordered-list\">\n<li><strong>Roblox:<\/strong>\u00a0a plataforma que permite a cria\u00e7\u00e3o de joguinhos e ambientes tem falado abertamente sobre sua vis\u00e3o para o metaverso;<\/li>\n<li><strong>Nvidia:<\/strong>\u00a0conhecida por suas placas de v\u00eddeo, a empresa j\u00e1 mencionou o metaverso diversas vezes;<\/li>\n<li><strong>Microsoft:<\/strong>\u00a0a criadora do Windows disse em maio passado ter ferramentas de intelig\u00eancia artificial e realidade mista (que mistura AR com VR) para ajudar empresas a desenvolverem \u201caplicativos do metaverso\u201d;<\/li>\n<li><strong>Snap:\u00a0<\/strong>a empresa respons\u00e1vel pelo Snapchat\u00a0<a href=\"https:\/\/g1.globo.com\/economia\/tecnologia\/inovacao\/noticia\/2021\/05\/21\/snap-apresenta-oculos-que-colocam-elementos-graficos-no-mundo-real.ghtml\">trabalha em \u00f3culos de realidade aumentada<\/a>\u00a0e pode se tornar importante no segmento.<\/li>\n<\/ul>\n<p><em style=\"color: initial; font-size: revert;\">Tradu\u00e7\u00e3o: Aproveitando o potencial da plataforma de realidade aumentada da Snap, a nova gera\u00e7\u00e3o dos Spectacles permite que voc\u00ea sobreponha filtros diretamente no mundo \u00e0 sua frente, para uma experi\u00eancia imersiva.<\/em><\/p>\n<\/div>\n<div class=\"mc-column content-text active-extra-styles \" style=\"text-align: justify;\" data-block-type=\"unstyled\" data-block-weight=\"14\" data-block-id=\"55\">\n<p class=\"content-text__container \" data-track-category=\"Link no Texto\" data-track-links=\"\">H\u00e1 ainda diversas startups tentando surfar nessa onda e atrair investimentos de risco.<\/p>\n<\/div>\n<div class=\"mc-column content-text active-extra-styles \" style=\"text-align: justify;\" data-block-type=\"unstyled\" data-block-weight=\"26\" data-block-id=\"56\">\n<p class=\"content-text__container \" data-track-category=\"Link no Texto\" data-track-links=\"\">Entre as chamadas \u201cbig techs\u201d, algumas empresas ainda n\u00e3o fizeram muito barulho sobre o conceito, mas suas movimenta\u00e7\u00f5es indicam que est\u00e3o de olho na novidade.<\/p>\n<\/div>\n<div class=\"mc-column content-text active-extra-styles \" style=\"text-align: justify;\" data-block-type=\"unstyled\" data-block-weight=\"24\" data-block-id=\"57\">\n<p class=\"content-text__container \" data-track-category=\"Link no Texto\" data-track-links=\"\">O\u00a0<a href=\"https:\/\/g1.globo.com\/tudo-sobre\/google\/\">Google<\/a>, por exemplo, tem aplica\u00e7\u00f5es em\u00a0<a href=\"https:\/\/g1.globo.com\/economia\/tecnologia\/noticia\/2020\/08\/25\/aplicativo-do-google-permite-colocar-animais-pre-historicos-e-itens-da-nasa-dentro-do-seu-ambiente.ghtml\">AR integrados \u00e0 ferramenta de pesquisa<\/a>\u00a0e outros produtos, como o aplicativo\u00a0<a href=\"https:\/\/g1.globo.com\/economia\/tecnologia\/noticia\/2020\/10\/08\/google-libera-filtros-para-fazer-selfies-dentro-de-obras-de-arte-veja-como-usar.ghtml\">Google Arts &amp; Culture<\/a>.<\/p>\n<\/div>\n<div class=\"mc-column content-text active-extra-styles \" style=\"text-align: justify;\" data-block-type=\"unstyled\" data-block-weight=\"22\" data-block-id=\"58\">\n<p class=\"content-text__container \" data-track-category=\"Link no Texto\" data-track-links=\"\">O presidente-executivo da\u00a0<a href=\"https:\/\/g1.globo.com\/tudo-sobre\/apple\/\">Apple<\/a>,\u00a0<a href=\"https:\/\/g1.globo.com\/tudo-sobre\/tim-cook\/\">Tim Cook<\/a>, j\u00e1 elogiou a tecnologia de realidade aumentada diversas vezes, embora nunca tenha mencionado o metaverso.<\/p>\n<\/div>\n<div class=\"mc-column content-text active-extra-styles \" style=\"text-align: justify;\" data-block-type=\"unstyled\" data-block-weight=\"27\" data-block-id=\"59\">\n<p class=\"content-text__container \" data-track-category=\"Link no Texto\" data-track-links=\"\">A chinesa ByteDance, dona do\u00a0<a href=\"https:\/\/g1.globo.com\/tudo-sobre\/tiktok\/\">TikTok<\/a>, se movimentou recementemente no mercado com a compre da fabricante de headsets VR Pico e a desenvolvedora de jogos Reworld.<\/p>\n<\/div>\n<div class=\"mc-column content-text active-extra-styles \" style=\"text-align: justify;\" data-block-type=\"unstyled\" data-block-weight=\"31\" data-block-id=\"60\">\n<p class=\"content-text__container \" data-track-category=\"Link no Texto\" data-track-links=\"\">J\u00e1 a\u00a0<a href=\"https:\/\/g1.globo.com\/tudo-sobre\/amazon\/\">Amazon<\/a>\u00a0tem uma presen\u00e7a muito forte em solu\u00e7\u00f5es de infraestrutura, que ser\u00e3o essenciais para concretizar a ideia de um universo acessado por centenas de milhares de pessoas simultaneamente.<\/p>\n<\/div>\n<\/div>\n<div class=\"block-podcast\" style=\"text-align: justify;\">Por G1<\/div>\n","protected":false},"excerpt":{"rendered":"<p>\u201cAcredito que faremos uma transi\u00e7\u00e3o e as pessoas deixar\u00e3o de nos ver como uma empresa principalmente de m\u00eddia social para uma\u00a0empresa do metaverso\u201d. Foi assim que\u00a0Mark Zuckerberg, dono do\u00a0Facebook, desenhou o futuro da sua empresa, que\u00a0agora passar\u00e1 a se chamar &#8220;Meta&#8221;. A afirma\u00e7\u00e3o, feita em junho durante uma entrevista para o site especializado em tecnologia [&hellip;]<\/p>\n","protected":false},"author":1,"featured_media":29720,"comment_status":"closed","ping_status":"open","sticky":false,"template":"","format":"standard","meta":{"_uag_custom_page_level_css":"","_monsterinsights_skip_tracking":false,"_monsterinsights_sitenote_active":false,"_monsterinsights_sitenote_note":"","_monsterinsights_sitenote_category":0,"jetpack_post_was_ever_published":false,"_jetpack_newsletter_access":"","_jetpack_dont_email_post_to_subs":false,"_jetpack_newsletter_tier_id":0,"_jetpack_memberships_contains_paywalled_content":false,"_jetpack_memberships_contains_paid_content":false,"footnotes":"","jetpack_publicize_message":"","jetpack_publicize_feature_enabled":true,"jetpack_social_post_already_shared":true,"jetpack_social_options":{"image_generator_settings":{"template":"highway","default_image_id":0,"font":"","enabled":false},"version":2}},"categories":[273],"tags":[4386,5920,5921,5919],"class_list":["post-29717","post","type-post","status-publish","format-standard","has-post-thumbnail","hentry","category-mundo","tag-apontado","tag-futuro-do-facebook","tag-mark-zuckerberg","tag-metaverso"],"jetpack_publicize_connections":[],"jetpack_featured_media_url":"https:\/\/blogopara.com.br\/wp-content\/uploads\/2021\/10\/microsoftteams-image-30-.jpg","uagb_featured_image_src":{"full":["https:\/\/blogopara.com.br\/wp-content\/uploads\/2021\/10\/microsoftteams-image-30-.jpg",500,327,false],"thumbnail":["https:\/\/blogopara.com.br\/wp-content\/uploads\/2021\/10\/microsoftteams-image-30--150x150.jpg",150,150,true],"medium":["https:\/\/blogopara.com.br\/wp-content\/uploads\/2021\/10\/microsoftteams-image-30--300x196.jpg",300,196,true],"medium_large":["https:\/\/blogopara.com.br\/wp-content\/uploads\/2021\/10\/microsoftteams-image-30-.jpg",500,327,false],"large":["https:\/\/blogopara.com.br\/wp-content\/uploads\/2021\/10\/microsoftteams-image-30-.jpg",500,327,false],"1536x1536":["https:\/\/blogopara.com.br\/wp-content\/uploads\/2021\/10\/microsoftteams-image-30-.jpg",500,327,false],"2048x2048":["https:\/\/blogopara.com.br\/wp-content\/uploads\/2021\/10\/microsoftteams-image-30-.jpg",500,327,false],"mantranews-slider-large":["https:\/\/blogopara.com.br\/wp-content\/uploads\/2021\/10\/microsoftteams-image-30-.jpg",500,327,false],"mantranews-featured-medium":["https:\/\/blogopara.com.br\/wp-content\/uploads\/2021\/10\/microsoftteams-image-30--420x307.jpg",420,307,true],"mantranews-featured-long":["https:\/\/blogopara.com.br\/wp-content\/uploads\/2021\/10\/microsoftteams-image-30--300x327.jpg",300,327,true],"mantranews-block-medium":["https:\/\/blogopara.com.br\/wp-content\/uploads\/2021\/10\/microsoftteams-image-30--464x290.jpg",464,290,true],"mantranews-carousel-image":["https:\/\/blogopara.com.br\/wp-content\/uploads\/2021\/10\/microsoftteams-image-30-.jpg",500,327,false],"mantranews-block-thumb":["https:\/\/blogopara.com.br\/wp-content\/uploads\/2021\/10\/microsoftteams-image-30--322x230.jpg",322,230,true],"mantranews-single-large":["https:\/\/blogopara.com.br\/wp-content\/uploads\/2021\/10\/microsoftteams-image-30-.jpg",500,327,false]},"uagb_author_info":{"display_name":"Reda\u00e7\u00e3o geral","author_link":"https:\/\/blogopara.com.br\/index.php\/author\/blogopara"},"uagb_comment_info":0,"uagb_excerpt":"\u201cAcredito que faremos uma transi\u00e7\u00e3o e as pessoas deixar\u00e3o de nos ver como uma empresa principalmente de m\u00eddia social para uma\u00a0empresa do metaverso\u201d. Foi assim que\u00a0Mark Zuckerberg, dono do\u00a0Facebook, desenhou o futuro da sua empresa, que\u00a0agora passar\u00e1 a se chamar &#8220;Meta&#8221;. A afirma\u00e7\u00e3o, feita em junho durante uma entrevista para o site especializado em tecnologia&hellip;","jetpack_sharing_enabled":true,"jetpack_likes_enabled":true,"_links":{"self":[{"href":"https:\/\/blogopara.com.br\/index.php\/wp-json\/wp\/v2\/posts\/29717","targetHints":{"allow":["GET"]}}],"collection":[{"href":"https:\/\/blogopara.com.br\/index.php\/wp-json\/wp\/v2\/posts"}],"about":[{"href":"https:\/\/blogopara.com.br\/index.php\/wp-json\/wp\/v2\/types\/post"}],"author":[{"embeddable":true,"href":"https:\/\/blogopara.com.br\/index.php\/wp-json\/wp\/v2\/users\/1"}],"replies":[{"embeddable":true,"href":"https:\/\/blogopara.com.br\/index.php\/wp-json\/wp\/v2\/comments?post=29717"}],"version-history":[{"count":2,"href":"https:\/\/blogopara.com.br\/index.php\/wp-json\/wp\/v2\/posts\/29717\/revisions"}],"predecessor-version":[{"id":29724,"href":"https:\/\/blogopara.com.br\/index.php\/wp-json\/wp\/v2\/posts\/29717\/revisions\/29724"}],"wp:featuredmedia":[{"embeddable":true,"href":"https:\/\/blogopara.com.br\/index.php\/wp-json\/wp\/v2\/media\/29720"}],"wp:attachment":[{"href":"https:\/\/blogopara.com.br\/index.php\/wp-json\/wp\/v2\/media?parent=29717"}],"wp:term":[{"taxonomy":"category","embeddable":true,"href":"https:\/\/blogopara.com.br\/index.php\/wp-json\/wp\/v2\/categories?post=29717"},{"taxonomy":"post_tag","embeddable":true,"href":"https:\/\/blogopara.com.br\/index.php\/wp-json\/wp\/v2\/tags?post=29717"}],"curies":[{"name":"wp","href":"https:\/\/api.w.org\/{rel}","templated":true}]}}