{"id":29728,"date":"2021-10-29T09:36:00","date_gmt":"2021-10-29T12:36:00","guid":{"rendered":"https:\/\/blogopara.com.br\/?p=29728"},"modified":"2021-10-29T09:03:40","modified_gmt":"2021-10-29T12:03:40","slug":"prefeitura-e-diocese-de-juazeiro-assinam-termo-de-cooperacao-para-avancar-na-regularizacao-fundiaria-no-municipio","status":"publish","type":"post","link":"https:\/\/blogopara.com.br\/index.php\/2021\/10\/29\/prefeitura-e-diocese-de-juazeiro-assinam-termo-de-cooperacao-para-avancar-na-regularizacao-fundiaria-no-municipio","title":{"rendered":"Prefeitura e Diocese de Juazeiro assinam termo de coopera\u00e7\u00e3o para avan\u00e7ar na regulariza\u00e7\u00e3o fundi\u00e1ria no munic\u00edpio"},"content":{"rendered":"<p style=\"font-weight: 400; text-align: justify;\">A prefeita Suzana Ramos e o bispo diocesano de Juazeiro, Carlos Alberto Breis, assinaram nesta quarta-feira (27), um Termo de Coopera\u00e7\u00e3o M\u00fatua firmado entre a Prefeitura Municipal e a Diocese de Juazeiro, com a finalidade de promover a regulariza\u00e7\u00e3o fundi\u00e1ria no munic\u00edpio.<\/p>\n<p style=\"font-weight: 400; text-align: justify;\">Historicamente, a Diocese \u00e9 detentora de seis l\u00e9guas quadradas localizadas no Munic\u00edpio de Juazeiro, conforme escritura p\u00fablica lavrada no cart\u00f3rio de registo de im\u00f3veis da comarca local. Por\u00e9m, diversos terrenos e im\u00f3veis que antes pertenciam ao Patrim\u00f4nio de Nossa Senhora das Grotas j\u00e1 foram vendidos para novos propriet\u00e1rios, mas continuam vinculados \u00e0 Diocese, porque os adquirentes at\u00e9 o momento n\u00e3o efetuaram a transfer\u00eancia, atrav\u00e9s de escritura do im\u00f3vel registrada em cart\u00f3rio.<\/p>\n<p style=\"font-weight: 400; text-align: justify;\">Atrav\u00e9s do Termo de Coopera\u00e7\u00e3o, Prefeitura e Diocese de Juazeiro est\u00e3o buscando regulamentar a regulariza\u00e7\u00e3o fundi\u00e1ria, e o aperfei\u00e7oamento do cadastro municipal imobili\u00e1rio para permitir a efetiva cobran\u00e7a do Imposto Predial Territorial Urbano (IPTU) com a identifica\u00e7\u00e3o dos titulares dominiais dos im\u00f3veis que efetivamente j\u00e1 n\u00e3o pertencem \u00e0 Diocese. Al\u00e9m disso, o Poder P\u00fablico Municipal reconhece a imunidade tribut\u00e1ria do Patrim\u00f4nio de Nossa Senhora das Grotas, representada legitimamente pela Diocese de Juazeiro.<\/p>\n<p style=\"font-weight: 400; text-align: justify;\">No documento, a Prefeitura se compromete a elaborar um decreto regulamentando a regulariza\u00e7\u00e3o fundi\u00e1ria no munic\u00edpio, assegurar a participa\u00e7\u00e3o de representantes da Diocese na revis\u00e3o do Plano Diretor da Cidade de Juazeiro, bem como na identifica\u00e7\u00e3o e atualiza\u00e7\u00e3o dos bairros e das ruas.<\/p>\n<p style=\"font-weight: 400; text-align: justify;\">Um levantamento ser\u00e1 feito, cruzando informa\u00e7\u00f5es dos bancos de dados das duas institui\u00e7\u00f5es, com a finalidade de identificar quais im\u00f3veis est\u00e3o dentro dos limites da Diocese, preservando o sigilo das informa\u00e7\u00f5es dos usu\u00e1rios, conforme a Lei 13.853 de 2019 (Lei Geral de Prote\u00e7\u00e3o de Dados Pessoais).<\/p>\n<p style=\"font-weight: 400; text-align: justify;\">\u00a0<\/p>\n<p style=\"font-weight: 400; text-align: justify;\"><strong>Imunidade tribut\u00e1ria<\/strong><\/p>\n<p style=\"font-weight: 400; text-align: justify;\">\u00a0<\/p>\n<p style=\"font-weight: 400; text-align: justify;\">A Constitui\u00e7\u00e3o Federal, em seu artigo 150, inciso VI, al\u00ednea b, garante a templos de qualquer culto o que se chama de imunidade tribut\u00e1ria. Assim, a Uni\u00e3o, os Estados, o Distrito Federal e os Munic\u00edpios ficam proibidos de instituir impostos sobre entidades religiosas. A imunidade vale apenas para impostos diretamente relacionados \u00e0 renda e ao patrim\u00f4nio das organiza\u00e7\u00f5es religiosas, a exemplo do IPTU.<\/p>\n<p style=\"font-weight: 400; text-align: justify;\">Com o Termo de Coopera\u00e7\u00e3o M\u00fatua, ao ser efetivada a regulariza\u00e7\u00e3o fundi\u00e1ria no munic\u00edpio, os adquirentes de im\u00f3veis que pertenciam ao Patrim\u00f4nio de Nossa Senhora das Grotas, poder\u00e3o registrar em escritura p\u00fablica o im\u00f3vel, adquirindo a propriedade definitiva, o que trar\u00e1 tamb\u00e9m benef\u00edcios para a Diocese que n\u00e3o ter\u00e1 mais responsabilidade sobre esses im\u00f3veis e a Prefeitura garantir\u00e1 a seguran\u00e7a jur\u00eddica para arrecadar o IPTU devido.<\/p>\n<p style=\"text-align: justify;\">\u00a0<\/p>\n<p style=\"font-weight: 400; text-align: justify;\">PGM\/ Ascom PMJ<\/p>\n<p style=\"font-weight: 400; text-align: justify;\">\u00a0<\/p>\n","protected":false},"excerpt":{"rendered":"<p>A prefeita Suzana Ramos e o bispo diocesano de Juazeiro, Carlos Alberto Breis, assinaram nesta quarta-feira (27), um Termo de Coopera\u00e7\u00e3o M\u00fatua firmado entre a Prefeitura Municipal e a Diocese de Juazeiro, com a finalidade de promover a regulariza\u00e7\u00e3o fundi\u00e1ria no munic\u00edpio. Historicamente, a Diocese \u00e9 detentora de seis l\u00e9guas quadradas localizadas no Munic\u00edpio de [&hellip;]<\/p>\n","protected":false},"author":1,"featured_media":29729,"comment_status":"closed","ping_status":"open","sticky":false,"template":"","format":"standard","meta":{"_uag_custom_page_level_css":"","_monsterinsights_skip_tracking":false,"_monsterinsights_sitenote_active":false,"_monsterinsights_sitenote_note":"","_monsterinsights_sitenote_category":0,"jetpack_post_was_ever_published":false,"_jetpack_newsletter_access":"","_jetpack_dont_email_post_to_subs":false,"_jetpack_newsletter_tier_id":0,"_jetpack_memberships_contains_paywalled_content":false,"_jetpack_memberships_contains_paid_content":false,"footnotes":"","jetpack_publicize_message":"","jetpack_publicize_feature_enabled":true,"jetpack_social_post_already_shared":true,"jetpack_social_options":{"image_generator_settings":{"template":"highway","default_image_id":0,"font":"","enabled":false},"version":2}},"categories":[203],"tags":[5926,143,5925,799],"class_list":["post-29728","post","type-post","status-publish","format-standard","has-post-thumbnail","hentry","category-juazeiro","tag-assinam-termo-de-cooperacao","tag-juazeiro-da-bahia","tag-prefeitura-e-diocese","tag-regularizacao-fundiaria"],"jetpack_publicize_connections":[],"jetpack_featured_media_url":"https:\/\/blogopara.com.br\/wp-content\/uploads\/2021\/10\/Termo-de-cooperacao-Diocese-e-Prefeitura-6.jpeg","uagb_featured_image_src":{"full":["https:\/\/blogopara.com.br\/wp-content\/uploads\/2021\/10\/Termo-de-cooperacao-Diocese-e-Prefeitura-6.jpeg",500,367,false],"thumbnail":["https:\/\/blogopara.com.br\/wp-content\/uploads\/2021\/10\/Termo-de-cooperacao-Diocese-e-Prefeitura-6-150x150.jpeg",150,150,true],"medium":["https:\/\/blogopara.com.br\/wp-content\/uploads\/2021\/10\/Termo-de-cooperacao-Diocese-e-Prefeitura-6-300x220.jpeg",300,220,true],"medium_large":["https:\/\/blogopara.com.br\/wp-content\/uploads\/2021\/10\/Termo-de-cooperacao-Diocese-e-Prefeitura-6.jpeg",500,367,false],"large":["https:\/\/blogopara.com.br\/wp-content\/uploads\/2021\/10\/Termo-de-cooperacao-Diocese-e-Prefeitura-6.jpeg",500,367,false],"1536x1536":["https:\/\/blogopara.com.br\/wp-content\/uploads\/2021\/10\/Termo-de-cooperacao-Diocese-e-Prefeitura-6.jpeg",500,367,false],"2048x2048":["https:\/\/blogopara.com.br\/wp-content\/uploads\/2021\/10\/Termo-de-cooperacao-Diocese-e-Prefeitura-6.jpeg",500,367,false],"mantranews-slider-large":["https:\/\/blogopara.com.br\/wp-content\/uploads\/2021\/10\/Termo-de-cooperacao-Diocese-e-Prefeitura-6.jpeg",500,367,false],"mantranews-featured-medium":["https:\/\/blogopara.com.br\/wp-content\/uploads\/2021\/10\/Termo-de-cooperacao-Diocese-e-Prefeitura-6-420x307.jpeg",420,307,true],"mantranews-featured-long":["https:\/\/blogopara.com.br\/wp-content\/uploads\/2021\/10\/Termo-de-cooperacao-Diocese-e-Prefeitura-6-300x367.jpeg",300,367,true],"mantranews-block-medium":["https:\/\/blogopara.com.br\/wp-content\/uploads\/2021\/10\/Termo-de-cooperacao-Diocese-e-Prefeitura-6-464x290.jpeg",464,290,true],"mantranews-carousel-image":["https:\/\/blogopara.com.br\/wp-content\/uploads\/2021\/10\/Termo-de-cooperacao-Diocese-e-Prefeitura-6.jpeg",500,367,false],"mantranews-block-thumb":["https:\/\/blogopara.com.br\/wp-content\/uploads\/2021\/10\/Termo-de-cooperacao-Diocese-e-Prefeitura-6-322x230.jpeg",322,230,true],"mantranews-single-large":["https:\/\/blogopara.com.br\/wp-content\/uploads\/2021\/10\/Termo-de-cooperacao-Diocese-e-Prefeitura-6.jpeg",500,367,false]},"uagb_author_info":{"display_name":"Reda\u00e7\u00e3o geral","author_link":"https:\/\/blogopara.com.br\/index.php\/author\/blogopara"},"uagb_comment_info":0,"uagb_excerpt":"A prefeita Suzana Ramos e o bispo diocesano de Juazeiro, Carlos Alberto Breis, assinaram nesta quarta-feira (27), um Termo de Coopera\u00e7\u00e3o M\u00fatua firmado entre a Prefeitura Municipal e a Diocese de Juazeiro, com a finalidade de promover a regulariza\u00e7\u00e3o fundi\u00e1ria no munic\u00edpio. Historicamente, a Diocese \u00e9 detentora de seis l\u00e9guas quadradas localizadas no Munic\u00edpio de&hellip;","jetpack_sharing_enabled":true,"jetpack_likes_enabled":true,"_links":{"self":[{"href":"https:\/\/blogopara.com.br\/index.php\/wp-json\/wp\/v2\/posts\/29728","targetHints":{"allow":["GET"]}}],"collection":[{"href":"https:\/\/blogopara.com.br\/index.php\/wp-json\/wp\/v2\/posts"}],"about":[{"href":"https:\/\/blogopara.com.br\/index.php\/wp-json\/wp\/v2\/types\/post"}],"author":[{"embeddable":true,"href":"https:\/\/blogopara.com.br\/index.php\/wp-json\/wp\/v2\/users\/1"}],"replies":[{"embeddable":true,"href":"https:\/\/blogopara.com.br\/index.php\/wp-json\/wp\/v2\/comments?post=29728"}],"version-history":[{"count":1,"href":"https:\/\/blogopara.com.br\/index.php\/wp-json\/wp\/v2\/posts\/29728\/revisions"}],"predecessor-version":[{"id":29730,"href":"https:\/\/blogopara.com.br\/index.php\/wp-json\/wp\/v2\/posts\/29728\/revisions\/29730"}],"wp:featuredmedia":[{"embeddable":true,"href":"https:\/\/blogopara.com.br\/index.php\/wp-json\/wp\/v2\/media\/29729"}],"wp:attachment":[{"href":"https:\/\/blogopara.com.br\/index.php\/wp-json\/wp\/v2\/media?parent=29728"}],"wp:term":[{"taxonomy":"category","embeddable":true,"href":"https:\/\/blogopara.com.br\/index.php\/wp-json\/wp\/v2\/categories?post=29728"},{"taxonomy":"post_tag","embeddable":true,"href":"https:\/\/blogopara.com.br\/index.php\/wp-json\/wp\/v2\/tags?post=29728"}],"curies":[{"name":"wp","href":"https:\/\/api.w.org\/{rel}","templated":true}]}}