{"id":29817,"date":"2021-11-01T07:45:00","date_gmt":"2021-11-01T10:45:00","guid":{"rendered":"https:\/\/blogopara.com.br\/?p=29817"},"modified":"2021-11-01T07:39:03","modified_gmt":"2021-11-01T10:39:03","slug":"coronel-anselmo-bispo-e-exonerado-da-codevasf-apos-7-meses-de-gestao-e-o-superintendente-com-a-passagem-mais-rapida-pelo-cargo","status":"publish","type":"post","link":"https:\/\/blogopara.com.br\/index.php\/2021\/11\/01\/coronel-anselmo-bispo-e-exonerado-da-codevasf-apos-7-meses-de-gestao-e-o-superintendente-com-a-passagem-mais-rapida-pelo-cargo","title":{"rendered":"Coronel Anselmo Bispo \u00e9 exonerado da Codevasf ap\u00f3s 7 meses de gest\u00e3o. \u00c9 o superintendente com a passagem mais r\u00e1pida pelo cargo"},"content":{"rendered":"<p style=\"text-align: justify;\">Foi publicada na sexta-feira (29) a Decis\u00e3o 1035, da Presid\u00eancia da Codevasf, que nomeia o engenheiro mec\u00e2nico Miled Cussa para o cargo de Superintendente da 6\u00aa Regional da Companhia de Desenvolvimento do Vale do S\u00e3o Francisco e do Para\u00edba (CODEVASF), em Juazeiro, no lugar do coronel Anselmo Bispo, que teve uma passagem rel\u00e2mpago pela gest\u00e3o da superintend\u00eancia.<\/p>\n<p style=\"text-align: justify;\">A 6\u00aa SR tem um or\u00e7amento anual superior a muitas prefeituras e sempre foi cobi\u00e7ada por muitos pol\u00edticos, justamente por ser uma &#8220;maquina&#8221; de articula\u00e7\u00e3o e mobiliza\u00e7\u00e3o pol\u00edtica. Segundo consta no site do \u00f3rg\u00e3o, a Codevasf atua em 202 munic\u00edpios por meio da 6\u00aa Superintend\u00eancia Regional, com\u00a0jurisdi\u00e7\u00e3o no Estado da Bahia, abrangendo a bacia hidrogr\u00e1fica do rio S\u00e3o Francisco, na regi\u00e3o fisiogr\u00e1fica do \u201cM\u00e9dio\u201d S\u00e3o Francisco, al\u00e9m da bacia do rio Itapicuru e por\u00e7\u00f5es das bacias hidrogr\u00e1ficas dos rios Paragua\u00e7u, Real e Vaza-Barris, bem como as demais bacias litor\u00e2neas baianas setentrionais.<\/p>\n<p style=\"text-align: justify;\">Ainda n\u00e3o se sabe o que motivou a sa\u00edda do coronel Anselmo Bispo, mas nos \u00faltimos dias Miled Cussa postou nas suas redes sociais diversas fotos de reuni\u00f5es e encontros com o alto escal\u00e3o do governo Bolsonaro. Coincid\u00eancia ou n\u00e3o, na quinta-feira (28) ele postou uma foto com o Ministro Jo\u00e3o Roma (baiano e poss\u00edvel candidato a governador em 2022) e com o presidente da Codevasf, Marcelo Moreira, no dia seguinte \u00e9 publicada a sua nomea\u00e7\u00e3o.<\/p>\n<p style=\"text-align: justify;\">O coronel Anselmo assumiu o cargo no final do m\u00eas de mar\u00e7o passado e foi uma indica\u00e7\u00e3o do deputado federal Elmar Nascimento. Elmar \u00e9 padrinho pol\u00edtico do coronel, foi quem o incentivou a ser candidato nas \u00faltimas elei\u00e7\u00f5es, quando\u00a0 Anselmo obteve cerca de 12 mil votos, ficando em terceiro lugar, atr\u00e1s do ex-prefeito Paulo Bomfim.<\/p>\n<p style=\"text-align: justify;\">Com essa passagem rel\u00e2mpago, Anselmo Bispo \u00e9 o superintendente que ficou menos tempo no cargo. Este fato gerou muitas especula\u00e7\u00f5es nas redes sociais. Alguns internautas questionaram se a exonera\u00e7\u00e3o foi uma jogada pol\u00edtica ou incompet\u00eancia para o cargo.<\/p>\n<p style=\"text-align: justify;\">O novo indicado, Miled Cussa Filho, \u00e9 natural de Juazeiro, engenheiro mec\u00e2nico formado pela UFBA, foi secret\u00e1rio municipal em Juazeiro em gest\u00f5es passadas, atuou na Prefeitura de Salvador e atualmente exercia cargo na Codevasf em Bras\u00edlia.<\/p>\n","protected":false},"excerpt":{"rendered":"<p>Foi publicada na sexta-feira (29) a Decis\u00e3o 1035, da Presid\u00eancia da Codevasf, que nomeia o engenheiro mec\u00e2nico Miled Cussa para o cargo de Superintendente da 6\u00aa Regional da Companhia de Desenvolvimento do Vale do S\u00e3o Francisco e do Para\u00edba (CODEVASF), em Juazeiro, no lugar do coronel Anselmo Bispo, que teve uma passagem rel\u00e2mpago pela gest\u00e3o [&hellip;]<\/p>\n","protected":false},"author":1,"featured_media":29819,"comment_status":"closed","ping_status":"open","sticky":false,"template":"","format":"standard","meta":{"_uag_custom_page_level_css":"","_monsterinsights_skip_tracking":false,"_monsterinsights_sitenote_active":false,"_monsterinsights_sitenote_note":"","_monsterinsights_sitenote_category":0,"jetpack_post_was_ever_published":false,"_jetpack_newsletter_access":"","_jetpack_dont_email_post_to_subs":false,"_jetpack_newsletter_tier_id":0,"_jetpack_memberships_contains_paywalled_content":false,"_jetpack_memberships_contains_paid_content":false,"footnotes":"","jetpack_publicize_message":"","jetpack_publicize_feature_enabled":true,"jetpack_social_post_already_shared":true,"jetpack_social_options":{"image_generator_settings":{"template":"highway","default_image_id":0,"font":"","enabled":false},"version":2}},"categories":[203,197],"tags":[1463,1108,547,1027,1075,5973],"class_list":["post-29817","post","type-post","status-publish","format-standard","has-post-thumbnail","hentry","category-juazeiro","category-politica","tag-anselmo-bispo","tag-cargo","tag-codevasf","tag-exoneracao","tag-nomeacao","tag-passagem"],"jetpack_publicize_connections":[],"jetpack_featured_media_url":"https:\/\/blogopara.com.br\/wp-content\/uploads\/2021\/10\/ansel.jpg","uagb_featured_image_src":{"full":["https:\/\/blogopara.com.br\/wp-content\/uploads\/2021\/10\/ansel.jpg",500,500,false],"thumbnail":["https:\/\/blogopara.com.br\/wp-content\/uploads\/2021\/10\/ansel-150x150.jpg",150,150,true],"medium":["https:\/\/blogopara.com.br\/wp-content\/uploads\/2021\/10\/ansel-300x300.jpg",300,300,true],"medium_large":["https:\/\/blogopara.com.br\/wp-content\/uploads\/2021\/10\/ansel.jpg",500,500,false],"large":["https:\/\/blogopara.com.br\/wp-content\/uploads\/2021\/10\/ansel.jpg",500,500,false],"1536x1536":["https:\/\/blogopara.com.br\/wp-content\/uploads\/2021\/10\/ansel.jpg",500,500,false],"2048x2048":["https:\/\/blogopara.com.br\/wp-content\/uploads\/2021\/10\/ansel.jpg",500,500,false],"mantranews-slider-large":["https:\/\/blogopara.com.br\/wp-content\/uploads\/2021\/10\/ansel.jpg",500,500,false],"mantranews-featured-medium":["https:\/\/blogopara.com.br\/wp-content\/uploads\/2021\/10\/ansel-420x307.jpg",420,307,true],"mantranews-featured-long":["https:\/\/blogopara.com.br\/wp-content\/uploads\/2021\/10\/ansel-300x443.jpg",300,443,true],"mantranews-block-medium":["https:\/\/blogopara.com.br\/wp-content\/uploads\/2021\/10\/ansel-464x290.jpg",464,290,true],"mantranews-carousel-image":["https:\/\/blogopara.com.br\/wp-content\/uploads\/2021\/10\/ansel.jpg",500,500,false],"mantranews-block-thumb":["https:\/\/blogopara.com.br\/wp-content\/uploads\/2021\/10\/ansel-322x230.jpg",322,230,true],"mantranews-single-large":["https:\/\/blogopara.com.br\/wp-content\/uploads\/2021\/10\/ansel.jpg",500,500,false]},"uagb_author_info":{"display_name":"Reda\u00e7\u00e3o geral","author_link":"https:\/\/blogopara.com.br\/index.php\/author\/blogopara"},"uagb_comment_info":0,"uagb_excerpt":"Foi publicada na sexta-feira (29) a Decis\u00e3o 1035, da Presid\u00eancia da Codevasf, que nomeia o engenheiro mec\u00e2nico Miled Cussa para o cargo de Superintendente da 6\u00aa Regional da Companhia de Desenvolvimento do Vale do S\u00e3o Francisco e do Para\u00edba (CODEVASF), em Juazeiro, no lugar do coronel Anselmo Bispo, que teve uma passagem rel\u00e2mpago pela gest\u00e3o&hellip;","jetpack_sharing_enabled":true,"jetpack_likes_enabled":true,"_links":{"self":[{"href":"https:\/\/blogopara.com.br\/index.php\/wp-json\/wp\/v2\/posts\/29817","targetHints":{"allow":["GET"]}}],"collection":[{"href":"https:\/\/blogopara.com.br\/index.php\/wp-json\/wp\/v2\/posts"}],"about":[{"href":"https:\/\/blogopara.com.br\/index.php\/wp-json\/wp\/v2\/types\/post"}],"author":[{"embeddable":true,"href":"https:\/\/blogopara.com.br\/index.php\/wp-json\/wp\/v2\/users\/1"}],"replies":[{"embeddable":true,"href":"https:\/\/blogopara.com.br\/index.php\/wp-json\/wp\/v2\/comments?post=29817"}],"version-history":[{"count":4,"href":"https:\/\/blogopara.com.br\/index.php\/wp-json\/wp\/v2\/posts\/29817\/revisions"}],"predecessor-version":[{"id":29845,"href":"https:\/\/blogopara.com.br\/index.php\/wp-json\/wp\/v2\/posts\/29817\/revisions\/29845"}],"wp:featuredmedia":[{"embeddable":true,"href":"https:\/\/blogopara.com.br\/index.php\/wp-json\/wp\/v2\/media\/29819"}],"wp:attachment":[{"href":"https:\/\/blogopara.com.br\/index.php\/wp-json\/wp\/v2\/media?parent=29817"}],"wp:term":[{"taxonomy":"category","embeddable":true,"href":"https:\/\/blogopara.com.br\/index.php\/wp-json\/wp\/v2\/categories?post=29817"},{"taxonomy":"post_tag","embeddable":true,"href":"https:\/\/blogopara.com.br\/index.php\/wp-json\/wp\/v2\/tags?post=29817"}],"curies":[{"name":"wp","href":"https:\/\/api.w.org\/{rel}","templated":true}]}}