{"id":29881,"date":"2021-11-02T11:18:00","date_gmt":"2021-11-02T14:18:00","guid":{"rendered":"https:\/\/blogopara.com.br\/?p=29881"},"modified":"2021-11-01T20:29:35","modified_gmt":"2021-11-01T23:29:35","slug":"cidades-do-interior-da-ba-tem-situacao-de-emergencia-reconhecida-pelo-governo-federal-por-causa-de-estiagem-prolongada","status":"publish","type":"post","link":"https:\/\/blogopara.com.br\/index.php\/2021\/11\/02\/cidades-do-interior-da-ba-tem-situacao-de-emergencia-reconhecida-pelo-governo-federal-por-causa-de-estiagem-prolongada","title":{"rendered":"Cidades do interior da BA t\u00eam situa\u00e7\u00e3o de emerg\u00eancia reconhecida pelo governo federal por causa de estiagem prolongada"},"content":{"rendered":"<div class=\"mc-column content-text active-extra-styles active-capital-letter\" data-block-type=\"unstyled\" data-block-weight=\"44\" data-block-id=\"1\">\n<p class=\"content-text__container theme-color-primary-first-letter\" style=\"text-align: justify;\" data-track-category=\"Link no Texto\" data-track-links=\"\">Cinco cidades do interior da Bahia tiveram a situa\u00e7\u00e3o de emerg\u00eancia reconhecida pelo governo federal, atrav\u00e9s do Minist\u00e9rio do Desenvolvimento Regional (MDR), por meio da Defesa Civil Nacional, devido ao longo per\u00edodo sem chuvas.\u00a0<span class=\"highlight highlighted\">As cidades s\u00e3o Cansan\u00e7\u00e3o, Len\u00e7\u00f3is, Macurer\u00e9, Ponto Novo e Utinga<\/span>.<\/p>\n<\/div>\n<div class=\"wall protected-content\">\n<div class=\"mc-column content-text active-extra-styles \" style=\"text-align: justify;\" data-block-type=\"unstyled\" data-block-weight=\"18\" data-block-id=\"2\">\n<p class=\"content-text__container \" data-track-category=\"Link no Texto\" data-track-links=\"\">A rela\u00e7\u00e3o de munic\u00edpios afetados pela seca foi publicada na sexta-feira (29) no Di\u00e1rio Oficial da Uni\u00e3o (DOU).<\/p>\n<\/div>\n<div class=\"mc-column content-text active-extra-styles \" style=\"text-align: justify;\" data-block-type=\"unstyled\" data-block-weight=\"24\" data-block-id=\"3\">\n<p class=\"content-text__container \" data-track-category=\"Link no Texto\" data-track-links=\"\">Segundo o MDR, a estiagem j\u00e1 causa preju\u00edzos em 426 cidades em toda a regi\u00e3o Nordeste. Somente na Bahia, esse n\u00famero chega a 108.<\/p>\n<\/div>\n<div class=\"mc-column content-text active-extra-styles \" style=\"text-align: justify;\" data-block-type=\"unstyled\" data-block-weight=\"35\" data-block-id=\"4\">\n<p class=\"content-text__container \" data-track-category=\"Link no Texto\" data-track-links=\"\">Com o reconhecimento federal de situa\u00e7\u00e3o de emerg\u00eancia, os munic\u00edpios atingidos por desastres naturais podem solicitar recursos do MDR para atendimento \u00e0 popula\u00e7\u00e3o afetada, restabelecimento de servi\u00e7os essenciais e reconstru\u00e7\u00e3o de equipamentos de infraestrutura danificados.<\/p>\n<\/div>\n<div class=\"mc-column content-text active-extra-styles \" data-block-type=\"unstyled\" data-block-weight=\"50\" data-block-id=\"5\">\n<p class=\"content-text__container \" style=\"text-align: justify;\" data-track-category=\"Link no Texto\" data-track-links=\"\">A solicita\u00e7\u00e3o deve ser feita por meio do\u00a0<a href=\"https:\/\/s2id.mdr.gov.br\/\" target=\"_blank\" rel=\"noopener\">Sistema Integrado de Informa\u00e7\u00f5es sobre Desastres (S2iD)<\/a>. Com base nas informa\u00e7\u00f5es enviadas, a equipe t\u00e9cnica da Defesa Civil Nacional avalia as metas e os valores solicitados. Com a aprova\u00e7\u00e3o, \u00e9 publicada portaria no DOU com a especifica\u00e7\u00e3o do montante a ser liberado.<\/p>\n<p data-track-category=\"Link no Texto\" data-track-links=\"\">\u00a0<\/p>\n<\/div>\n<p data-track-category=\"Link no Texto\" data-track-links=\"\">Por g1 BA<\/p>\n<\/div>\n","protected":false},"excerpt":{"rendered":"<p>Cinco cidades do interior da Bahia tiveram a situa\u00e7\u00e3o de emerg\u00eancia reconhecida pelo governo federal, atrav\u00e9s do Minist\u00e9rio do Desenvolvimento Regional (MDR), por meio da Defesa Civil Nacional, devido ao longo per\u00edodo sem chuvas.\u00a0As cidades s\u00e3o Cansan\u00e7\u00e3o, Len\u00e7\u00f3is, Macurer\u00e9, Ponto Novo e Utinga. A rela\u00e7\u00e3o de munic\u00edpios afetados pela seca foi publicada na sexta-feira (29) [&hellip;]<\/p>\n","protected":false},"author":1,"featured_media":20618,"comment_status":"closed","ping_status":"open","sticky":false,"template":"","format":"standard","meta":{"_uag_custom_page_level_css":"","_monsterinsights_skip_tracking":false,"_monsterinsights_sitenote_active":false,"_monsterinsights_sitenote_note":"","_monsterinsights_sitenote_category":0,"jetpack_post_was_ever_published":false,"_jetpack_newsletter_access":"","_jetpack_dont_email_post_to_subs":false,"_jetpack_newsletter_tier_id":0,"_jetpack_memberships_contains_paywalled_content":false,"_jetpack_memberships_contains_paid_content":false,"footnotes":"","jetpack_publicize_message":"","jetpack_publicize_feature_enabled":true,"jetpack_social_post_already_shared":true,"jetpack_social_options":{"image_generator_settings":{"template":"highway","default_image_id":0,"font":"","enabled":false},"version":2}},"categories":[199],"tags":[11,5995,5996,2116],"class_list":["post-29881","post","type-post","status-publish","format-standard","has-post-thumbnail","hentry","category-bahia","tag-bahia","tag-cidades-do-interior","tag-estiagem-prolongada","tag-situacao-de-emergencia"],"jetpack_publicize_connections":[],"jetpack_featured_media_url":"https:\/\/blogopara.com.br\/wp-content\/uploads\/2021\/03\/Estiagem09.03.jpg","uagb_featured_image_src":{"full":["https:\/\/blogopara.com.br\/wp-content\/uploads\/2021\/03\/Estiagem09.03.jpg",500,375,false],"thumbnail":["https:\/\/blogopara.com.br\/wp-content\/uploads\/2021\/03\/Estiagem09.03-150x150.jpg",150,150,true],"medium":["https:\/\/blogopara.com.br\/wp-content\/uploads\/2021\/03\/Estiagem09.03-300x225.jpg",300,225,true],"medium_large":["https:\/\/blogopara.com.br\/wp-content\/uploads\/2021\/03\/Estiagem09.03.jpg",500,375,false],"large":["https:\/\/blogopara.com.br\/wp-content\/uploads\/2021\/03\/Estiagem09.03.jpg",500,375,false],"1536x1536":["https:\/\/blogopara.com.br\/wp-content\/uploads\/2021\/03\/Estiagem09.03.jpg",500,375,false],"2048x2048":["https:\/\/blogopara.com.br\/wp-content\/uploads\/2021\/03\/Estiagem09.03.jpg",500,375,false],"mantranews-slider-large":["https:\/\/blogopara.com.br\/wp-content\/uploads\/2021\/03\/Estiagem09.03.jpg",500,375,false],"mantranews-featured-medium":["https:\/\/blogopara.com.br\/wp-content\/uploads\/2021\/03\/Estiagem09.03-420x307.jpg",420,307,true],"mantranews-featured-long":["https:\/\/blogopara.com.br\/wp-content\/uploads\/2021\/03\/Estiagem09.03-300x375.jpg",300,375,true],"mantranews-block-medium":["https:\/\/blogopara.com.br\/wp-content\/uploads\/2021\/03\/Estiagem09.03-464x290.jpg",464,290,true],"mantranews-carousel-image":["https:\/\/blogopara.com.br\/wp-content\/uploads\/2021\/03\/Estiagem09.03.jpg",500,375,false],"mantranews-block-thumb":["https:\/\/blogopara.com.br\/wp-content\/uploads\/2021\/03\/Estiagem09.03-322x230.jpg",322,230,true],"mantranews-single-large":["https:\/\/blogopara.com.br\/wp-content\/uploads\/2021\/03\/Estiagem09.03.jpg",500,375,false]},"uagb_author_info":{"display_name":"Reda\u00e7\u00e3o geral","author_link":"https:\/\/blogopara.com.br\/index.php\/author\/blogopara"},"uagb_comment_info":0,"uagb_excerpt":"Cinco cidades do interior da Bahia tiveram a situa\u00e7\u00e3o de emerg\u00eancia reconhecida pelo governo federal, atrav\u00e9s do Minist\u00e9rio do Desenvolvimento Regional (MDR), por meio da Defesa Civil Nacional, devido ao longo per\u00edodo sem chuvas.\u00a0As cidades s\u00e3o Cansan\u00e7\u00e3o, Len\u00e7\u00f3is, Macurer\u00e9, Ponto Novo e Utinga. A rela\u00e7\u00e3o de munic\u00edpios afetados pela seca foi publicada na sexta-feira (29)&hellip;","jetpack_sharing_enabled":true,"jetpack_likes_enabled":true,"_links":{"self":[{"href":"https:\/\/blogopara.com.br\/index.php\/wp-json\/wp\/v2\/posts\/29881","targetHints":{"allow":["GET"]}}],"collection":[{"href":"https:\/\/blogopara.com.br\/index.php\/wp-json\/wp\/v2\/posts"}],"about":[{"href":"https:\/\/blogopara.com.br\/index.php\/wp-json\/wp\/v2\/types\/post"}],"author":[{"embeddable":true,"href":"https:\/\/blogopara.com.br\/index.php\/wp-json\/wp\/v2\/users\/1"}],"replies":[{"embeddable":true,"href":"https:\/\/blogopara.com.br\/index.php\/wp-json\/wp\/v2\/comments?post=29881"}],"version-history":[{"count":1,"href":"https:\/\/blogopara.com.br\/index.php\/wp-json\/wp\/v2\/posts\/29881\/revisions"}],"predecessor-version":[{"id":29882,"href":"https:\/\/blogopara.com.br\/index.php\/wp-json\/wp\/v2\/posts\/29881\/revisions\/29882"}],"wp:featuredmedia":[{"embeddable":true,"href":"https:\/\/blogopara.com.br\/index.php\/wp-json\/wp\/v2\/media\/20618"}],"wp:attachment":[{"href":"https:\/\/blogopara.com.br\/index.php\/wp-json\/wp\/v2\/media?parent=29881"}],"wp:term":[{"taxonomy":"category","embeddable":true,"href":"https:\/\/blogopara.com.br\/index.php\/wp-json\/wp\/v2\/categories?post=29881"},{"taxonomy":"post_tag","embeddable":true,"href":"https:\/\/blogopara.com.br\/index.php\/wp-json\/wp\/v2\/tags?post=29881"}],"curies":[{"name":"wp","href":"https:\/\/api.w.org\/{rel}","templated":true}]}}