{"id":29969,"date":"2021-11-03T17:38:30","date_gmt":"2021-11-03T20:38:30","guid":{"rendered":"https:\/\/blogopara.com.br\/?p=29969"},"modified":"2021-11-03T17:38:35","modified_gmt":"2021-11-03T20:38:35","slug":"jorge-khoury-participa-de-lancamento-da-agenda-lider-em-juazeiro-quinta-feira-4","status":"publish","type":"post","link":"https:\/\/blogopara.com.br\/index.php\/2021\/11\/03\/jorge-khoury-participa-de-lancamento-da-agenda-lider-em-juazeiro-quinta-feira-4","title":{"rendered":"Jorge Khoury participa de lan\u00e7amento da Agenda L\u00cdDER em Juazeiro, quinta-feira (4)"},"content":{"rendered":"<p style=\"text-align: justify;\">O superintendente do Sebrae Bahia, Jorge Khoury, participa quinta-feira (4), em Juazeiro, do lan\u00e7amento da Agenda L\u00cdDER Sert\u00e3o do S\u00e3o Francisco Baiano \u2013 2030. O evento acontece no Grande Hotel de Juazeiro, das 9h \u00e0s 12h.<\/p>\n<p style=\"text-align: justify;\">Constru\u00edda por l\u00edderes regionais, a agenda constitui uma vis\u00e3o de futuro para a regi\u00e3o, abrangendo a\u00e7\u00f5es a serem realizadas nos pr\u00f3ximos oito anos. O objetivo \u00e9 despertar a articula\u00e7\u00e3o, a integra\u00e7\u00e3o, o envolvimento e a corresponsabilidade, de lideran\u00e7as e organiza\u00e7\u00f5es representativas, na miss\u00e3o de promover transforma\u00e7\u00f5es positivas na regi\u00e3o a que pertencem.<\/p>\n<p style=\"text-align: justify;\">\u201c\u00c0s margens do Rio S\u00e3o Francisco, na terra de filhos ilustres, como Jo\u00e3o Gilberto, Ivete Sangalo e tantos outros nomes que levaram Juazeiro e a Bahia para o mundo, encontramos nossa inspira\u00e7\u00e3o para mostrar que nossa regi\u00e3o \u00e9 tamb\u00e9m refer\u00eancia no empreendedorismo, por meio de lideran\u00e7as capazes de contribuir com o desenvolvimento socioecon\u00f4mico dos munic\u00edpios que fazem parte deste abrangente territ\u00f3rio\u201d\u2019, destaca o superintendente Jorge Khoury, que considera o Vale do S\u00e3o Francisco como terreno f\u00e9rtil para criatividade e inova\u00e7\u00e3o, caracter\u00edsticas que, segundo ele, s\u00e3o importantes para a forma\u00e7\u00e3o de um l\u00edder.<\/p>\n<p style=\"text-align: justify;\">L\u00cdDER<br \/>\nO programa L\u00cdDER foi criado com o objetivo de promover a mobiliza\u00e7\u00e3o e qualifica\u00e7\u00e3o de lideran\u00e7as para a cria\u00e7\u00e3o e implanta\u00e7\u00e3o de um processo de desenvolvimento regional. A iniciativa foi concebida para acontecer em tr\u00eas fases: funda\u00e7\u00e3o, constru\u00e7\u00e3o e aplica\u00e7\u00e3o. O L\u00cdDER atua em todo Territ\u00f3rio do Sert\u00e3o do S\u00e3o Francisco, que \u00e9 composto por 10 munic\u00edpios: Campo Alegre de Lourdes; Casa Nova; Canudos; Cura\u00e7\u00e1; Juazeiro; Remanso; Sobradinho; Sento-S\u00e9; Pil\u00e3o Arcado; e Uau\u00e1.<\/p>\n","protected":false},"excerpt":{"rendered":"<p>Realizado pelo Sebrae, evento acontece das 9h \u00e0s 12h, no Grande Hotel de Juazeiro<\/p>\n","protected":false},"author":1,"featured_media":29970,"comment_status":"closed","ping_status":"open","sticky":false,"template":"","format":"standard","meta":{"_uag_custom_page_level_css":"","_monsterinsights_skip_tracking":false,"_monsterinsights_sitenote_active":false,"_monsterinsights_sitenote_note":"","_monsterinsights_sitenote_category":0,"jetpack_post_was_ever_published":false,"_jetpack_newsletter_access":"","_jetpack_dont_email_post_to_subs":false,"_jetpack_newsletter_tier_id":0,"_jetpack_memberships_contains_paywalled_content":false,"_jetpack_memberships_contains_paid_content":false,"footnotes":"","jetpack_publicize_message":"","jetpack_publicize_feature_enabled":true,"jetpack_social_post_already_shared":true,"jetpack_social_options":{"image_generator_settings":{"template":"highway","default_image_id":0,"font":"","enabled":false},"version":2}},"categories":[199,206,197],"tags":[1405,2956,3700,2089,2996],"class_list":["post-29969","post","type-post","status-publish","format-standard","has-post-thumbnail","hentry","category-bahia","category-economia","category-politica","tag-desenvolvimento","tag-jorge-khoury","tag-lideranca","tag-regional","tag-sebrae-bahia"],"jetpack_publicize_connections":[],"jetpack_featured_media_url":"https:\/\/blogopara.com.br\/wp-content\/uploads\/2021\/11\/pp.jpg","uagb_featured_image_src":{"full":["https:\/\/blogopara.com.br\/wp-content\/uploads\/2021\/11\/pp.jpg",500,500,false],"thumbnail":["https:\/\/blogopara.com.br\/wp-content\/uploads\/2021\/11\/pp-150x150.jpg",150,150,true],"medium":["https:\/\/blogopara.com.br\/wp-content\/uploads\/2021\/11\/pp-300x300.jpg",300,300,true],"medium_large":["https:\/\/blogopara.com.br\/wp-content\/uploads\/2021\/11\/pp.jpg",500,500,false],"large":["https:\/\/blogopara.com.br\/wp-content\/uploads\/2021\/11\/pp.jpg",500,500,false],"1536x1536":["https:\/\/blogopara.com.br\/wp-content\/uploads\/2021\/11\/pp.jpg",500,500,false],"2048x2048":["https:\/\/blogopara.com.br\/wp-content\/uploads\/2021\/11\/pp.jpg",500,500,false],"mantranews-slider-large":["https:\/\/blogopara.com.br\/wp-content\/uploads\/2021\/11\/pp.jpg",500,500,false],"mantranews-featured-medium":["https:\/\/blogopara.com.br\/wp-content\/uploads\/2021\/11\/pp-420x307.jpg",420,307,true],"mantranews-featured-long":["https:\/\/blogopara.com.br\/wp-content\/uploads\/2021\/11\/pp-300x443.jpg",300,443,true],"mantranews-block-medium":["https:\/\/blogopara.com.br\/wp-content\/uploads\/2021\/11\/pp-464x290.jpg",464,290,true],"mantranews-carousel-image":["https:\/\/blogopara.com.br\/wp-content\/uploads\/2021\/11\/pp.jpg",500,500,false],"mantranews-block-thumb":["https:\/\/blogopara.com.br\/wp-content\/uploads\/2021\/11\/pp-322x230.jpg",322,230,true],"mantranews-single-large":["https:\/\/blogopara.com.br\/wp-content\/uploads\/2021\/11\/pp.jpg",500,500,false]},"uagb_author_info":{"display_name":"Reda\u00e7\u00e3o geral","author_link":"https:\/\/blogopara.com.br\/index.php\/author\/blogopara"},"uagb_comment_info":0,"uagb_excerpt":"Realizado pelo Sebrae, evento acontece das 9h \u00e0s 12h, no Grande Hotel de Juazeiro","jetpack_sharing_enabled":true,"jetpack_likes_enabled":true,"_links":{"self":[{"href":"https:\/\/blogopara.com.br\/index.php\/wp-json\/wp\/v2\/posts\/29969","targetHints":{"allow":["GET"]}}],"collection":[{"href":"https:\/\/blogopara.com.br\/index.php\/wp-json\/wp\/v2\/posts"}],"about":[{"href":"https:\/\/blogopara.com.br\/index.php\/wp-json\/wp\/v2\/types\/post"}],"author":[{"embeddable":true,"href":"https:\/\/blogopara.com.br\/index.php\/wp-json\/wp\/v2\/users\/1"}],"replies":[{"embeddable":true,"href":"https:\/\/blogopara.com.br\/index.php\/wp-json\/wp\/v2\/comments?post=29969"}],"version-history":[{"count":1,"href":"https:\/\/blogopara.com.br\/index.php\/wp-json\/wp\/v2\/posts\/29969\/revisions"}],"predecessor-version":[{"id":29971,"href":"https:\/\/blogopara.com.br\/index.php\/wp-json\/wp\/v2\/posts\/29969\/revisions\/29971"}],"wp:featuredmedia":[{"embeddable":true,"href":"https:\/\/blogopara.com.br\/index.php\/wp-json\/wp\/v2\/media\/29970"}],"wp:attachment":[{"href":"https:\/\/blogopara.com.br\/index.php\/wp-json\/wp\/v2\/media?parent=29969"}],"wp:term":[{"taxonomy":"category","embeddable":true,"href":"https:\/\/blogopara.com.br\/index.php\/wp-json\/wp\/v2\/categories?post=29969"},{"taxonomy":"post_tag","embeddable":true,"href":"https:\/\/blogopara.com.br\/index.php\/wp-json\/wp\/v2\/tags?post=29969"}],"curies":[{"name":"wp","href":"https:\/\/api.w.org\/{rel}","templated":true}]}}