{"id":29985,"date":"2021-11-04T17:30:00","date_gmt":"2021-11-04T20:30:00","guid":{"rendered":"https:\/\/blogopara.com.br\/?p=29985"},"modified":"2021-11-04T14:50:39","modified_gmt":"2021-11-04T17:50:39","slug":"eu-nao-vou-ser-candidato-ano-que-vem-crava-rui-costa","status":"publish","type":"post","link":"https:\/\/blogopara.com.br\/index.php\/2021\/11\/04\/eu-nao-vou-ser-candidato-ano-que-vem-crava-rui-costa","title":{"rendered":"&#8220;Eu n\u00e3o vou ser candidato ano que vem&#8221;, crava Rui Costa"},"content":{"rendered":"<p style=\"text-align: justify;\">Durante discurso nesta quinta-feira (4)\u00a0em evento na cidade de Jaguarari, interior da Bahia, o governador Rui Costa (PT) revelou que n\u00e3o ser\u00e1 candidato em 2022.<\/p>\n<p style=\"text-align: justify;\">Sucessor de Jaques Wagner (PT), Rui \u00e9\u00a0cotado para tentar uma cadeira no Senado, o que faria com que deixasse o cargo antes do fim do mandato, abrindo espa\u00e7o para que o seu vice Jo\u00e3o Le\u00e3o (PP) assumisse o Pal\u00e1cio de Ondina na reta final.<\/p>\n<p style=\"text-align: justify;\">&#8220;Espero que o povo nessa regi\u00e3o saiba, ano que vem, separar o &#8216;joio do trigo&#8217;. Eu n\u00e3o vou ser candidato ano que vem, mas vou rodar essa Bahia inteira, pedindo a meu povo. \u00c9 revoltante ver o que fazem com o povo pobre no pa\u00eds. \u00c9 revoltante ver deputado eleito com voto da popula\u00e7\u00e3o, votando contra a Bahia, contra os baianos&#8221;, declarou o petista, prometendo empenho na articula\u00e7\u00e3o de candidaturas ao Legislativo.<\/p>\n<p style=\"text-align: justify;\">Rui tamb\u00e9m subiu o tom e manifestou a sua revolta com parlamentares que votaram a favor da PEC dos Precat\u00f3rios.<\/p>\n<p style=\"text-align: justify;\">O aumento da bancada do PT \u00e9 uma cobran\u00e7a do ex-presidente Lula, que tamb\u00e9m j\u00e1 sinalizou o seu desejo de ter Rui Costa em sua equipe ministerial, caso seja eleito novamente.<\/p>\n<p style=\"text-align: justify;\">&#8220;Vou rodar a Bahia, pedindo voto para voc\u00ea, Joseph [Bandeira, ex-prefeito de Juazeiro], para Josias [Gomes], para todo mundo que estiver ao lado de Lu\u00eds In\u00e1cio Lula da Silva. Chega de deputado tra\u00edra, chega de gente que maltrata o nosso povo, vem aqui com conversa mole e enrola. O povo brasileiro n\u00e3o aguenta mais&#8221;, disparou.<\/p>\n<p>\u00a0<\/p>\n\n\n<p>Por: Bnews<\/p>\n","protected":false},"excerpt":{"rendered":"<p>Durante discurso nesta quinta-feira (4)\u00a0em evento na cidade de Jaguarari, interior da Bahia, o governador Rui Costa (PT) revelou que n\u00e3o ser\u00e1 candidato em 2022. Sucessor de Jaques Wagner (PT), Rui \u00e9\u00a0cotado para tentar uma cadeira no Senado, o que faria com que deixasse o cargo antes do fim do mandato, abrindo espa\u00e7o para que [&hellip;]<\/p>\n","protected":false},"author":1,"featured_media":29986,"comment_status":"closed","ping_status":"open","sticky":false,"template":"","format":"standard","meta":{"_uag_custom_page_level_css":"","_monsterinsights_skip_tracking":false,"_monsterinsights_sitenote_active":false,"_monsterinsights_sitenote_note":"","_monsterinsights_sitenote_category":0,"jetpack_post_was_ever_published":false,"_jetpack_newsletter_access":"","_jetpack_dont_email_post_to_subs":false,"_jetpack_newsletter_tier_id":0,"_jetpack_memberships_contains_paywalled_content":false,"_jetpack_memberships_contains_paid_content":false,"footnotes":"","jetpack_publicize_message":"","jetpack_publicize_feature_enabled":true,"jetpack_social_post_already_shared":true,"jetpack_social_options":{"image_generator_settings":{"template":"highway","default_image_id":0,"font":"","enabled":false},"version":2}},"categories":[197],"tags":[3825,4532,5985,6041],"class_list":["post-29985","post","type-post","status-publish","format-standard","has-post-thumbnail","hentry","category-politica","tag-declaracao","tag-discurso","tag-governador-rui-costa","tag-nao-vai-ser-candidato-em-2022"],"jetpack_publicize_connections":[],"jetpack_featured_media_url":"https:\/\/blogopara.com.br\/wp-content\/uploads\/2021\/11\/329122-IMAGEM_NOTICIA_0-1.jpg","uagb_featured_image_src":{"full":["https:\/\/blogopara.com.br\/wp-content\/uploads\/2021\/11\/329122-IMAGEM_NOTICIA_0-1.jpg",500,246,false],"thumbnail":["https:\/\/blogopara.com.br\/wp-content\/uploads\/2021\/11\/329122-IMAGEM_NOTICIA_0-1-150x150.jpg",150,150,true],"medium":["https:\/\/blogopara.com.br\/wp-content\/uploads\/2021\/11\/329122-IMAGEM_NOTICIA_0-1-300x148.jpg",300,148,true],"medium_large":["https:\/\/blogopara.com.br\/wp-content\/uploads\/2021\/11\/329122-IMAGEM_NOTICIA_0-1.jpg",500,246,false],"large":["https:\/\/blogopara.com.br\/wp-content\/uploads\/2021\/11\/329122-IMAGEM_NOTICIA_0-1.jpg",500,246,false],"1536x1536":["https:\/\/blogopara.com.br\/wp-content\/uploads\/2021\/11\/329122-IMAGEM_NOTICIA_0-1.jpg",500,246,false],"2048x2048":["https:\/\/blogopara.com.br\/wp-content\/uploads\/2021\/11\/329122-IMAGEM_NOTICIA_0-1.jpg",500,246,false],"mantranews-slider-large":["https:\/\/blogopara.com.br\/wp-content\/uploads\/2021\/11\/329122-IMAGEM_NOTICIA_0-1.jpg",500,246,false],"mantranews-featured-medium":["https:\/\/blogopara.com.br\/wp-content\/uploads\/2021\/11\/329122-IMAGEM_NOTICIA_0-1-420x246.jpg",420,246,true],"mantranews-featured-long":["https:\/\/blogopara.com.br\/wp-content\/uploads\/2021\/11\/329122-IMAGEM_NOTICIA_0-1-300x246.jpg",300,246,true],"mantranews-block-medium":["https:\/\/blogopara.com.br\/wp-content\/uploads\/2021\/11\/329122-IMAGEM_NOTICIA_0-1-464x246.jpg",464,246,true],"mantranews-carousel-image":["https:\/\/blogopara.com.br\/wp-content\/uploads\/2021\/11\/329122-IMAGEM_NOTICIA_0-1.jpg",500,246,false],"mantranews-block-thumb":["https:\/\/blogopara.com.br\/wp-content\/uploads\/2021\/11\/329122-IMAGEM_NOTICIA_0-1-322x230.jpg",322,230,true],"mantranews-single-large":["https:\/\/blogopara.com.br\/wp-content\/uploads\/2021\/11\/329122-IMAGEM_NOTICIA_0-1.jpg",500,246,false]},"uagb_author_info":{"display_name":"Reda\u00e7\u00e3o geral","author_link":"https:\/\/blogopara.com.br\/index.php\/author\/blogopara"},"uagb_comment_info":0,"uagb_excerpt":"Durante discurso nesta quinta-feira (4)\u00a0em evento na cidade de Jaguarari, interior da Bahia, o governador Rui Costa (PT) revelou que n\u00e3o ser\u00e1 candidato em 2022. Sucessor de Jaques Wagner (PT), Rui \u00e9\u00a0cotado para tentar uma cadeira no Senado, o que faria com que deixasse o cargo antes do fim do mandato, abrindo espa\u00e7o para que&hellip;","jetpack_sharing_enabled":true,"jetpack_likes_enabled":true,"_links":{"self":[{"href":"https:\/\/blogopara.com.br\/index.php\/wp-json\/wp\/v2\/posts\/29985","targetHints":{"allow":["GET"]}}],"collection":[{"href":"https:\/\/blogopara.com.br\/index.php\/wp-json\/wp\/v2\/posts"}],"about":[{"href":"https:\/\/blogopara.com.br\/index.php\/wp-json\/wp\/v2\/types\/post"}],"author":[{"embeddable":true,"href":"https:\/\/blogopara.com.br\/index.php\/wp-json\/wp\/v2\/users\/1"}],"replies":[{"embeddable":true,"href":"https:\/\/blogopara.com.br\/index.php\/wp-json\/wp\/v2\/comments?post=29985"}],"version-history":[{"count":1,"href":"https:\/\/blogopara.com.br\/index.php\/wp-json\/wp\/v2\/posts\/29985\/revisions"}],"predecessor-version":[{"id":29987,"href":"https:\/\/blogopara.com.br\/index.php\/wp-json\/wp\/v2\/posts\/29985\/revisions\/29987"}],"wp:featuredmedia":[{"embeddable":true,"href":"https:\/\/blogopara.com.br\/index.php\/wp-json\/wp\/v2\/media\/29986"}],"wp:attachment":[{"href":"https:\/\/blogopara.com.br\/index.php\/wp-json\/wp\/v2\/media?parent=29985"}],"wp:term":[{"taxonomy":"category","embeddable":true,"href":"https:\/\/blogopara.com.br\/index.php\/wp-json\/wp\/v2\/categories?post=29985"},{"taxonomy":"post_tag","embeddable":true,"href":"https:\/\/blogopara.com.br\/index.php\/wp-json\/wp\/v2\/tags?post=29985"}],"curies":[{"name":"wp","href":"https:\/\/api.w.org\/{rel}","templated":true}]}}