{"id":29989,"date":"2021-11-04T18:49:00","date_gmt":"2021-11-04T21:49:00","guid":{"rendered":"https:\/\/blogopara.com.br\/?p=29989"},"modified":"2021-11-04T15:02:06","modified_gmt":"2021-11-04T18:02:06","slug":"europa-volta-a-ser-epicentro-da-pandemia-recorde-de-casos-na-alemanha","status":"publish","type":"post","link":"https:\/\/blogopara.com.br\/index.php\/2021\/11\/04\/europa-volta-a-ser-epicentro-da-pandemia-recorde-de-casos-na-alemanha","title":{"rendered":"Europa volta a ser epicentro da pandemia, recorde de casos na Alemanha"},"content":{"rendered":"<p style=\"text-align: justify;\">O ritmo atual de transmiss\u00e3o do coronav\u00edrus na Europa \u00e9 \u201cmuito preocupante\u201d e poderia provocar meio milh\u00e3o de mortes adicionais at\u00e9 fevereiro no continente, alertou nesta quinta-feira (4) a Organiza\u00e7\u00e3o Mundial da Sa\u00fade (OMS).<\/p>\n<div class=\"td-a-ad id_inline_ad0 id_ad_content-horiz-left\" style=\"text-align: justify;\">\n<div class=\"g g-12\">\n<div class=\"g-single a-18\">\n<div>\n<div class=\"clever-core-ads\"><span style=\"color: initial; font-size: revert;\">Essa quarta onda \u201cmaci\u00e7a\u201d afeta especialmente a Alemanha, que registrou nesta quinta-feira um recorde de casos di\u00e1rios desde o in\u00edcio da pandemia de coronav\u00edrus, com um total de 33.949 casos em 24 horas, segundo o instituto de vigil\u00e2ncia sanit\u00e1ria Robert Koch.<\/span><\/div>\n<\/div>\n<\/div>\n<\/div>\n<\/div>\n<p style=\"text-align: justify;\">\u201cEstamos, de novo, no epicentro\u201d, lamentou o diretor da OMS Europa, Hans Kluge, em entrevista coletiva virtual.<\/p>\n<p style=\"text-align: justify;\">\u201cO ritmo atual de transmiss\u00e3o nos 53 pa\u00edses que formam a regi\u00e3o europeia \u00e9 muito preocupante (\u2026) Se mantivermos esta trajet\u00f3ria, poderemos ter outro meio milh\u00e3o de mortos por covid-19 na regi\u00e3o at\u00e9 fevereiro\u201d, acrescentou.<\/p>\n<p style=\"text-align: justify;\">Para a OMS, o aumento dos casos se explica pela combina\u00e7\u00e3o de uma vacina\u00e7\u00e3o insuficiente com uma flexibiliza\u00e7\u00e3o das medidas anticovid.<\/p>\n<p style=\"text-align: justify;\">Segundo os dados da OMS Europa, as hospitaliza\u00e7\u00f5es vinculadas ao coronav\u00edrus \u201cdobraram em uma semana\u201d.<\/p>\n<p style=\"text-align: justify;\">Justamente para frear a satura\u00e7\u00e3o dos hospitais, nesta quinta-feira o Reino Unido, um dos pa\u00edses com mais mortes pela pandemia, aprovou o molnupiravir, um medicamento em comprimidos contra a covid-19 elaborado pelo laborat\u00f3rio americano MSD que pode reduzir as hospitaliza\u00e7\u00f5es em 50%. \u00c9 o primeiro pa\u00eds do mundo a homologar este tratamento.<\/p>\n<p>\u00a0<\/p>\n<p>Fonte: Informe Baiano<\/p>\n","protected":false},"excerpt":{"rendered":"<p>O ritmo atual de transmiss\u00e3o do coronav\u00edrus na Europa \u00e9 \u201cmuito preocupante\u201d e poderia provocar meio milh\u00e3o de mortes adicionais at\u00e9 fevereiro no continente, alertou nesta quinta-feira (4) a Organiza\u00e7\u00e3o Mundial da Sa\u00fade (OMS). Essa quarta onda \u201cmaci\u00e7a\u201d afeta especialmente a Alemanha, que registrou nesta quinta-feira um recorde de casos di\u00e1rios desde o in\u00edcio da [&hellip;]<\/p>\n","protected":false},"author":1,"featured_media":22897,"comment_status":"closed","ping_status":"open","sticky":false,"template":"","format":"standard","meta":{"_uag_custom_page_level_css":"","_monsterinsights_skip_tracking":false,"_monsterinsights_sitenote_active":false,"_monsterinsights_sitenote_note":"","_monsterinsights_sitenote_category":0,"jetpack_post_was_ever_published":false,"_jetpack_newsletter_access":"","_jetpack_dont_email_post_to_subs":false,"_jetpack_newsletter_tier_id":0,"_jetpack_memberships_contains_paywalled_content":false,"_jetpack_memberships_contains_paid_content":false,"footnotes":"","jetpack_publicize_message":"","jetpack_publicize_feature_enabled":true,"jetpack_social_post_already_shared":true,"jetpack_social_options":{"image_generator_settings":{"template":"highway","default_image_id":0,"font":"","enabled":false},"version":2}},"categories":[2801],"tags":[575,6042,5845,1484],"class_list":["post-29989","post","type-post","status-publish","format-standard","has-post-thumbnail","hentry","category-covid19","tag-alemanha","tag-epicentro","tag-europa","tag-pandemia"],"jetpack_publicize_connections":[],"jetpack_featured_media_url":"https:\/\/blogopara.com.br\/wp-content\/uploads\/2021\/05\/coronavirus-rna-genoma-do-virus-1610454347923_v2_900x506.jpg","uagb_featured_image_src":{"full":["https:\/\/blogopara.com.br\/wp-content\/uploads\/2021\/05\/coronavirus-rna-genoma-do-virus-1610454347923_v2_900x506.jpg",500,281,false],"thumbnail":["https:\/\/blogopara.com.br\/wp-content\/uploads\/2021\/05\/coronavirus-rna-genoma-do-virus-1610454347923_v2_900x506-150x150.jpg",150,150,true],"medium":["https:\/\/blogopara.com.br\/wp-content\/uploads\/2021\/05\/coronavirus-rna-genoma-do-virus-1610454347923_v2_900x506-300x169.jpg",300,169,true],"medium_large":["https:\/\/blogopara.com.br\/wp-content\/uploads\/2021\/05\/coronavirus-rna-genoma-do-virus-1610454347923_v2_900x506.jpg",500,281,false],"large":["https:\/\/blogopara.com.br\/wp-content\/uploads\/2021\/05\/coronavirus-rna-genoma-do-virus-1610454347923_v2_900x506.jpg",500,281,false],"1536x1536":["https:\/\/blogopara.com.br\/wp-content\/uploads\/2021\/05\/coronavirus-rna-genoma-do-virus-1610454347923_v2_900x506.jpg",500,281,false],"2048x2048":["https:\/\/blogopara.com.br\/wp-content\/uploads\/2021\/05\/coronavirus-rna-genoma-do-virus-1610454347923_v2_900x506.jpg",500,281,false],"mantranews-slider-large":["https:\/\/blogopara.com.br\/wp-content\/uploads\/2021\/05\/coronavirus-rna-genoma-do-virus-1610454347923_v2_900x506.jpg",500,281,false],"mantranews-featured-medium":["https:\/\/blogopara.com.br\/wp-content\/uploads\/2021\/05\/coronavirus-rna-genoma-do-virus-1610454347923_v2_900x506-420x281.jpg",420,281,true],"mantranews-featured-long":["https:\/\/blogopara.com.br\/wp-content\/uploads\/2021\/05\/coronavirus-rna-genoma-do-virus-1610454347923_v2_900x506-300x281.jpg",300,281,true],"mantranews-block-medium":["https:\/\/blogopara.com.br\/wp-content\/uploads\/2021\/05\/coronavirus-rna-genoma-do-virus-1610454347923_v2_900x506-464x281.jpg",464,281,true],"mantranews-carousel-image":["https:\/\/blogopara.com.br\/wp-content\/uploads\/2021\/05\/coronavirus-rna-genoma-do-virus-1610454347923_v2_900x506.jpg",500,281,false],"mantranews-block-thumb":["https:\/\/blogopara.com.br\/wp-content\/uploads\/2021\/05\/coronavirus-rna-genoma-do-virus-1610454347923_v2_900x506-322x230.jpg",322,230,true],"mantranews-single-large":["https:\/\/blogopara.com.br\/wp-content\/uploads\/2021\/05\/coronavirus-rna-genoma-do-virus-1610454347923_v2_900x506.jpg",500,281,false]},"uagb_author_info":{"display_name":"Reda\u00e7\u00e3o geral","author_link":"https:\/\/blogopara.com.br\/index.php\/author\/blogopara"},"uagb_comment_info":0,"uagb_excerpt":"O ritmo atual de transmiss\u00e3o do coronav\u00edrus na Europa \u00e9 \u201cmuito preocupante\u201d e poderia provocar meio milh\u00e3o de mortes adicionais at\u00e9 fevereiro no continente, alertou nesta quinta-feira (4) a Organiza\u00e7\u00e3o Mundial da Sa\u00fade (OMS). Essa quarta onda \u201cmaci\u00e7a\u201d afeta especialmente a Alemanha, que registrou nesta quinta-feira um recorde de casos di\u00e1rios desde o in\u00edcio da&hellip;","jetpack_sharing_enabled":true,"jetpack_likes_enabled":true,"_links":{"self":[{"href":"https:\/\/blogopara.com.br\/index.php\/wp-json\/wp\/v2\/posts\/29989","targetHints":{"allow":["GET"]}}],"collection":[{"href":"https:\/\/blogopara.com.br\/index.php\/wp-json\/wp\/v2\/posts"}],"about":[{"href":"https:\/\/blogopara.com.br\/index.php\/wp-json\/wp\/v2\/types\/post"}],"author":[{"embeddable":true,"href":"https:\/\/blogopara.com.br\/index.php\/wp-json\/wp\/v2\/users\/1"}],"replies":[{"embeddable":true,"href":"https:\/\/blogopara.com.br\/index.php\/wp-json\/wp\/v2\/comments?post=29989"}],"version-history":[{"count":1,"href":"https:\/\/blogopara.com.br\/index.php\/wp-json\/wp\/v2\/posts\/29989\/revisions"}],"predecessor-version":[{"id":29994,"href":"https:\/\/blogopara.com.br\/index.php\/wp-json\/wp\/v2\/posts\/29989\/revisions\/29994"}],"wp:featuredmedia":[{"embeddable":true,"href":"https:\/\/blogopara.com.br\/index.php\/wp-json\/wp\/v2\/media\/22897"}],"wp:attachment":[{"href":"https:\/\/blogopara.com.br\/index.php\/wp-json\/wp\/v2\/media?parent=29989"}],"wp:term":[{"taxonomy":"category","embeddable":true,"href":"https:\/\/blogopara.com.br\/index.php\/wp-json\/wp\/v2\/categories?post=29989"},{"taxonomy":"post_tag","embeddable":true,"href":"https:\/\/blogopara.com.br\/index.php\/wp-json\/wp\/v2\/tags?post=29989"}],"curies":[{"name":"wp","href":"https:\/\/api.w.org\/{rel}","templated":true}]}}