{"id":30000,"date":"2021-11-04T19:13:00","date_gmt":"2021-11-04T22:13:00","guid":{"rendered":"https:\/\/blogopara.com.br\/?p=30000"},"modified":"2021-11-04T16:15:09","modified_gmt":"2021-11-04T19:15:09","slug":"prazo-para-inscricao-no-festival-edesio-santos-da-cancao-encerra-na-proxima-segunda-feira","status":"publish","type":"post","link":"https:\/\/blogopara.com.br\/index.php\/2021\/11\/04\/prazo-para-inscricao-no-festival-edesio-santos-da-cancao-encerra-na-proxima-segunda-feira","title":{"rendered":"Prazo para inscri\u00e7\u00e3o no Festival Ed\u00e9sio Santos da Can\u00e7\u00e3o encerra na pr\u00f3xima segunda-feira"},"content":{"rendered":"<p class=\"x_MsoNormal\" style=\"text-align: justify;\">Encerra na pr\u00f3xima segunda-feira (08), o prazo para inscri\u00e7\u00e3o na 24\u00aa edi\u00e7\u00e3o do Festival Ed\u00e9sio Santos da Can\u00e7\u00e3o \u2013 \u2018O Mundo Canta Juazeiro\u2019. O evento, promovido pela Prefeitura de Juazeiro, norte da Bahia, \u00e9 uma celebra\u00e7\u00e3o da M\u00fasica Popular Brasileira e vai acontecer de 9 a 11 de dezembro.<\/p>\n<p class=\"x_MsoNormal\" style=\"text-align: justify;\">Os compositores podem inscrever can\u00e7\u00f5es in\u00e9ditas e originais, de todos os g\u00eaneros e estilos da M\u00fasica Popular Brasileira. As inscri\u00e7\u00f5es s\u00e3o gratuitas e podem ser feitas de forma online, atrav\u00e9s do endere\u00e7o eletr\u00f4nico\u00a0<a href=\"https:\/\/www6.juazeiro.ba.gov.br\/festival\" target=\"_blank\" rel=\"noopener noreferrer\" data-auth=\"NotApplicable\" data-linkindex=\"0\">https:\/\/www6.juazeiro.ba.gov.br\/festival<\/a>\u00a0e cada candidato pode submeter at\u00e9 duas m\u00fasicas, sendo que apenas uma ser\u00e1 selecionada.<\/p>\n<p class=\"x_MsoNormal\" style=\"text-align: justify;\">Entre as can\u00e7\u00f5es inscritas, o corpo de jurados selecionar\u00e1 24 m\u00fasicas, que ser\u00e3o apresentadas nas eliminat\u00f3rias do Festival, nos dias 9 e 10 de dezembro. Mais informa\u00e7\u00f5es sobre inscri\u00e7\u00f5es no edital do concurso, dispon\u00edvel no Di\u00e1rio Oficial do Munic\u00edpio (<a href=\"http:\/\/doem.org.br\/ba\/juazeiro\/diarios\/previsualizar\/2V3lJlNe\" target=\"_blank\" rel=\"noopener noreferrer\" data-auth=\"NotApplicable\" data-linkindex=\"1\">http:\/\/doem.org.br\/ba\/juazeiro\/diarios\/previsualizar\/2V3lJlNe<\/a>), ou atrav\u00e9s do telefone: (74) 3613-0654.<\/p>\n<p class=\"x_MsoNormal\" style=\"text-align: justify;\"><b>\u00a0<\/b><b>Premia\u00e7\u00e3o<\/b><\/p>\n<p class=\"x_MsoNormal\" style=\"text-align: justify;\"><b>\u00a0<\/b>Entre as 12 can\u00e7\u00f5es escolhidas para a fase final, que acontecer\u00e1 no dia 11 de dezembro, as tr\u00eas primeiras m\u00fasicas colocadas, melhor int\u00e9rprete, melhor can\u00e7\u00e3o local e o vencedor do J\u00fari Popular receber\u00e3o as seguintes premia\u00e7\u00f5es: 1\u00ba lugar, R$ 10,5 mil; 2\u00ba lugar, 8,5 mil; 3\u00ba lugar, R$ 6,5 mil; Melhor M\u00fasica Local, R$ 4 mil; Melhor Int\u00e9rprete, R$ 3,5 mil, Pr\u00eamio do J\u00fari Popular, R$ 2,5 mil.<\/p>\n","protected":false},"excerpt":{"rendered":"<p>Encerra na pr\u00f3xima segunda-feira (08), o prazo para inscri\u00e7\u00e3o na 24\u00aa edi\u00e7\u00e3o do Festival Ed\u00e9sio Santos da Can\u00e7\u00e3o \u2013 \u2018O Mundo Canta Juazeiro\u2019. O evento, promovido pela Prefeitura de Juazeiro, norte da Bahia, \u00e9 uma celebra\u00e7\u00e3o da M\u00fasica Popular Brasileira e vai acontecer de 9 a 11 de dezembro. Os compositores podem inscrever can\u00e7\u00f5es in\u00e9ditas [&hellip;]<\/p>\n","protected":false},"author":1,"featured_media":29625,"comment_status":"closed","ping_status":"open","sticky":false,"template":"","format":"standard","meta":{"_uag_custom_page_level_css":"","_monsterinsights_skip_tracking":false,"_monsterinsights_sitenote_active":false,"_monsterinsights_sitenote_note":"","_monsterinsights_sitenote_category":0,"jetpack_post_was_ever_published":false,"_jetpack_newsletter_access":"","_jetpack_dont_email_post_to_subs":false,"_jetpack_newsletter_tier_id":0,"_jetpack_memberships_contains_paywalled_content":false,"_jetpack_memberships_contains_paid_content":false,"footnotes":"","jetpack_publicize_message":"","jetpack_publicize_feature_enabled":true,"jetpack_social_post_already_shared":true,"jetpack_social_options":{"image_generator_settings":{"template":"highway","default_image_id":0,"font":"","enabled":false},"version":2}},"categories":[1784,203],"tags":[],"class_list":["post-30000","post","type-post","status-publish","format-standard","has-post-thumbnail","hentry","category-cultura-2","category-juazeiro"],"jetpack_publicize_connections":[],"jetpack_featured_media_url":"https:\/\/blogopara.com.br\/wp-content\/uploads\/2021\/10\/thumbnail_Festival-Edesio-Santos.jpg","uagb_featured_image_src":{"full":["https:\/\/blogopara.com.br\/wp-content\/uploads\/2021\/10\/thumbnail_Festival-Edesio-Santos.jpg",500,500,false],"thumbnail":["https:\/\/blogopara.com.br\/wp-content\/uploads\/2021\/10\/thumbnail_Festival-Edesio-Santos-150x150.jpg",150,150,true],"medium":["https:\/\/blogopara.com.br\/wp-content\/uploads\/2021\/10\/thumbnail_Festival-Edesio-Santos-300x300.jpg",300,300,true],"medium_large":["https:\/\/blogopara.com.br\/wp-content\/uploads\/2021\/10\/thumbnail_Festival-Edesio-Santos.jpg",500,500,false],"large":["https:\/\/blogopara.com.br\/wp-content\/uploads\/2021\/10\/thumbnail_Festival-Edesio-Santos.jpg",500,500,false],"1536x1536":["https:\/\/blogopara.com.br\/wp-content\/uploads\/2021\/10\/thumbnail_Festival-Edesio-Santos.jpg",500,500,false],"2048x2048":["https:\/\/blogopara.com.br\/wp-content\/uploads\/2021\/10\/thumbnail_Festival-Edesio-Santos.jpg",500,500,false],"mantranews-slider-large":["https:\/\/blogopara.com.br\/wp-content\/uploads\/2021\/10\/thumbnail_Festival-Edesio-Santos.jpg",500,500,false],"mantranews-featured-medium":["https:\/\/blogopara.com.br\/wp-content\/uploads\/2021\/10\/thumbnail_Festival-Edesio-Santos-420x307.jpg",420,307,true],"mantranews-featured-long":["https:\/\/blogopara.com.br\/wp-content\/uploads\/2021\/10\/thumbnail_Festival-Edesio-Santos-300x443.jpg",300,443,true],"mantranews-block-medium":["https:\/\/blogopara.com.br\/wp-content\/uploads\/2021\/10\/thumbnail_Festival-Edesio-Santos-464x290.jpg",464,290,true],"mantranews-carousel-image":["https:\/\/blogopara.com.br\/wp-content\/uploads\/2021\/10\/thumbnail_Festival-Edesio-Santos.jpg",500,500,false],"mantranews-block-thumb":["https:\/\/blogopara.com.br\/wp-content\/uploads\/2021\/10\/thumbnail_Festival-Edesio-Santos-322x230.jpg",322,230,true],"mantranews-single-large":["https:\/\/blogopara.com.br\/wp-content\/uploads\/2021\/10\/thumbnail_Festival-Edesio-Santos.jpg",500,500,false]},"uagb_author_info":{"display_name":"Reda\u00e7\u00e3o geral","author_link":"https:\/\/blogopara.com.br\/index.php\/author\/blogopara"},"uagb_comment_info":0,"uagb_excerpt":"Encerra na pr\u00f3xima segunda-feira (08), o prazo para inscri\u00e7\u00e3o na 24\u00aa edi\u00e7\u00e3o do Festival Ed\u00e9sio Santos da Can\u00e7\u00e3o \u2013 \u2018O Mundo Canta Juazeiro\u2019. O evento, promovido pela Prefeitura de Juazeiro, norte da Bahia, \u00e9 uma celebra\u00e7\u00e3o da M\u00fasica Popular Brasileira e vai acontecer de 9 a 11 de dezembro. Os compositores podem inscrever can\u00e7\u00f5es in\u00e9ditas&hellip;","jetpack_sharing_enabled":true,"jetpack_likes_enabled":true,"_links":{"self":[{"href":"https:\/\/blogopara.com.br\/index.php\/wp-json\/wp\/v2\/posts\/30000","targetHints":{"allow":["GET"]}}],"collection":[{"href":"https:\/\/blogopara.com.br\/index.php\/wp-json\/wp\/v2\/posts"}],"about":[{"href":"https:\/\/blogopara.com.br\/index.php\/wp-json\/wp\/v2\/types\/post"}],"author":[{"embeddable":true,"href":"https:\/\/blogopara.com.br\/index.php\/wp-json\/wp\/v2\/users\/1"}],"replies":[{"embeddable":true,"href":"https:\/\/blogopara.com.br\/index.php\/wp-json\/wp\/v2\/comments?post=30000"}],"version-history":[{"count":1,"href":"https:\/\/blogopara.com.br\/index.php\/wp-json\/wp\/v2\/posts\/30000\/revisions"}],"predecessor-version":[{"id":30001,"href":"https:\/\/blogopara.com.br\/index.php\/wp-json\/wp\/v2\/posts\/30000\/revisions\/30001"}],"wp:featuredmedia":[{"embeddable":true,"href":"https:\/\/blogopara.com.br\/index.php\/wp-json\/wp\/v2\/media\/29625"}],"wp:attachment":[{"href":"https:\/\/blogopara.com.br\/index.php\/wp-json\/wp\/v2\/media?parent=30000"}],"wp:term":[{"taxonomy":"category","embeddable":true,"href":"https:\/\/blogopara.com.br\/index.php\/wp-json\/wp\/v2\/categories?post=30000"},{"taxonomy":"post_tag","embeddable":true,"href":"https:\/\/blogopara.com.br\/index.php\/wp-json\/wp\/v2\/tags?post=30000"}],"curies":[{"name":"wp","href":"https:\/\/api.w.org\/{rel}","templated":true}]}}