{"id":30061,"date":"2021-11-06T14:36:00","date_gmt":"2021-11-06T17:36:00","guid":{"rendered":"https:\/\/blogopara.com.br\/?p=30061"},"modified":"2021-11-05T17:38:21","modified_gmt":"2021-11-05T20:38:21","slug":"aulas-presenciais-do-ensino-fundamental-i-e-ii-e-do-eja-na-rede-municipal-de-juazeiro-retornam-na-proxima-segunda-feira","status":"publish","type":"post","link":"https:\/\/blogopara.com.br\/index.php\/2021\/11\/06\/aulas-presenciais-do-ensino-fundamental-i-e-ii-e-do-eja-na-rede-municipal-de-juazeiro-retornam-na-proxima-segunda-feira","title":{"rendered":"Aulas presenciais do Ensino Fundamental I e II e do EJA na Rede Municipal de Juazeiro retornam na pr\u00f3xima segunda-feira"},"content":{"rendered":"<div style=\"text-align: justify;\">Na pr\u00f3xima segunda-feira (08), a Prefeitura de Juazeiro iniciar\u00e1 mais uma etapa do plano para retorno gradual das aulas presenciais da Rede Municipal. As escolas est\u00e3o preparadas para receber os alunos do Ensino Infantil (nas unidades que ofertam o segmento); Fundamental I e II (1\u00ba ao 9\u00ba) e Educa\u00e7\u00e3o de Jovens e Adultos, todas localizadas na sede do munic\u00edpio.<br aria-hidden=\"true\" \/><br aria-hidden=\"true\" \/>As atividades acontecer\u00e3o de forma h\u00edbrida, com aulas presenciais e atividades pedag\u00f3gicas remotas, de acordo com o protocolo de retorno estabelecido pela Secretaria de Educa\u00e7\u00e3o e Juventude (Seduc).<br aria-hidden=\"true\" \/><br aria-hidden=\"true\" \/>As aulas dever\u00e3o acontecer respeitando a lota\u00e7\u00e3o m\u00e1xima de 50% de ocupa\u00e7\u00e3o das salas, seguindo os seguintes crit\u00e9rios de seguran\u00e7a sanit\u00e1ria contra a Covid-19: uso obrigat\u00f3rio de m\u00e1scara; disponibiliza\u00e7\u00e3o de \u00e1lcool em gel em locais acess\u00edveis; escalonamento de hor\u00e1rios de entrada, sa\u00edda e intervalos para as refei\u00e7\u00f5es; interdi\u00e7\u00e3o de bebedouros coletivos; e higieniza\u00e7\u00e3o de superf\u00edcies de toque, como mesas, cadeiras e livros, no in\u00edcio e final das atividades.<br aria-hidden=\"true\" \/><br aria-hidden=\"true\" \/>Os pais e estudantes podem verificar os detalhes do plano de retorno das atividades e do protocolo de seguran\u00e7a, atrav\u00e9s do link:\u00a0<a id=\"LPlnk836611\" href=\"https:\/\/doem.org.br\/ba\/juazeiro\" target=\"_blank\" rel=\"noopener noreferrer\" data-auth=\"NotApplicable\" data-linkindex=\"0\">https:\/\/doem.org.br\/ba\/juazeiro<\/a><\/p>\n<div id=\"LPBorder_GTaHR0cHM6Ly9kb2VtLm9yZy5ici9iYS9qdWF6ZWlybw..\" class=\"LPBorder515891\">\n<table id=\"LPContainer515891\" role=\"presentation\">\n<tbody>\n<tr valign=\"top\">\n<td>\n<div id=\"LPImageContainer515891\"><a id=\"LPImageAnchor515891\" href=\"https:\/\/doem.org.br\/ba\/juazeiro\" target=\"_blank\" rel=\"noopener\"><img loading=\"lazy\" decoding=\"async\" id=\"LPThumbnailImageId515891\" src=\"https:\/\/doem.org.br\/uploads\/7ff140ea6708cd94bfb83aef752ba1e0.png\" alt=\"\" width=\"136\" height=\"160\" \/><\/a><\/div>\n<\/td>\n<td>\n<div id=\"LPTitle515891\"><a id=\"LPUrlAnchor515891\" href=\"https:\/\/doem.org.br\/ba\/juazeiro\" target=\"_blank\" rel=\"noopener\">Prefeitura Municipal de Juazeiro \u2014 Di\u00e1rio oficial<\/a><\/div>\n<div id=\"LPDescription515891\">Di\u00e1rio Oficial &#8211; Prefeitura Municipal de Juazeiro. Este website utiliza cookies pr\u00f3prios e de terceiros a fim de personalizar o conte\u00fado, melhorar a experi\u00eancia do usu\u00e1rio, fornecer fun\u00e7\u00f5es de m\u00eddias sociais e analisar o tr\u00e1fego.<\/div>\n<div id=\"LPMetadata515891\">doem.org.br<\/div>\n<\/td>\n<\/tr>\n<\/tbody>\n<\/table>\n<\/div>\n<p><br aria-hidden=\"true\" \/><br aria-hidden=\"true\" \/><b>Novas etapas do plano<\/b><br aria-hidden=\"true\" \/><br aria-hidden=\"true\" \/>Nas pr\u00f3ximas semanas, acontecer\u00e1 o retorno das aulas nas escolas do interior do munic\u00edpio. Assim como na sede, as atividades letivas ocorrer\u00e3o de forma semipresencial e escalonada, com o revezamento de turmas. Confira as datas:<br aria-hidden=\"true\" \/><br aria-hidden=\"true\" \/>22\/11 a 26\/11 \u2013 Educa\u00e7\u00e3o Infantil em escolas do interior;<br aria-hidden=\"true\" \/>06\/12 a 10\/12 \u2013 Fundamental I e II em escolas do interior.<br aria-hidden=\"true\" \/><br aria-hidden=\"true\" \/>O calend\u00e1rio foi validado pela Comiss\u00e3o Municipal para Articula\u00e7\u00e3o e Organiza\u00e7\u00e3o do Retorno \u00e0s Aulas Presenciais, composta por representantes da Seduc, Secretaria de Sa\u00fade (Sesau) e de diversas entidades e sindicatos representativos dos segmentos da educa\u00e7\u00e3o.<\/div>\n<div><\/div>\n","protected":false},"excerpt":{"rendered":"<p>Na pr\u00f3xima segunda-feira (08), a Prefeitura de Juazeiro iniciar\u00e1 mais uma etapa do plano para retorno gradual das aulas presenciais da Rede Municipal. As escolas est\u00e3o preparadas para receber os alunos do Ensino Infantil (nas unidades que ofertam o segmento); Fundamental I e II (1\u00ba ao 9\u00ba) e Educa\u00e7\u00e3o de Jovens e Adultos, todas localizadas [&hellip;]<\/p>\n","protected":false},"author":1,"featured_media":30063,"comment_status":"closed","ping_status":"open","sticky":false,"template":"","format":"standard","meta":{"_uag_custom_page_level_css":"","_monsterinsights_skip_tracking":false,"_monsterinsights_sitenote_active":false,"_monsterinsights_sitenote_note":"","_monsterinsights_sitenote_category":0,"jetpack_post_was_ever_published":false,"_jetpack_newsletter_access":"","_jetpack_dont_email_post_to_subs":false,"_jetpack_newsletter_tier_id":0,"_jetpack_memberships_contains_paywalled_content":false,"_jetpack_memberships_contains_paid_content":false,"footnotes":"","jetpack_publicize_message":"","jetpack_publicize_feature_enabled":true,"jetpack_social_post_already_shared":true,"jetpack_social_options":{"image_generator_settings":{"template":"highway","default_image_id":0,"font":"","enabled":false},"version":2}},"categories":[209,203],"tags":[],"class_list":["post-30061","post","type-post","status-publish","format-standard","has-post-thumbnail","hentry","category-educacao","category-juazeiro"],"jetpack_publicize_connections":[],"jetpack_featured_media_url":"https:\/\/blogopara.com.br\/wp-content\/uploads\/2021\/11\/thumbnail_Card-Retorno-das-aulas.jpg","uagb_featured_image_src":{"full":["https:\/\/blogopara.com.br\/wp-content\/uploads\/2021\/11\/thumbnail_Card-Retorno-das-aulas.jpg",500,500,false],"thumbnail":["https:\/\/blogopara.com.br\/wp-content\/uploads\/2021\/11\/thumbnail_Card-Retorno-das-aulas-150x150.jpg",150,150,true],"medium":["https:\/\/blogopara.com.br\/wp-content\/uploads\/2021\/11\/thumbnail_Card-Retorno-das-aulas-300x300.jpg",300,300,true],"medium_large":["https:\/\/blogopara.com.br\/wp-content\/uploads\/2021\/11\/thumbnail_Card-Retorno-das-aulas.jpg",500,500,false],"large":["https:\/\/blogopara.com.br\/wp-content\/uploads\/2021\/11\/thumbnail_Card-Retorno-das-aulas.jpg",500,500,false],"1536x1536":["https:\/\/blogopara.com.br\/wp-content\/uploads\/2021\/11\/thumbnail_Card-Retorno-das-aulas.jpg",500,500,false],"2048x2048":["https:\/\/blogopara.com.br\/wp-content\/uploads\/2021\/11\/thumbnail_Card-Retorno-das-aulas.jpg",500,500,false],"mantranews-slider-large":["https:\/\/blogopara.com.br\/wp-content\/uploads\/2021\/11\/thumbnail_Card-Retorno-das-aulas.jpg",500,500,false],"mantranews-featured-medium":["https:\/\/blogopara.com.br\/wp-content\/uploads\/2021\/11\/thumbnail_Card-Retorno-das-aulas-420x307.jpg",420,307,true],"mantranews-featured-long":["https:\/\/blogopara.com.br\/wp-content\/uploads\/2021\/11\/thumbnail_Card-Retorno-das-aulas-300x443.jpg",300,443,true],"mantranews-block-medium":["https:\/\/blogopara.com.br\/wp-content\/uploads\/2021\/11\/thumbnail_Card-Retorno-das-aulas-464x290.jpg",464,290,true],"mantranews-carousel-image":["https:\/\/blogopara.com.br\/wp-content\/uploads\/2021\/11\/thumbnail_Card-Retorno-das-aulas.jpg",500,500,false],"mantranews-block-thumb":["https:\/\/blogopara.com.br\/wp-content\/uploads\/2021\/11\/thumbnail_Card-Retorno-das-aulas-322x230.jpg",322,230,true],"mantranews-single-large":["https:\/\/blogopara.com.br\/wp-content\/uploads\/2021\/11\/thumbnail_Card-Retorno-das-aulas.jpg",500,500,false]},"uagb_author_info":{"display_name":"Reda\u00e7\u00e3o geral","author_link":"https:\/\/blogopara.com.br\/index.php\/author\/blogopara"},"uagb_comment_info":0,"uagb_excerpt":"Na pr\u00f3xima segunda-feira (08), a Prefeitura de Juazeiro iniciar\u00e1 mais uma etapa do plano para retorno gradual das aulas presenciais da Rede Municipal. As escolas est\u00e3o preparadas para receber os alunos do Ensino Infantil (nas unidades que ofertam o segmento); Fundamental I e II (1\u00ba ao 9\u00ba) e Educa\u00e7\u00e3o de Jovens e Adultos, todas localizadas&hellip;","jetpack_sharing_enabled":true,"jetpack_likes_enabled":true,"_links":{"self":[{"href":"https:\/\/blogopara.com.br\/index.php\/wp-json\/wp\/v2\/posts\/30061","targetHints":{"allow":["GET"]}}],"collection":[{"href":"https:\/\/blogopara.com.br\/index.php\/wp-json\/wp\/v2\/posts"}],"about":[{"href":"https:\/\/blogopara.com.br\/index.php\/wp-json\/wp\/v2\/types\/post"}],"author":[{"embeddable":true,"href":"https:\/\/blogopara.com.br\/index.php\/wp-json\/wp\/v2\/users\/1"}],"replies":[{"embeddable":true,"href":"https:\/\/blogopara.com.br\/index.php\/wp-json\/wp\/v2\/comments?post=30061"}],"version-history":[{"count":1,"href":"https:\/\/blogopara.com.br\/index.php\/wp-json\/wp\/v2\/posts\/30061\/revisions"}],"predecessor-version":[{"id":30064,"href":"https:\/\/blogopara.com.br\/index.php\/wp-json\/wp\/v2\/posts\/30061\/revisions\/30064"}],"wp:featuredmedia":[{"embeddable":true,"href":"https:\/\/blogopara.com.br\/index.php\/wp-json\/wp\/v2\/media\/30063"}],"wp:attachment":[{"href":"https:\/\/blogopara.com.br\/index.php\/wp-json\/wp\/v2\/media?parent=30061"}],"wp:term":[{"taxonomy":"category","embeddable":true,"href":"https:\/\/blogopara.com.br\/index.php\/wp-json\/wp\/v2\/categories?post=30061"},{"taxonomy":"post_tag","embeddable":true,"href":"https:\/\/blogopara.com.br\/index.php\/wp-json\/wp\/v2\/tags?post=30061"}],"curies":[{"name":"wp","href":"https:\/\/api.w.org\/{rel}","templated":true}]}}