{"id":30070,"date":"2021-11-05T22:01:14","date_gmt":"2021-11-06T01:01:14","guid":{"rendered":"https:\/\/blogopara.com.br\/?p=30070"},"modified":"2021-11-05T22:01:17","modified_gmt":"2021-11-06T01:01:17","slug":"aviao-de-marilia-mendonca-bateu-em-torre-de-alta-tensao-antes-de-cair","status":"publish","type":"post","link":"https:\/\/blogopara.com.br\/index.php\/2021\/11\/05\/aviao-de-marilia-mendonca-bateu-em-torre-de-alta-tensao-antes-de-cair","title":{"rendered":"Avi\u00e3o de Mar\u00edlia Mendon\u00e7a bateu em torre de alta tens\u00e3o antes de cair"},"content":{"rendered":"<div class=\"col-xs-12\">\n<div class=\"noticias-single__content\">\n<div class=\"noticias-single__content__text js-mediator-article\">\n<p class=\"bodytext\" style=\"text-align: justify;\">A Companhia Energ\u00e9tica de Minas Gerais (Cemig) confirmou que o avi\u00e3o King Air bateu em uma torre de alta tens\u00e3o antes de cair em Caratinga, Minas Gerais, nesta sexta-feira (5). A bordo estavam cinco ocupantes, incluindo a cantora Mar\u00edlia Mendon\u00e7a.<\/p>\n<p class=\"bodytext\" style=\"text-align: justify;\">O avi\u00e3o, um bimotor King Air da Beech Aircraft, fabricado em 1984, decolou de Goi\u00e2nia e caiu em uma cachoeira a 2 quil\u00f4metros da pista onde faria o pouso, segundo informou a Pol\u00edcia Militar mineira. A aeronave tinha capacidade para 4,7 mil quilos e podia levar at\u00e9 6 passageiros.<\/p>\n<div class=\"single-publicidade\" style=\"text-align: justify;\">\n<div id=\"emalta_300x250_01\" data-google-query-id=\"CJSfrPbAgvQCFVMyuQYdVzMGTQ\">\n<div id=\"google_ads_iframe_\/44585206\/c24h_emalta_300x250_01_0__container__\"><span style=\"font-size: revert; color: initial;\">Relatos de pilotos que sobrevoaram a regi\u00e3o pr\u00f3ximo ao momento do acidente e tamb\u00e9m de testemunhas s\u00e3o de que o avi\u00e3o pode ter rasgado fios de alta tens\u00e3o ligadas a uma torre pr\u00f3ximo ao local, de acordo com o G1.<\/span><\/div>\n<\/div>\n<\/div>\n<p class=\"bodytext\" style=\"text-align: justify;\">Nos meses de setembro e agosto, os \u00f3rg\u00e3os a\u00e9reos da regi\u00e3o j\u00e1 haviam recebido relatos de outros pilotos antes do acidente. Segundo eles, os fios el\u00e9tricos atrapalhariam o pouso no aer\u00f3dromo de Caratinga. S\u00e3o relatos denominados de Notam (Notifica\u00e7\u00e3o Aeron\u00e1utica) e que indicam dados sobre riscos e alertam outros pilotos que se dirigem \u00e0 regi\u00e3o sobre perigos para operar no local.<\/p>\n<div class=\"single-publicidade\" style=\"text-align: justify;\">\n<div id=\"div-gpt-ad-1558981264142-0\" data-google-query-id=\"CJqSzbXAgvQCFe8FuQYd61UEfw\" data-boostbox-banner-identifier=\"837c2c5013faacdac23f4735-68dcd6f27e7c\">\n<div id=\"google_ads_iframe_\/44585206\/c24h_internas_300x250_03_0__container__\"><span style=\"font-size: revert; color: initial;\">Uma testemunha relatou \u00e0s autoridades que, ap\u00f3s colidir contra os fios, o avi\u00e3o teria perdido um motor. A aeronave tinha dois motores mas, segundo essa testemunha, que tamb\u00e9m \u00e9 piloto, a aeronave teria perdido sustenta\u00e7\u00e3o com a colis\u00e3o (estolado), diz o G1.<\/span><\/div>\n<\/div>\n<\/div>\n<p class=\"bodytext\" style=\"text-align: justify;\">Para confirmar essa ou outros fatores que podem ter contribu\u00eddo para o acidente, a FAB ir\u00e1 fazer uma per\u00edcia nos destro\u00e7os do avi\u00e3o, ouvir testemunhas das pistas de pouso de onde o avi\u00e3o decolou e do destino, recuperar documentos, dados de inspe\u00e7\u00f5es t\u00e9cnicas, de manuten\u00e7\u00e3o do avi\u00e3o, al\u00e9m de ver a qualidade do combust\u00edvel usado na opera\u00e7\u00e3o.<\/p>\n<div class=\"single-publicidade\" style=\"text-align: justify;\">\n<div id=\"div-gpt-ad-1558981401166-0\" data-google-query-id=\"CO2mzbXAgvQCFSY0uQYdOLgGEA\" data-boostbox-banner-identifier=\"837c2c5013faacdac23f4735-205d08dc2e34c\">\n<div id=\"google_ads_iframe_\/44585206\/c24h_internas_300x250_04_0__container__\"><span style=\"font-size: revert; color: initial;\">Em nota, a Aeron\u00e1utica informou que &#8220;investigadores do Terceiro Servi\u00e7o Regional de Investiga\u00e7\u00e3o e Preven\u00e7\u00e3o de Acidentes Aeron\u00e1uticos (SERIPA 3), localizado no Rio de Janeiro (RJ), \u00f3rg\u00e3o regional do Centro de Investiga\u00e7\u00e3o e Preven\u00e7\u00e3o de Acidentes Aeron\u00e1uticos (CENIPA)&#8221; foram deslocados para o local da trag\u00e9dia para apurar o acidente.<\/span><\/div>\n<\/div>\n<\/div>\n<p class=\"bodytext\" style=\"text-align: justify;\">&#8220;Na a\u00e7\u00e3o inicial, os investigadores identificam ind\u00edcios, fotografam cenas, retiram partes da aeronave para an\u00e1lise, ouvem relatos de testemunhas, re\u00fanem documentos, etc. N\u00e3o existe um tempo previsto para essa atividade ocorrer, dependendo sempre da complexidade da ocorr\u00eancia&#8221;, afirmou a FAB.<\/p>\n<p class=\"bodytext\" style=\"text-align: justify;\">&#8220;O objetivo das investiga\u00e7\u00f5es realizadas pelo Cenipa \u00e9 prevenir que novos acidentes com caracter\u00edsticas semelhantes ocorram. A conclus\u00e3o das investiga\u00e7\u00f5es ter\u00e1 o menor prazo poss\u00edvel, dependendo sempre da complexidade de cada ocorr\u00eancia e, ainda, da necessidade de descobrir os fatores contribuintes&#8221;, disse a Aeron\u00e1utica.<\/p>\n<p class=\"bodytext\" style=\"text-align: justify;\">Conforme a Ag\u00eancia Nacional de Avia\u00e7\u00e3o Civil (Anac), o avi\u00e3o de Mar\u00edlia Mendon\u00e7a estava com a documenta\u00e7\u00e3o em dia e tinha autoriza\u00e7\u00e3o para fazer t\u00e1xi a\u00e9reo.<\/p>\n<p>\u00a0<\/p>\n<\/div>\n<p>Por: Correio 24 horas<\/p>\n<\/div>\n<\/div>\n<div class=\"col-xs-12\">\n<div class=\"noticias-single__content-area noticias-single__content-area--after-content\">\n<div class=\"chamada-assinatura\">\n<p class=\"bodytext\">\u00a0<\/p>\n<\/div>\n<\/div>\n<\/div>\n","protected":false},"excerpt":{"rendered":"<p>A Companhia Energ\u00e9tica de Minas Gerais (Cemig) confirmou que o avi\u00e3o King Air bateu em uma torre de alta tens\u00e3o antes de cair em Caratinga, Minas Gerais, nesta sexta-feira (5). A bordo estavam cinco ocupantes, incluindo a cantora Mar\u00edlia Mendon\u00e7a. O avi\u00e3o, um bimotor King Air da Beech Aircraft, fabricado em 1984, decolou de Goi\u00e2nia [&hellip;]<\/p>\n","protected":false},"author":1,"featured_media":30071,"comment_status":"closed","ping_status":"open","sticky":false,"template":"","format":"standard","meta":{"_uag_custom_page_level_css":"","_monsterinsights_skip_tracking":false,"_monsterinsights_sitenote_active":false,"_monsterinsights_sitenote_note":"","_monsterinsights_sitenote_category":0,"jetpack_post_was_ever_published":false,"_jetpack_newsletter_access":"","_jetpack_dont_email_post_to_subs":false,"_jetpack_newsletter_tier_id":0,"_jetpack_memberships_contains_paywalled_content":false,"_jetpack_memberships_contains_paid_content":false,"footnotes":"","jetpack_publicize_message":"","jetpack_publicize_feature_enabled":true,"jetpack_social_post_already_shared":true,"jetpack_social_options":{"image_generator_settings":{"template":"highway","default_image_id":0,"font":"","enabled":false},"version":2}},"categories":[200],"tags":[6073,984,6072,6071],"class_list":["post-30070","post","type-post","status-publish","format-standard","has-post-thumbnail","hentry","category-brasil","tag-antes-de-cair","tag-aviao","tag-bateu-em-torre-de-alta-tensao","tag-marilia-mendonca"],"jetpack_publicize_connections":[],"jetpack_featured_media_url":"https:\/\/blogopara.com.br\/wp-content\/uploads\/2021\/11\/csm_aviao_marilia_42b2e6e077.jpg","uagb_featured_image_src":{"full":["https:\/\/blogopara.com.br\/wp-content\/uploads\/2021\/11\/csm_aviao_marilia_42b2e6e077.jpg",500,281,false],"thumbnail":["https:\/\/blogopara.com.br\/wp-content\/uploads\/2021\/11\/csm_aviao_marilia_42b2e6e077-150x150.jpg",150,150,true],"medium":["https:\/\/blogopara.com.br\/wp-content\/uploads\/2021\/11\/csm_aviao_marilia_42b2e6e077-300x169.jpg",300,169,true],"medium_large":["https:\/\/blogopara.com.br\/wp-content\/uploads\/2021\/11\/csm_aviao_marilia_42b2e6e077.jpg",500,281,false],"large":["https:\/\/blogopara.com.br\/wp-content\/uploads\/2021\/11\/csm_aviao_marilia_42b2e6e077.jpg",500,281,false],"1536x1536":["https:\/\/blogopara.com.br\/wp-content\/uploads\/2021\/11\/csm_aviao_marilia_42b2e6e077.jpg",500,281,false],"2048x2048":["https:\/\/blogopara.com.br\/wp-content\/uploads\/2021\/11\/csm_aviao_marilia_42b2e6e077.jpg",500,281,false],"mantranews-slider-large":["https:\/\/blogopara.com.br\/wp-content\/uploads\/2021\/11\/csm_aviao_marilia_42b2e6e077.jpg",500,281,false],"mantranews-featured-medium":["https:\/\/blogopara.com.br\/wp-content\/uploads\/2021\/11\/csm_aviao_marilia_42b2e6e077-420x281.jpg",420,281,true],"mantranews-featured-long":["https:\/\/blogopara.com.br\/wp-content\/uploads\/2021\/11\/csm_aviao_marilia_42b2e6e077-300x281.jpg",300,281,true],"mantranews-block-medium":["https:\/\/blogopara.com.br\/wp-content\/uploads\/2021\/11\/csm_aviao_marilia_42b2e6e077-464x281.jpg",464,281,true],"mantranews-carousel-image":["https:\/\/blogopara.com.br\/wp-content\/uploads\/2021\/11\/csm_aviao_marilia_42b2e6e077.jpg",500,281,false],"mantranews-block-thumb":["https:\/\/blogopara.com.br\/wp-content\/uploads\/2021\/11\/csm_aviao_marilia_42b2e6e077-322x230.jpg",322,230,true],"mantranews-single-large":["https:\/\/blogopara.com.br\/wp-content\/uploads\/2021\/11\/csm_aviao_marilia_42b2e6e077.jpg",500,281,false]},"uagb_author_info":{"display_name":"Reda\u00e7\u00e3o geral","author_link":"https:\/\/blogopara.com.br\/index.php\/author\/blogopara"},"uagb_comment_info":0,"uagb_excerpt":"A Companhia Energ\u00e9tica de Minas Gerais (Cemig) confirmou que o avi\u00e3o King Air bateu em uma torre de alta tens\u00e3o antes de cair em Caratinga, Minas Gerais, nesta sexta-feira (5). A bordo estavam cinco ocupantes, incluindo a cantora Mar\u00edlia Mendon\u00e7a. O avi\u00e3o, um bimotor King Air da Beech Aircraft, fabricado em 1984, decolou de Goi\u00e2nia&hellip;","jetpack_sharing_enabled":true,"jetpack_likes_enabled":true,"_links":{"self":[{"href":"https:\/\/blogopara.com.br\/index.php\/wp-json\/wp\/v2\/posts\/30070","targetHints":{"allow":["GET"]}}],"collection":[{"href":"https:\/\/blogopara.com.br\/index.php\/wp-json\/wp\/v2\/posts"}],"about":[{"href":"https:\/\/blogopara.com.br\/index.php\/wp-json\/wp\/v2\/types\/post"}],"author":[{"embeddable":true,"href":"https:\/\/blogopara.com.br\/index.php\/wp-json\/wp\/v2\/users\/1"}],"replies":[{"embeddable":true,"href":"https:\/\/blogopara.com.br\/index.php\/wp-json\/wp\/v2\/comments?post=30070"}],"version-history":[{"count":1,"href":"https:\/\/blogopara.com.br\/index.php\/wp-json\/wp\/v2\/posts\/30070\/revisions"}],"predecessor-version":[{"id":30072,"href":"https:\/\/blogopara.com.br\/index.php\/wp-json\/wp\/v2\/posts\/30070\/revisions\/30072"}],"wp:featuredmedia":[{"embeddable":true,"href":"https:\/\/blogopara.com.br\/index.php\/wp-json\/wp\/v2\/media\/30071"}],"wp:attachment":[{"href":"https:\/\/blogopara.com.br\/index.php\/wp-json\/wp\/v2\/media?parent=30070"}],"wp:term":[{"taxonomy":"category","embeddable":true,"href":"https:\/\/blogopara.com.br\/index.php\/wp-json\/wp\/v2\/categories?post=30070"},{"taxonomy":"post_tag","embeddable":true,"href":"https:\/\/blogopara.com.br\/index.php\/wp-json\/wp\/v2\/tags?post=30070"}],"curies":[{"name":"wp","href":"https:\/\/api.w.org\/{rel}","templated":true}]}}