{"id":3017,"date":"2019-09-08T11:20:47","date_gmt":"2019-09-08T14:20:47","guid":{"rendered":"http:\/\/blogopara.com.br\/?p=3017"},"modified":"2019-09-08T11:20:55","modified_gmt":"2019-09-08T14:20:55","slug":"ex-travesti-antonio-deixou-de-ser-nadia-apos-18-anos-eu-era-uma-farsa","status":"publish","type":"post","link":"https:\/\/blogopara.com.br\/index.php\/2019\/09\/08\/ex-travesti-antonio-deixou-de-ser-nadia-apos-18-anos-eu-era-uma-farsa","title":{"rendered":"Ex-travesti, Ant\u00f4nio deixou de ser N\u00e1dia ap\u00f3s 18 anos: &#8216;Eu era uma farsa&#8217;"},"content":{"rendered":"<p>Por duas vezes, N\u00e1dia Nobre voltou a ser Ant\u00f4nio Teixeira. Na primeira, com pouco mais de 20 anos de idade, Nadia precisou apenas parar de tomar horm\u00f4nio feminino. Na segunda, aos 42, depois de 18 anos se prostituindo em S\u00e3o Paulo e na Europa, foi mais complicado. Ela teve de retirar as pr\u00f3teses dos seios e o silicone industrial que havia aplicado nos gl\u00fateos e coxas. Hoje, aos 50, Ant\u00f4nio diz que sempre teve horror a ideia de se prostituir, mas precisou se render \u00e0 necessidade quando desembarcou em S\u00e3o Paulo no come\u00e7o dos anos 1990, disposto a ser N\u00e1dia para sempre.<\/p>\n<p>Em todo esse tempo vendendo o corpo, a travesti faturou o suficiente para comprar tr\u00eas apartamentos em Fortaleza, o que n\u00e3o a impediu de olhar para tr\u00e1s e considerar a vida que estava levando uma &#8220;farsa&#8221;: &#8220;Eu n\u00e3o me reconhecia mais naquele personagem&#8221;, afirma. Apesar de decidida a fazer a transi\u00e7\u00e3o de volta para Ant\u00f4nio, ela tinha consci\u00eancia de que seria penoso: &#8220;N\u00e3o se tratava apenas de cortar o cabelo e me livrar das roupas. Ia ter de gastar dinheiro com cirurgias, explicar para as pessoas o que estava acontecendo e ainda passar por bicha homof\u00f3bica.&#8221; Ele diz que n\u00e3o pretende ser exemplo pra ningu\u00e9m, mas argumenta que o corpo e a vida s\u00e3o dele: &#8220;Disponho deles como quiser. Sempre foi assim.<\/p>\n<p>Adolescente introspectivo Definindo-se como &#8220;feminino desde crian\u00e7a&#8221;, Ant\u00f4nio Teixeira nasceu em uma fam\u00edlia de classe m\u00e9dia alta de Fortaleza, \u00e9 neto de pecuaristas e sofreu bullying a inf\u00e2ncia toda \u2014\u00a0 em casa e na escola. Sua m\u00e3e morreu quando ele tinha 11 meses, e o pai, &#8220;farrista e bo\u00eamio&#8221;, o entregou aos cuidados dos av\u00f3s maternos e de duas tias. Foi criado em um ambiente &#8220;hiperfeminino&#8221;. &#8220;Eu me tornei um adolescente t\u00edmido e introspectivo&#8221;, lembra. Desde sua mais remota lembran\u00e7a, ele era &#8220;uma figura andr\u00f3gina, sem fazer nenhum esfor\u00e7o&#8221;. Em uma ocasi\u00e3o, quando um amigo do pai elogiou a beleza da &#8220;filha&#8221;, Ant\u00f4nio teve de abaixar o short para mostrar que era um menino. &#8220;sempre fui assediado por h\u00e9teros, e isso come\u00e7ou com um primo de cria\u00e7\u00e3o, quando eu tinha uns seis anos.&#8221;<\/p>\n<p>Confira mais sobre essa reportagem acessando o link: https:\/\/paulosampaio.blogosfera.uol.com.br\/2019\/09\/08\/ex-travesti-antonio-deixou-de-ser-nadia-apos-18-anos-eu-era-uma-farsa\/<\/p>\n","protected":false},"excerpt":{"rendered":"<p>Definindo-se como &#8220;feminino desde crian\u00e7a&#8221;, Ant\u00f4nio Teixeira nasceu em uma fam\u00edlia de classe m\u00e9dia alta de Fortaleza.<\/p>\n","protected":false},"author":1,"featured_media":3018,"comment_status":"open","ping_status":"open","sticky":false,"template":"","format":"standard","meta":{"_uag_custom_page_level_css":"","_monsterinsights_skip_tracking":false,"_monsterinsights_sitenote_active":false,"_monsterinsights_sitenote_note":"","_monsterinsights_sitenote_category":0,"jetpack_post_was_ever_published":false,"_jetpack_newsletter_access":"","_jetpack_dont_email_post_to_subs":false,"_jetpack_newsletter_tier_id":0,"_jetpack_memberships_contains_paywalled_content":false,"_jetpack_memberships_contains_paid_content":false,"footnotes":"","jetpack_publicize_message":"","jetpack_publicize_feature_enabled":true,"jetpack_social_post_already_shared":true,"jetpack_social_options":{"image_generator_settings":{"template":"highway","default_image_id":0,"font":"","enabled":false},"version":2}},"categories":[200],"tags":[739,738,737],"class_list":["post-3017","post","type-post","status-publish","format-standard","has-post-thumbnail","hentry","category-brasil","tag-comportamento","tag-sexo","tag-travesti"],"jetpack_publicize_connections":[],"jetpack_featured_media_url":"https:\/\/blogopara.com.br\/wp-content\/uploads\/2019\/09\/1-nadia2.jpg","uagb_featured_image_src":{"full":["https:\/\/blogopara.com.br\/wp-content\/uploads\/2019\/09\/1-nadia2.jpg",900,506,false],"thumbnail":["https:\/\/blogopara.com.br\/wp-content\/uploads\/2019\/09\/1-nadia2-150x150.jpg",150,150,true],"medium":["https:\/\/blogopara.com.br\/wp-content\/uploads\/2019\/09\/1-nadia2-300x169.jpg",300,169,true],"medium_large":["https:\/\/blogopara.com.br\/wp-content\/uploads\/2019\/09\/1-nadia2-768x432.jpg",640,360,true],"large":["https:\/\/blogopara.com.br\/wp-content\/uploads\/2019\/09\/1-nadia2.jpg",640,360,false],"1536x1536":["https:\/\/blogopara.com.br\/wp-content\/uploads\/2019\/09\/1-nadia2.jpg",900,506,false],"2048x2048":["https:\/\/blogopara.com.br\/wp-content\/uploads\/2019\/09\/1-nadia2.jpg",900,506,false],"mantranews-slider-large":["https:\/\/blogopara.com.br\/wp-content\/uploads\/2019\/09\/1-nadia2.jpg",900,506,false],"mantranews-featured-medium":["https:\/\/blogopara.com.br\/wp-content\/uploads\/2019\/09\/1-nadia2.jpg",420,236,false],"mantranews-featured-long":["https:\/\/blogopara.com.br\/wp-content\/uploads\/2019\/09\/1-nadia2.jpg",300,169,false],"mantranews-block-medium":["https:\/\/blogopara.com.br\/wp-content\/uploads\/2019\/09\/1-nadia2.jpg",464,261,false],"mantranews-carousel-image":["https:\/\/blogopara.com.br\/wp-content\/uploads\/2019\/09\/1-nadia2.jpg",600,337,false],"mantranews-block-thumb":["https:\/\/blogopara.com.br\/wp-content\/uploads\/2019\/09\/1-nadia2.jpg",322,181,false],"mantranews-single-large":["https:\/\/blogopara.com.br\/wp-content\/uploads\/2019\/09\/1-nadia2.jpg",900,506,false]},"uagb_author_info":{"display_name":"Reda\u00e7\u00e3o geral","author_link":"https:\/\/blogopara.com.br\/index.php\/author\/blogopara"},"uagb_comment_info":0,"uagb_excerpt":"Definindo-se como \"feminino desde crian\u00e7a\", Ant\u00f4nio Teixeira nasceu em uma fam\u00edlia de classe m\u00e9dia alta de Fortaleza.","jetpack_sharing_enabled":true,"jetpack_likes_enabled":true,"_links":{"self":[{"href":"https:\/\/blogopara.com.br\/index.php\/wp-json\/wp\/v2\/posts\/3017","targetHints":{"allow":["GET"]}}],"collection":[{"href":"https:\/\/blogopara.com.br\/index.php\/wp-json\/wp\/v2\/posts"}],"about":[{"href":"https:\/\/blogopara.com.br\/index.php\/wp-json\/wp\/v2\/types\/post"}],"author":[{"embeddable":true,"href":"https:\/\/blogopara.com.br\/index.php\/wp-json\/wp\/v2\/users\/1"}],"replies":[{"embeddable":true,"href":"https:\/\/blogopara.com.br\/index.php\/wp-json\/wp\/v2\/comments?post=3017"}],"version-history":[{"count":1,"href":"https:\/\/blogopara.com.br\/index.php\/wp-json\/wp\/v2\/posts\/3017\/revisions"}],"predecessor-version":[{"id":3019,"href":"https:\/\/blogopara.com.br\/index.php\/wp-json\/wp\/v2\/posts\/3017\/revisions\/3019"}],"wp:featuredmedia":[{"embeddable":true,"href":"https:\/\/blogopara.com.br\/index.php\/wp-json\/wp\/v2\/media\/3018"}],"wp:attachment":[{"href":"https:\/\/blogopara.com.br\/index.php\/wp-json\/wp\/v2\/media?parent=3017"}],"wp:term":[{"taxonomy":"category","embeddable":true,"href":"https:\/\/blogopara.com.br\/index.php\/wp-json\/wp\/v2\/categories?post=3017"},{"taxonomy":"post_tag","embeddable":true,"href":"https:\/\/blogopara.com.br\/index.php\/wp-json\/wp\/v2\/tags?post=3017"}],"curies":[{"name":"wp","href":"https:\/\/api.w.org\/{rel}","templated":true}]}}