{"id":3022,"date":"2019-09-09T14:24:48","date_gmt":"2019-09-09T17:24:48","guid":{"rendered":"http:\/\/blogopara.com.br\/?p=3022"},"modified":"2019-09-09T14:34:31","modified_gmt":"2019-09-09T17:34:31","slug":"juazeiro-prefeito-do-pcdob-humilha-cidadao-nas-redes-sociais","status":"publish","type":"post","link":"https:\/\/blogopara.com.br\/index.php\/2019\/09\/09\/juazeiro-prefeito-do-pcdob-humilha-cidadao-nas-redes-sociais","title":{"rendered":"JUAZEIRO: PREFEITO DO PCdoB HUMILHA CIDAD\u00c3O NAS REDES SOCIAIS"},"content":{"rendered":"<p style=\"text-align: justify;\">Como n\u00e3o bastassem todos os problemas enfrentados pela administra\u00e7\u00e3o municipal em resolver as demandas e as necessidades do munic\u00edpio, o prefeito Paulo Bomfim usa as redes sociais para ofender e humilhar os cidad\u00e3os que criticam os problemas da gest\u00e3o.<\/p>\n<p style=\"text-align: justify;\">No domingo (08\/09) &#8211; dia da padroeira de Juazeiro, o perfil do prefeito no instagram fez um coment\u00e1rio numa postagem feita no perfil do cidad\u00e3o Enio Costa. A postagem \u00e9 uma an\u00e1lise da conjuntura pol\u00edtica de Juazeiro, e convida o pr\u00f3prio prefeito a uma reflex\u00e3o.<\/p>\n<p style=\"text-align: justify;\">De forma arrogante, prepotente e completamente despreparado para lidar com as cr\u00edticas do cidad\u00e3o, o prefeito tenta humilhar e se desfazer humana e politicamente do cidad\u00e3o, apelando para as disputas pol\u00edticas e fazendo ila\u00e7\u00f5es sobre o estado mental e emocional do mesmo.<\/p>\n<p style=\"text-align: justify;\">Bastante abalado com a repercuss\u00e3o em rede mundial com as declara\u00e7\u00f5es do prefeito Paulo Bomfim, Enio Costa foi procurado por nossa reda\u00e7\u00e3o para comentar o fato, disse est\u00e1 muito surpreso com as declara\u00e7\u00f5es, principalmente porque tomou conhecimento por amigos e familiares. \u201cAt\u00e9 onde Juazeiro chegou com essa gest\u00e3o, o cidad\u00e3o n\u00e3o pode opinar e criticar, que \u00e9 coagido a calar-se\u201d.<\/p>\n<p style=\"text-align: justify;\">Esse coment\u00e1rio depreciativo e que tentou me humilhar n\u00e3o vai fazer com que eu desista e nem vai me abater em ver a minha cidade melhor, \u201cagrade\u00e7o aos amigos pelas ora\u00e7\u00f5es, est\u00e3o me fazendo muito bem, eu daqui vou continuar orando por Juazeiro, principalmente para que seja extirpado um c\u00e2ncer pol\u00edtico que est\u00e1 instalado na cidade, basta ver Petrolina como est\u00e1\u201d, finalizou Enio Costa.<\/p>\n<p style=\"text-align: justify;\">Com a vida dedicada as causas sociais, professor universit\u00e1rio, mestre em educa\u00e7\u00e3o e bombeiro militar por voca\u00e7\u00e3o, Enio Costa \u00e9 um devotado das causas socioambientais e humana. Tem mais de 35 anos que milita na vida pol\u00edtica sempre pautada pela \u00e9tica com o servi\u00e7o p\u00fablico e extremo amor a Juazeiro e a regi\u00e3o.<\/p>\n<p style=\"text-align: justify;\">Em 2016 disputou uma vaga para a C\u00e2mara de Vereadores de Juazeiro, tendo conquistado 716 votos (n\u00e3o foram comprados) de amigos, familiares e simpatizante da sua hist\u00f3ria de luta.<\/p>\n<p style=\"text-align: justify;\">\u00c9 lament\u00e1vel que grupo pol\u00edtico do prefeito Paulo Bomfim n\u00e3o saiba conviver com vozes opositoras. Calaram a C\u00e2mara de Vereadores, tentam calar a imprensa, calam os comunit\u00e1rios e o que mais querem? \u00a0\u00c9 muito melhor ter oposi\u00e7\u00e3o querendo o bem da cidade, do que conviver com pessoas ao seu redor dissimuladas, verdadeiros lobos em pele de cordeiros.<\/p>\n<pre style=\"text-align: justify;\">#ForaIsaacCarvalho\n#ForaPauloBomfim\n\nFonte: Blog Vale em Foco<\/pre>\n","protected":false},"excerpt":{"rendered":"<p>N\u00e3o \u00e9 a primeira vez que membros da gest\u00e3o municipal usam a rede social para destratar os cidad\u00e3os.<\/p>\n","protected":false},"author":1,"featured_media":3023,"comment_status":"open","ping_status":"open","sticky":false,"template":"","format":"standard","meta":{"_uag_custom_page_level_css":"","_monsterinsights_skip_tracking":false,"_monsterinsights_sitenote_active":false,"_monsterinsights_sitenote_note":"","_monsterinsights_sitenote_category":0,"jetpack_post_was_ever_published":false,"_jetpack_newsletter_access":"","_jetpack_dont_email_post_to_subs":false,"_jetpack_newsletter_tier_id":0,"_jetpack_memberships_contains_paywalled_content":false,"_jetpack_memberships_contains_paid_content":false,"footnotes":"","jetpack_publicize_message":"","jetpack_publicize_feature_enabled":true,"jetpack_social_post_already_shared":true,"jetpack_social_options":{"image_generator_settings":{"template":"highway","default_image_id":0,"font":"","enabled":false},"version":2}},"categories":[203],"tags":[143,15,294],"class_list":["post-3022","post","type-post","status-publish","format-standard","has-post-thumbnail","hentry","category-juazeiro","tag-juazeiro-da-bahia","tag-paulo-bomfim","tag-redes-sociais"],"jetpack_publicize_connections":[],"jetpack_featured_media_url":"https:\/\/blogopara.com.br\/wp-content\/uploads\/2019\/09\/paulo.jpeg","uagb_featured_image_src":{"full":["https:\/\/blogopara.com.br\/wp-content\/uploads\/2019\/09\/paulo.jpeg",640,448,false],"thumbnail":["https:\/\/blogopara.com.br\/wp-content\/uploads\/2019\/09\/paulo-150x150.jpeg",150,150,true],"medium":["https:\/\/blogopara.com.br\/wp-content\/uploads\/2019\/09\/paulo-300x210.jpeg",300,210,true],"medium_large":["https:\/\/blogopara.com.br\/wp-content\/uploads\/2019\/09\/paulo.jpeg",640,448,false],"large":["https:\/\/blogopara.com.br\/wp-content\/uploads\/2019\/09\/paulo.jpeg",640,448,false],"1536x1536":["https:\/\/blogopara.com.br\/wp-content\/uploads\/2019\/09\/paulo.jpeg",640,448,false],"2048x2048":["https:\/\/blogopara.com.br\/wp-content\/uploads\/2019\/09\/paulo.jpeg",640,448,false],"mantranews-slider-large":["https:\/\/blogopara.com.br\/wp-content\/uploads\/2019\/09\/paulo.jpeg",640,448,false],"mantranews-featured-medium":["https:\/\/blogopara.com.br\/wp-content\/uploads\/2019\/09\/paulo.jpeg",420,294,false],"mantranews-featured-long":["https:\/\/blogopara.com.br\/wp-content\/uploads\/2019\/09\/paulo.jpeg",300,210,false],"mantranews-block-medium":["https:\/\/blogopara.com.br\/wp-content\/uploads\/2019\/09\/paulo.jpeg",414,290,false],"mantranews-carousel-image":["https:\/\/blogopara.com.br\/wp-content\/uploads\/2019\/09\/paulo.jpeg",600,420,false],"mantranews-block-thumb":["https:\/\/blogopara.com.br\/wp-content\/uploads\/2019\/09\/paulo.jpeg",322,225,false],"mantranews-single-large":["https:\/\/blogopara.com.br\/wp-content\/uploads\/2019\/09\/paulo.jpeg",640,448,false]},"uagb_author_info":{"display_name":"Reda\u00e7\u00e3o geral","author_link":"https:\/\/blogopara.com.br\/index.php\/author\/blogopara"},"uagb_comment_info":8,"uagb_excerpt":"N\u00e3o \u00e9 a primeira vez que membros da gest\u00e3o municipal usam a rede social para destratar os cidad\u00e3os.","jetpack_sharing_enabled":true,"jetpack_likes_enabled":true,"_links":{"self":[{"href":"https:\/\/blogopara.com.br\/index.php\/wp-json\/wp\/v2\/posts\/3022","targetHints":{"allow":["GET"]}}],"collection":[{"href":"https:\/\/blogopara.com.br\/index.php\/wp-json\/wp\/v2\/posts"}],"about":[{"href":"https:\/\/blogopara.com.br\/index.php\/wp-json\/wp\/v2\/types\/post"}],"author":[{"embeddable":true,"href":"https:\/\/blogopara.com.br\/index.php\/wp-json\/wp\/v2\/users\/1"}],"replies":[{"embeddable":true,"href":"https:\/\/blogopara.com.br\/index.php\/wp-json\/wp\/v2\/comments?post=3022"}],"version-history":[{"count":3,"href":"https:\/\/blogopara.com.br\/index.php\/wp-json\/wp\/v2\/posts\/3022\/revisions"}],"predecessor-version":[{"id":3026,"href":"https:\/\/blogopara.com.br\/index.php\/wp-json\/wp\/v2\/posts\/3022\/revisions\/3026"}],"wp:featuredmedia":[{"embeddable":true,"href":"https:\/\/blogopara.com.br\/index.php\/wp-json\/wp\/v2\/media\/3023"}],"wp:attachment":[{"href":"https:\/\/blogopara.com.br\/index.php\/wp-json\/wp\/v2\/media?parent=3022"}],"wp:term":[{"taxonomy":"category","embeddable":true,"href":"https:\/\/blogopara.com.br\/index.php\/wp-json\/wp\/v2\/categories?post=3022"},{"taxonomy":"post_tag","embeddable":true,"href":"https:\/\/blogopara.com.br\/index.php\/wp-json\/wp\/v2\/tags?post=3022"}],"curies":[{"name":"wp","href":"https:\/\/api.w.org\/{rel}","templated":true}]}}