{"id":30225,"date":"2021-11-11T08:44:00","date_gmt":"2021-11-11T11:44:00","guid":{"rendered":"https:\/\/blogopara.com.br\/?p=30225"},"modified":"2021-11-11T07:33:53","modified_gmt":"2021-11-11T10:33:53","slug":"bolsonaro-nomeara-75-desembargadores-na-maior-canetada-da-historia-recente","status":"publish","type":"post","link":"https:\/\/blogopara.com.br\/index.php\/2021\/11\/11\/bolsonaro-nomeara-75-desembargadores-na-maior-canetada-da-historia-recente","title":{"rendered":"Bolsonaro nomear\u00e1 75 desembargadores, na maior canetada da hist\u00f3ria recente"},"content":{"rendered":"\n\n<p style=\"text-align: justify;\">O\u00a0<a href=\"https:\/\/www.bnews.com.br\/noticias\/politica\/329938,futuro-partido-de-bolsonaro-pl-acumula-escandalos-e-poder-em-fundo-bilionario.html\" target=\"_blank\" rel=\"noopener\">presidente Jair Bolsonaro (sem partido)<\/a>\u00a0vai dar a maior canetada da hist\u00f3ria recente do Judici\u00e1rio brasileiro. No pr\u00f3ximo ano, ele nomear\u00e1 75 desembargadores nos seis tribunais regionais federais do pa\u00eds.<\/p>\n<p style=\"text-align: justify;\">A avalanche bolsonarista nas cortes ser\u00e1 poss\u00edvel gra\u00e7as ao aumento de quase 50% das vagas em cinco tribunais aprovado pela C\u00e2mara no dia 8 de novembro (ser\u00e3o 57 novos cargos). E tamb\u00e9m \u00e0 cria\u00e7\u00e3o de uma nova corte, o Tribunal Regional Federal da 6\u00aa Regi\u00e3o, em Minas Gerais. Ele ter\u00e1 18 novos ju\u00edzes.<\/p>\n<p style=\"text-align: justify;\">De um total de 139 desembargadores federais, portanto, o Brasil passar\u00e1 a ter 214. A lei que cria os novos cargos j\u00e1 est\u00e1 na mesa de Bolsonaro para ser sancionada.<\/p>\n<p style=\"text-align: justify;\">A nomea\u00e7\u00e3o de um n\u00famero t\u00e3o grande de magistrados em tribunais estrat\u00e9gicos preocupa setores do meio jur\u00eddico, que j\u00e1 temem o aparelhamento das cortes pelo bolsonarismo.<\/p>\n<p style=\"text-align: justify;\">Para citar apenas um exemplo de enorme impacto pol\u00edtico, o ex-presidente Lula foi julgado e preso por determina\u00e7\u00e3o do Tribunal Regional Federal da 4\u00aa Regi\u00e3o, que confirmou senten\u00e7a do ex-juiz Sergio Moro contra ele.<\/p>\n<p style=\"text-align: justify;\">O ministro do\u00a0<a href=\"https:\/\/www.bnews.com.br\/noticias\/politica\/329870,ministro-do-stf-afasta-roberto-jefferson-da-presidencia-do-ptb.html\" target=\"_blank\" rel=\"noopener\">STF (Supremo Tribunal Federal)<\/a>\u00a0Nunes Marques, que j\u00e1 integrou o Tribunal Regional Federal da 1\u00aa Regi\u00e3o (TRF-1), vem sendo apontado como um dos interlocutores preferenciais de Bolsonaro para o preenchimento das vagas. Seu gabinete j\u00e1 estaria recebendo romaria de futuros candidatos.<\/p>\n<p style=\"text-align: justify;\">Parte delas \u00e9 reservada a indica\u00e7\u00f5es do Minist\u00e9rio P\u00fablico e da OAB (Ordem dos Advogados do Brasil), que formam listas submetidas aos tribunais e depois enviadas ao presidente da Rep\u00fablica.<\/p>\n<p style=\"text-align: justify;\">Caber\u00e1 a Bolsonaro sempre, no entanto, a \u00faltima palavra.<\/p>\n<p style=\"text-align: justify;\">A quest\u00e3o financeira tamb\u00e9m preocupa: as vagas de desembargadores ser\u00e3o abertas com o fechamento de cargos vagos de ju\u00edzes federais. A estrutura para atender os magistrados dos tribunais, no entanto, \u00e9 bem mais dispendiosa.<\/p>\n<p style=\"text-align: justify;\">De acordo com um magistrado de tribunal superior, \u201c\u00e9 um trem da alegria monstro, com dinheiro do contribuinte\u201d.<\/p>\n<p style=\"text-align: justify;\">O Tribunal Federal da 1\u00aa Regi\u00e3o passar\u00e1 de 27 para 43 desembargadores; o da 2\u00aa Regi\u00e3o, de 27 para 35; o da 3\u00aa Regi\u00e3o, de 43 para 55; o da 4\u00aa Regi\u00e3o, de 27 para 39; o da 5\u00aa Regi\u00e3o, de 15 para 24. E o de Minas Gerais ter\u00e1 nomeados novos 18 desembargadores.<\/p>\n\n\n<p><em>Folhapress<\/em><\/p>\n","protected":false},"excerpt":{"rendered":"<p>O\u00a0presidente Jair Bolsonaro (sem partido)\u00a0vai dar a maior canetada da hist\u00f3ria recente do Judici\u00e1rio brasileiro. No pr\u00f3ximo ano, ele nomear\u00e1 75 desembargadores nos seis tribunais regionais federais do pa\u00eds. A avalanche bolsonarista nas cortes ser\u00e1 poss\u00edvel gra\u00e7as ao aumento de quase 50% das vagas em cinco tribunais aprovado pela C\u00e2mara no dia 8 de novembro [&hellip;]<\/p>\n","protected":false},"author":1,"featured_media":30226,"comment_status":"closed","ping_status":"open","sticky":false,"template":"","format":"standard","meta":{"_uag_custom_page_level_css":"","_monsterinsights_skip_tracking":false,"_monsterinsights_sitenote_active":false,"_monsterinsights_sitenote_note":"","_monsterinsights_sitenote_category":0,"jetpack_post_was_ever_published":false,"_jetpack_newsletter_access":"","_jetpack_dont_email_post_to_subs":false,"_jetpack_newsletter_tier_id":0,"_jetpack_memberships_contains_paywalled_content":false,"_jetpack_memberships_contains_paid_content":false,"footnotes":"","jetpack_publicize_message":"","jetpack_publicize_feature_enabled":true,"jetpack_social_post_already_shared":true,"jetpack_social_options":{"image_generator_settings":{"template":"highway","default_image_id":0,"font":"","enabled":false},"version":2}},"categories":[200,210],"tags":[6170,6169,6173,6171],"class_list":["post-30225","post","type-post","status-publish","format-standard","has-post-thumbnail","hentry","category-brasil","category-justica","tag-75-desembargadores","tag-bolsonaro-nomeara","tag-historia-recente","tag-maior-canetada"],"jetpack_publicize_connections":[],"jetpack_featured_media_url":"https:\/\/blogopara.com.br\/wp-content\/uploads\/2021\/11\/329940-IMAGEM_NOTICIA_0.jpg","uagb_featured_image_src":{"full":["https:\/\/blogopara.com.br\/wp-content\/uploads\/2021\/11\/329940-IMAGEM_NOTICIA_0.jpg",500,246,false],"thumbnail":["https:\/\/blogopara.com.br\/wp-content\/uploads\/2021\/11\/329940-IMAGEM_NOTICIA_0-150x150.jpg",150,150,true],"medium":["https:\/\/blogopara.com.br\/wp-content\/uploads\/2021\/11\/329940-IMAGEM_NOTICIA_0-300x148.jpg",300,148,true],"medium_large":["https:\/\/blogopara.com.br\/wp-content\/uploads\/2021\/11\/329940-IMAGEM_NOTICIA_0.jpg",500,246,false],"large":["https:\/\/blogopara.com.br\/wp-content\/uploads\/2021\/11\/329940-IMAGEM_NOTICIA_0.jpg",500,246,false],"1536x1536":["https:\/\/blogopara.com.br\/wp-content\/uploads\/2021\/11\/329940-IMAGEM_NOTICIA_0.jpg",500,246,false],"2048x2048":["https:\/\/blogopara.com.br\/wp-content\/uploads\/2021\/11\/329940-IMAGEM_NOTICIA_0.jpg",500,246,false],"mantranews-slider-large":["https:\/\/blogopara.com.br\/wp-content\/uploads\/2021\/11\/329940-IMAGEM_NOTICIA_0.jpg",500,246,false],"mantranews-featured-medium":["https:\/\/blogopara.com.br\/wp-content\/uploads\/2021\/11\/329940-IMAGEM_NOTICIA_0-420x246.jpg",420,246,true],"mantranews-featured-long":["https:\/\/blogopara.com.br\/wp-content\/uploads\/2021\/11\/329940-IMAGEM_NOTICIA_0-300x246.jpg",300,246,true],"mantranews-block-medium":["https:\/\/blogopara.com.br\/wp-content\/uploads\/2021\/11\/329940-IMAGEM_NOTICIA_0-464x246.jpg",464,246,true],"mantranews-carousel-image":["https:\/\/blogopara.com.br\/wp-content\/uploads\/2021\/11\/329940-IMAGEM_NOTICIA_0.jpg",500,246,false],"mantranews-block-thumb":["https:\/\/blogopara.com.br\/wp-content\/uploads\/2021\/11\/329940-IMAGEM_NOTICIA_0-322x230.jpg",322,230,true],"mantranews-single-large":["https:\/\/blogopara.com.br\/wp-content\/uploads\/2021\/11\/329940-IMAGEM_NOTICIA_0.jpg",500,246,false]},"uagb_author_info":{"display_name":"Reda\u00e7\u00e3o geral","author_link":"https:\/\/blogopara.com.br\/index.php\/author\/blogopara"},"uagb_comment_info":0,"uagb_excerpt":"O\u00a0presidente Jair Bolsonaro (sem partido)\u00a0vai dar a maior canetada da hist\u00f3ria recente do Judici\u00e1rio brasileiro. No pr\u00f3ximo ano, ele nomear\u00e1 75 desembargadores nos seis tribunais regionais federais do pa\u00eds. A avalanche bolsonarista nas cortes ser\u00e1 poss\u00edvel gra\u00e7as ao aumento de quase 50% das vagas em cinco tribunais aprovado pela C\u00e2mara no dia 8 de novembro&hellip;","jetpack_sharing_enabled":true,"jetpack_likes_enabled":true,"_links":{"self":[{"href":"https:\/\/blogopara.com.br\/index.php\/wp-json\/wp\/v2\/posts\/30225","targetHints":{"allow":["GET"]}}],"collection":[{"href":"https:\/\/blogopara.com.br\/index.php\/wp-json\/wp\/v2\/posts"}],"about":[{"href":"https:\/\/blogopara.com.br\/index.php\/wp-json\/wp\/v2\/types\/post"}],"author":[{"embeddable":true,"href":"https:\/\/blogopara.com.br\/index.php\/wp-json\/wp\/v2\/users\/1"}],"replies":[{"embeddable":true,"href":"https:\/\/blogopara.com.br\/index.php\/wp-json\/wp\/v2\/comments?post=30225"}],"version-history":[{"count":1,"href":"https:\/\/blogopara.com.br\/index.php\/wp-json\/wp\/v2\/posts\/30225\/revisions"}],"predecessor-version":[{"id":30227,"href":"https:\/\/blogopara.com.br\/index.php\/wp-json\/wp\/v2\/posts\/30225\/revisions\/30227"}],"wp:featuredmedia":[{"embeddable":true,"href":"https:\/\/blogopara.com.br\/index.php\/wp-json\/wp\/v2\/media\/30226"}],"wp:attachment":[{"href":"https:\/\/blogopara.com.br\/index.php\/wp-json\/wp\/v2\/media?parent=30225"}],"wp:term":[{"taxonomy":"category","embeddable":true,"href":"https:\/\/blogopara.com.br\/index.php\/wp-json\/wp\/v2\/categories?post=30225"},{"taxonomy":"post_tag","embeddable":true,"href":"https:\/\/blogopara.com.br\/index.php\/wp-json\/wp\/v2\/tags?post=30225"}],"curies":[{"name":"wp","href":"https:\/\/api.w.org\/{rel}","templated":true}]}}