{"id":30275,"date":"2021-11-12T07:52:00","date_gmt":"2021-11-12T10:52:00","guid":{"rendered":"https:\/\/blogopara.com.br\/?p=30275"},"modified":"2021-11-11T21:55:27","modified_gmt":"2021-11-12T00:55:27","slug":"avante-de-juazeiro-emite-nota-de-pesar-pelo-falecimento-do-deputado-estadual-joao-isidorio","status":"publish","type":"post","link":"https:\/\/blogopara.com.br\/index.php\/2021\/11\/12\/avante-de-juazeiro-emite-nota-de-pesar-pelo-falecimento-do-deputado-estadual-joao-isidorio","title":{"rendered":"Avante de Juazeiro emite nota de pesar pelo falecimento do Deputado Estadual Jo\u00e3o Isid\u00f3rio"},"content":{"rendered":"<p style=\"text-align: justify;\">O diret\u00f3rio do Avante Juazeiro, atrav\u00e9s dos seus membros, \u00a0lamenta a perda do amigo Deputado Estadual Jo\u00e3o Isid\u00f3rio nesta data, ao tempo em que se solidariza com os amigos Deputado Pr. Sgt Isid\u00f3rio, D. Elza, Tancredo, Tayane e demais familiares, al\u00e9m de amigos da Funda\u00e7\u00e3o Dr. Jesus neste momento dif\u00edcil.<\/p>\n<p style=\"text-align: justify;\">H\u00e1djira Maria<br \/>\nPresidente do Avante Juazeiro<\/p>\n<p style=\"text-align: justify;\">Leonilton Moreira<br \/>\nPresidente de Honra do Avante Juazeiro<\/p>\n","protected":false},"excerpt":{"rendered":"<p>O diret\u00f3rio do Avante Juazeiro, atrav\u00e9s dos seus membros, \u00a0lamenta a perda do amigo Deputado Estadual Jo\u00e3o Isid\u00f3rio nesta data, ao tempo em que se solidariza com os amigos Deputado Pr. Sgt Isid\u00f3rio, D. Elza, Tancredo, Tayane e demais familiares, al\u00e9m de amigos da Funda\u00e7\u00e3o Dr. Jesus neste momento dif\u00edcil. H\u00e1djira Maria Presidente do Avante [&hellip;]<\/p>\n","protected":false},"author":1,"featured_media":30276,"comment_status":"closed","ping_status":"open","sticky":false,"template":"","format":"standard","meta":{"_uag_custom_page_level_css":"","_monsterinsights_skip_tracking":false,"_monsterinsights_sitenote_active":false,"_monsterinsights_sitenote_note":"","_monsterinsights_sitenote_category":0,"jetpack_post_was_ever_published":false,"_jetpack_newsletter_access":"","_jetpack_dont_email_post_to_subs":false,"_jetpack_newsletter_tier_id":0,"_jetpack_memberships_contains_paywalled_content":false,"_jetpack_memberships_contains_paid_content":false,"footnotes":"","jetpack_publicize_message":"","jetpack_publicize_feature_enabled":true,"jetpack_social_post_already_shared":true,"jetpack_social_options":{"image_generator_settings":{"template":"highway","default_image_id":0,"font":"","enabled":false},"version":2}},"categories":[199,197],"tags":[],"class_list":["post-30275","post","type-post","status-publish","format-standard","has-post-thumbnail","hentry","category-bahia","category-politica"],"jetpack_publicize_connections":[],"jetpack_featured_media_url":"https:\/\/blogopara.com.br\/wp-content\/uploads\/2021\/11\/csm_joao_isidorio_197ede8164.jpeg","uagb_featured_image_src":{"full":["https:\/\/blogopara.com.br\/wp-content\/uploads\/2021\/11\/csm_joao_isidorio_197ede8164.jpeg",420,236,false],"thumbnail":["https:\/\/blogopara.com.br\/wp-content\/uploads\/2021\/11\/csm_joao_isidorio_197ede8164-150x150.jpeg",150,150,true],"medium":["https:\/\/blogopara.com.br\/wp-content\/uploads\/2021\/11\/csm_joao_isidorio_197ede8164-300x169.jpeg",300,169,true],"medium_large":["https:\/\/blogopara.com.br\/wp-content\/uploads\/2021\/11\/csm_joao_isidorio_197ede8164.jpeg",420,236,false],"large":["https:\/\/blogopara.com.br\/wp-content\/uploads\/2021\/11\/csm_joao_isidorio_197ede8164.jpeg",420,236,false],"1536x1536":["https:\/\/blogopara.com.br\/wp-content\/uploads\/2021\/11\/csm_joao_isidorio_197ede8164.jpeg",420,236,false],"2048x2048":["https:\/\/blogopara.com.br\/wp-content\/uploads\/2021\/11\/csm_joao_isidorio_197ede8164.jpeg",420,236,false],"mantranews-slider-large":["https:\/\/blogopara.com.br\/wp-content\/uploads\/2021\/11\/csm_joao_isidorio_197ede8164.jpeg",420,236,false],"mantranews-featured-medium":["https:\/\/blogopara.com.br\/wp-content\/uploads\/2021\/11\/csm_joao_isidorio_197ede8164.jpeg",420,236,false],"mantranews-featured-long":["https:\/\/blogopara.com.br\/wp-content\/uploads\/2021\/11\/csm_joao_isidorio_197ede8164-300x236.jpeg",300,236,true],"mantranews-block-medium":["https:\/\/blogopara.com.br\/wp-content\/uploads\/2021\/11\/csm_joao_isidorio_197ede8164.jpeg",420,236,false],"mantranews-carousel-image":["https:\/\/blogopara.com.br\/wp-content\/uploads\/2021\/11\/csm_joao_isidorio_197ede8164.jpeg",420,236,false],"mantranews-block-thumb":["https:\/\/blogopara.com.br\/wp-content\/uploads\/2021\/11\/csm_joao_isidorio_197ede8164-322x230.jpeg",322,230,true],"mantranews-single-large":["https:\/\/blogopara.com.br\/wp-content\/uploads\/2021\/11\/csm_joao_isidorio_197ede8164.jpeg",420,236,false]},"uagb_author_info":{"display_name":"Reda\u00e7\u00e3o geral","author_link":"https:\/\/blogopara.com.br\/index.php\/author\/blogopara"},"uagb_comment_info":0,"uagb_excerpt":"O diret\u00f3rio do Avante Juazeiro, atrav\u00e9s dos seus membros, \u00a0lamenta a perda do amigo Deputado Estadual Jo\u00e3o Isid\u00f3rio nesta data, ao tempo em que se solidariza com os amigos Deputado Pr. Sgt Isid\u00f3rio, D. Elza, Tancredo, Tayane e demais familiares, al\u00e9m de amigos da Funda\u00e7\u00e3o Dr. Jesus neste momento dif\u00edcil. H\u00e1djira Maria Presidente do Avante&hellip;","jetpack_sharing_enabled":true,"jetpack_likes_enabled":true,"_links":{"self":[{"href":"https:\/\/blogopara.com.br\/index.php\/wp-json\/wp\/v2\/posts\/30275","targetHints":{"allow":["GET"]}}],"collection":[{"href":"https:\/\/blogopara.com.br\/index.php\/wp-json\/wp\/v2\/posts"}],"about":[{"href":"https:\/\/blogopara.com.br\/index.php\/wp-json\/wp\/v2\/types\/post"}],"author":[{"embeddable":true,"href":"https:\/\/blogopara.com.br\/index.php\/wp-json\/wp\/v2\/users\/1"}],"replies":[{"embeddable":true,"href":"https:\/\/blogopara.com.br\/index.php\/wp-json\/wp\/v2\/comments?post=30275"}],"version-history":[{"count":1,"href":"https:\/\/blogopara.com.br\/index.php\/wp-json\/wp\/v2\/posts\/30275\/revisions"}],"predecessor-version":[{"id":30277,"href":"https:\/\/blogopara.com.br\/index.php\/wp-json\/wp\/v2\/posts\/30275\/revisions\/30277"}],"wp:featuredmedia":[{"embeddable":true,"href":"https:\/\/blogopara.com.br\/index.php\/wp-json\/wp\/v2\/media\/30276"}],"wp:attachment":[{"href":"https:\/\/blogopara.com.br\/index.php\/wp-json\/wp\/v2\/media?parent=30275"}],"wp:term":[{"taxonomy":"category","embeddable":true,"href":"https:\/\/blogopara.com.br\/index.php\/wp-json\/wp\/v2\/categories?post=30275"},{"taxonomy":"post_tag","embeddable":true,"href":"https:\/\/blogopara.com.br\/index.php\/wp-json\/wp\/v2\/tags?post=30275"}],"curies":[{"name":"wp","href":"https:\/\/api.w.org\/{rel}","templated":true}]}}