{"id":3032,"date":"2019-09-10T08:29:02","date_gmt":"2019-09-10T11:29:02","guid":{"rendered":"http:\/\/blogopara.com.br\/?p=3032"},"modified":"2019-09-10T08:29:10","modified_gmt":"2019-09-10T11:29:10","slug":"ha-7-anos-juazeiro-perdia-dom-jose-rodrigues-de-souza","status":"publish","type":"post","link":"https:\/\/blogopara.com.br\/index.php\/2019\/09\/10\/ha-7-anos-juazeiro-perdia-dom-jose-rodrigues-de-souza","title":{"rendered":"H\u00c1 7 ANOS JUAZEIRO PERDIA DOM JOS\u00c9 RODRIGUES DE SOUZA"},"content":{"rendered":"<p style=\"text-align: justify;\">Episcopado: 16 de fevereiro de 1975 a 30 de agosto de 2003<br \/>\nLema \u201cEnviou-me para evangelizar os pobres\u201d<\/p>\n<p style=\"text-align: justify;\"><strong>*<\/strong>\u00a0Para\u00edba do Sul, 25 de mar\u00e7o de 1926<br \/>\n<strong>+<\/strong>\u00a0Goi\u00e2nia, 9 de setembro de 2012.<\/p>\n<p style=\"text-align: justify;\">Jos\u00e9 Rodrigues de Souza, nasceu em 25 de mar\u00e7o de 1926, em Para\u00edba do Sul\/ RJ. Era ainda crian\u00e7a quando sua fam\u00edlia se mudou para Serra Azul\/SP, onde fez seus estudos prim\u00e1rios. Uma Miss\u00e3o foi realizada na cidade em 1938, por mission\u00e1rios redentoristas. O jovem despertou a aten\u00e7\u00e3o do Pe. Victor Coelho de Almeida, que o convidou para ser sacerdote.<\/p>\n<p style=\"text-align: justify;\">O convite foi aceito e com a permiss\u00e3o de seus pais, Jos\u00e9 Rodrigues partiu para o convento de Santo Afonso, em Aparecida\/SP, com apenas dez anos de idade. Fez o Noviciado e Profiss\u00e3o Religiosa na cidade vizinha de Pindamonhangaba. Foi ordenado Padre em Tiet\u00ea\/SP em 27 de dezembro de 1950. Trabalhou como professor por quatorze anos. Depois, seus superiores o enviaram \u00e0 Europa para um Curso de Catequese e Pastoral em Bruxelas, na B\u00e9lgica. Voltando ao Brasil, foi enviado a pregar Santas Miss\u00f5es e em 1969 mudou-se para Goi\u00e2nia\/GO, onde foi eleito vice-provincial dos redentoristas.<\/p>\n<p style=\"text-align: justify;\">O Papa Paulo VI, o nomeou Bispo da Diocese de Juazeiro, em 12 de dezembro de 1974. No livro \u201cO Bispo dos Exclu\u00eddos\u201d, do jornalista alem\u00e3o Siegfried Pater, Dom Jos\u00e9 relembrou exemplo que os ensinamentos do padre Pedro Henrique influenciaram sua forma\u00e7\u00e3o como sacerdote: \u201cEle nos ensinou ordem com disciplina militar e, apesar de exigir sacrif\u00edcios dos alunos, sabia entusiasmar-nos para o ideal que expressava com quatro palavras: padre, mission\u00e1rio, redentorista, santo\u201d. Seu episcopado durou 28 anos.<\/p>\n<p style=\"text-align: justify;\">Desde sua chegada, em 1975 at\u00e9 sua partida em 2003, Dom Jos\u00e9 Rodrigues foi um bispo que n\u00e3o se restringiu \u00e0s paredes da igreja, nem \u00e0s homilias proferidas no altar. Preferiu despir-se da solenidade que sua fun\u00e7\u00e3o exigia para se colocar ao lado dos pobres. Ignorou a elite, desafiou a ditadura militar, enfrentou os poderosos e exaltou os humildes. N\u00e3o se importou com preconceitos&#8230; Foi um homem \u00e0 frente de seu tempo. Motivou a parcela exclu\u00edda da popula\u00e7\u00e3o do sert\u00e3o baiano a se organizar e lutar por seus direitos. Ensinou seus companheiros e fi\u00e9is a partilhar e a construir uma sociedade mais justa. Era o pequeno grande homem que se agigantava em defesa dos oprimidos do Vale do S\u00e3o Francisco.<\/p>\n<p style=\"text-align: justify;\">Principais trabalhos:<\/p>\n<p style=\"text-align: justify;\">&#8211; Criou ou refor\u00e7ou v\u00e1rias pastorais sociais: Pastoral da Terra (em resposta ao sofrimento do povo expulso pela barragem de Sobradinho e aos camponeses v\u00edtimas de grilagem), Juventude do Meio Popular, Pescadores, Mulher Marginalizada, Sa\u00fade, Reassentados, Carcer\u00e1ria, Crian\u00e7a, \u201cc\u00edrculos de cultura\u201d (com Paulo Freire), o Setor Diocesano de Comunica\u00e7\u00e3o (SEDICA) e uma biblioteca de 45 mil volumes.<\/p>\n<p style=\"text-align: justify;\">&#8211; Foi um dos fundadores da CPT Regional Nordeste III (Bahia\/Sergipe), em 1976, da qual foi bispo acompanhante por muitos anos.<\/p>\n<p style=\"text-align: justify;\">&#8211; Articulou a campanha pioneira pelas cisternas familiares de \u00e1gua de chuva \u201cAdote uma cisterna\u201d, pilar da conviv\u00eancia com o semi\u00e1rido, que depois tornou-se pol\u00edtica do governo federal.<\/p>\n<p style=\"text-align: justify;\">&#8211; Foi um dos fundadores do Instituto da Pequena Agropecu\u00e1ria Apropriada (IRPAA).<\/p>\n<p style=\"text-align: justify;\">&#8211; Trabalhou por uma destina\u00e7\u00e3o social do patrim\u00f4nio em terras da Diocese, na cidade de Juazeiro.<\/p>\n<p style=\"text-align: justify;\">Pensamentos:<\/p>\n<p style=\"text-align: justify;\">\u201cNunca tra\u00ed os pobres, nem mesmo em \u00e9poca de elei\u00e7\u00e3o\u201d.<\/p>\n<p style=\"text-align: justify;\">\u201cEst\u00e1 na hora de mudar! Mudar as pessoas. Mais importante \u00e9 mudar a mentalidade! As dificuldades ser\u00e3o muitas, mas movidos pela aud\u00e1cia do Esp\u00edrito e pelo equil\u00edbrio de Deus, vamos para a luta!\u201d.<\/p>\n<p style=\"text-align: justify;\">\u201cNo Nordeste n\u00e3o falta \u00e1gua, falta justi\u00e7a\u201d.<\/p>\n<p style=\"text-align: justify;\">\u201cA caminhada mais longa e penosa n\u00e3o \u00e9 ir, a p\u00e9, de Juazeiro a Pil\u00e3o Arcado, mas sair de si mesmo para encontrar-se com o outro (irm\u00e3o) e com o Outro (Deus). Cristianismo se vive em comunidade\u201d.<\/p>\n<p style=\"text-align: justify;\">\u201c\u00c9 s\u00f3 na uni\u00e3o que vamos conseguir a liberta\u00e7\u00e3o\u201d.<\/p>\n","protected":false},"excerpt":{"rendered":"<p>Episcopado: 16 de fevereiro de 1975 a 30 de agosto de 2003 Lema \u201cEnviou-me para evangelizar os pobres\u201d *\u00a0Para\u00edba do Sul, 25 de mar\u00e7o de 1926 +\u00a0Goi\u00e2nia, 9 de setembro de 2012. Jos\u00e9 Rodrigues de Souza, nasceu em 25 de mar\u00e7o de 1926, em Para\u00edba do Sul\/ RJ. Era ainda crian\u00e7a quando sua fam\u00edlia se [&hellip;]<\/p>\n","protected":false},"author":1,"featured_media":3033,"comment_status":"open","ping_status":"open","sticky":false,"template":"","format":"standard","meta":{"_uag_custom_page_level_css":"","_monsterinsights_skip_tracking":false,"_monsterinsights_sitenote_active":false,"_monsterinsights_sitenote_note":"","_monsterinsights_sitenote_category":0,"jetpack_post_was_ever_published":false,"_jetpack_newsletter_access":"","_jetpack_dont_email_post_to_subs":false,"_jetpack_newsletter_tier_id":0,"_jetpack_memberships_contains_paywalled_content":false,"_jetpack_memberships_contains_paid_content":false,"footnotes":"","jetpack_publicize_message":"","jetpack_publicize_feature_enabled":true,"jetpack_social_post_already_shared":true,"jetpack_social_options":{"image_generator_settings":{"template":"highway","default_image_id":0,"font":"","enabled":false},"version":2}},"categories":[203],"tags":[744,743,745,143],"class_list":["post-3032","post","type-post","status-publish","format-standard","has-post-thumbnail","hentry","category-juazeiro","tag-catolico","tag-dom-jose-rodrigues","tag-excluidos","tag-juazeiro-da-bahia"],"jetpack_publicize_connections":[],"jetpack_featured_media_url":"https:\/\/blogopara.com.br\/wp-content\/uploads\/2019\/09\/Dom-Jos\u00e9-seteanosdesuapartida.jpeg","uagb_featured_image_src":{"full":["https:\/\/blogopara.com.br\/wp-content\/uploads\/2019\/09\/Dom-Jos\u00e9-seteanosdesuapartida.jpeg",500,500,false],"thumbnail":["https:\/\/blogopara.com.br\/wp-content\/uploads\/2019\/09\/Dom-Jos\u00e9-seteanosdesuapartida-150x150.jpeg",150,150,true],"medium":["https:\/\/blogopara.com.br\/wp-content\/uploads\/2019\/09\/Dom-Jos\u00e9-seteanosdesuapartida-300x300.jpeg",300,300,true],"medium_large":["https:\/\/blogopara.com.br\/wp-content\/uploads\/2019\/09\/Dom-Jos\u00e9-seteanosdesuapartida.jpeg",500,500,false],"large":["https:\/\/blogopara.com.br\/wp-content\/uploads\/2019\/09\/Dom-Jos\u00e9-seteanosdesuapartida.jpeg",500,500,false],"1536x1536":["https:\/\/blogopara.com.br\/wp-content\/uploads\/2019\/09\/Dom-Jos\u00e9-seteanosdesuapartida.jpeg",500,500,false],"2048x2048":["https:\/\/blogopara.com.br\/wp-content\/uploads\/2019\/09\/Dom-Jos\u00e9-seteanosdesuapartida.jpeg",500,500,false],"mantranews-slider-large":["https:\/\/blogopara.com.br\/wp-content\/uploads\/2019\/09\/Dom-Jos\u00e9-seteanosdesuapartida.jpeg",500,500,false],"mantranews-featured-medium":["https:\/\/blogopara.com.br\/wp-content\/uploads\/2019\/09\/Dom-Jos\u00e9-seteanosdesuapartida.jpeg",307,307,false],"mantranews-featured-long":["https:\/\/blogopara.com.br\/wp-content\/uploads\/2019\/09\/Dom-Jos\u00e9-seteanosdesuapartida.jpeg",300,300,false],"mantranews-block-medium":["https:\/\/blogopara.com.br\/wp-content\/uploads\/2019\/09\/Dom-Jos\u00e9-seteanosdesuapartida.jpeg",290,290,false],"mantranews-carousel-image":["https:\/\/blogopara.com.br\/wp-content\/uploads\/2019\/09\/Dom-Jos\u00e9-seteanosdesuapartida.jpeg",500,500,false],"mantranews-block-thumb":["https:\/\/blogopara.com.br\/wp-content\/uploads\/2019\/09\/Dom-Jos\u00e9-seteanosdesuapartida.jpeg",230,230,false],"mantranews-single-large":["https:\/\/blogopara.com.br\/wp-content\/uploads\/2019\/09\/Dom-Jos\u00e9-seteanosdesuapartida.jpeg",500,500,false]},"uagb_author_info":{"display_name":"Reda\u00e7\u00e3o geral","author_link":"https:\/\/blogopara.com.br\/index.php\/author\/blogopara"},"uagb_comment_info":0,"uagb_excerpt":"Episcopado: 16 de fevereiro de 1975 a 30 de agosto de 2003 Lema \u201cEnviou-me para evangelizar os pobres\u201d *\u00a0Para\u00edba do Sul, 25 de mar\u00e7o de 1926 +\u00a0Goi\u00e2nia, 9 de setembro de 2012. Jos\u00e9 Rodrigues de Souza, nasceu em 25 de mar\u00e7o de 1926, em Para\u00edba do Sul\/ RJ. Era ainda crian\u00e7a quando sua fam\u00edlia se&hellip;","jetpack_sharing_enabled":true,"jetpack_likes_enabled":true,"_links":{"self":[{"href":"https:\/\/blogopara.com.br\/index.php\/wp-json\/wp\/v2\/posts\/3032","targetHints":{"allow":["GET"]}}],"collection":[{"href":"https:\/\/blogopara.com.br\/index.php\/wp-json\/wp\/v2\/posts"}],"about":[{"href":"https:\/\/blogopara.com.br\/index.php\/wp-json\/wp\/v2\/types\/post"}],"author":[{"embeddable":true,"href":"https:\/\/blogopara.com.br\/index.php\/wp-json\/wp\/v2\/users\/1"}],"replies":[{"embeddable":true,"href":"https:\/\/blogopara.com.br\/index.php\/wp-json\/wp\/v2\/comments?post=3032"}],"version-history":[{"count":1,"href":"https:\/\/blogopara.com.br\/index.php\/wp-json\/wp\/v2\/posts\/3032\/revisions"}],"predecessor-version":[{"id":3034,"href":"https:\/\/blogopara.com.br\/index.php\/wp-json\/wp\/v2\/posts\/3032\/revisions\/3034"}],"wp:featuredmedia":[{"embeddable":true,"href":"https:\/\/blogopara.com.br\/index.php\/wp-json\/wp\/v2\/media\/3033"}],"wp:attachment":[{"href":"https:\/\/blogopara.com.br\/index.php\/wp-json\/wp\/v2\/media?parent=3032"}],"wp:term":[{"taxonomy":"category","embeddable":true,"href":"https:\/\/blogopara.com.br\/index.php\/wp-json\/wp\/v2\/categories?post=3032"},{"taxonomy":"post_tag","embeddable":true,"href":"https:\/\/blogopara.com.br\/index.php\/wp-json\/wp\/v2\/tags?post=3032"}],"curies":[{"name":"wp","href":"https:\/\/api.w.org\/{rel}","templated":true}]}}